{"id":3748,"date":"2024-11-19T08:59:16","date_gmt":"2024-11-19T07:59:16","guid":{"rendered":"https:\/\/udruga-106br.hr\/?p=3748"},"modified":"2025-10-17T19:21:57","modified_gmt":"2025-10-17T17:21:57","slug":"poziv-na-obiljezavanje-22-11-u-11-00-h-33-obljetnice-borbe-za-obrambenu-crtu-selesa","status":"publish","type":"post","link":"https:\/\/udruga-106br.hr\/index.php\/poziv-na-obiljezavanje-22-11-u-11-00-h-33-obljetnice-borbe-za-obrambenu-crtu-selesa\/","title":{"rendered":"Poziv na obilje\u017eavanje \u2013 22.11. u 11.00 h &#8211; 33. obljetnice borbe za obrambenu crtu Sele\u0161a"},"content":{"rendered":"\n<p>Udruga veterana 106. brigade Osijek je pozvana da na dan 22.11. u 11.00 sati kod spomenika BIJELI KRI\u017d na lokaciji stari Sele\u0161 obilje\u017ei 33. obljetnicu borbe za obrambenu crtu Sele\u0161a.<\/p>\n\n\n\n<p>Pozivamo sve zainteresirane da se pridru\u017ee ovom doga\u0111aju.<\/p>\n\n\n\n<figure class=\"wp-block-image size-full\"><img loading=\"lazy\" decoding=\"async\" width=\"868\" height=\"748\" src=\"https:\/\/udruga-106br.hr\/wp-content\/uploads\/2024\/11\/22.11.-Seles.png\" alt=\"\" class=\"wp-image-3749\" srcset=\"https:\/\/udruga-106br.hr\/wp-content\/uploads\/2024\/11\/22.11.-Seles.png 868w, https:\/\/udruga-106br.hr\/wp-content\/uploads\/2024\/11\/22.11.-Seles-300x259.png 300w, https:\/\/udruga-106br.hr\/wp-content\/uploads\/2024\/11\/22.11.-Seles-768x662.png 768w\" sizes=\"auto, (max-width: 868px) 100vw, 868px\" \/><\/figure>\n<!-- AddThis Advanced Settings generic via filter on the_content --><!-- AddThis Share Buttons generic via filter on the_content -->","protected":false},"excerpt":{"rendered":"<p>Udruga veterana 106. brigade Osijek je pozvana da na dan 22.11. u 11.00 sati kod spomenika BIJELI KRI\u017d na lokaciji stari Sele\u0161 obilje\u017ei 33. obljetnicu borbe za obrambenu crtu Sele\u0161a. Pozivamo sve zainteresirane da se pridru\u017ee ovom doga\u0111aju.<!-- AddThis Advanced Settings generic via filter on get_the_excerpt --><!-- AddThis Share Buttons generic via filter on get_the_excerpt --><\/p>\n","protected":false},"author":1,"featured_media":0,"comment_status":"closed","ping_status":"closed","sticky":false,"template":"","format":"standard","meta":{"footnotes":""},"categories":[32],"tags":[],"class_list":["post-3748","post","type-post","status-publish","format-standard","hentry","category-iz-zivota-udruge"],"_links":{"self":[{"href":"https:\/\/udruga-106br.hr\/index.php\/wp-json\/wp\/v2\/posts\/3748","targetHints":{"allow":["GET"]}}],"collection":[{"href":"https:\/\/udruga-106br.hr\/index.php\/wp-json\/wp\/v2\/posts"}],"about":[{"href":"https:\/\/udruga-106br.hr\/index.php\/wp-json\/wp\/v2\/types\/post"}],"author":[{"embeddable":true,"href":"https:\/\/udruga-106br.hr\/index.php\/wp-json\/wp\/v2\/users\/1"}],"replies":[{"embeddable":true,"href":"https:\/\/udruga-106br.hr\/index.php\/wp-json\/wp\/v2\/comments?post=3748"}],"version-history":[{"count":1,"href":"https:\/\/udruga-106br.hr\/index.php\/wp-json\/wp\/v2\/posts\/3748\/revisions"}],"predecessor-version":[{"id":3750,"href":"https:\/\/udruga-106br.hr\/index.php\/wp-json\/wp\/v2\/posts\/3748\/revisions\/3750"}],"wp:attachment":[{"href":"https:\/\/udruga-106br.hr\/index.php\/wp-json\/wp\/v2\/media?parent=3748"}],"wp:term":[{"taxonomy":"category","embeddable":true,"href":"https:\/\/udruga-106br.hr\/index.php\/wp-json\/wp\/v2\/categories?post=3748"},{"taxonomy":"post_tag","embeddable":true,"href":"https:\/\/udruga-106br.hr\/index.php\/wp-json\/wp\/v2\/tags?post=3748"}],"curies":[{"name":"wp","href":"https:\/\/api.w.org\/{rel}","templated":true}]}}