{"id":3753,"date":"2024-11-22T21:39:59","date_gmt":"2024-11-22T20:39:59","guid":{"rendered":"https:\/\/udruga-106br.hr\/?p=3753"},"modified":"2025-10-17T19:21:57","modified_gmt":"2025-10-17T17:21:57","slug":"posjet-koji-cemo-pamtiti-gospoda-natasa-tramisak-u-drustvu-veterana-106-brigade-osijek","status":"publish","type":"post","link":"https:\/\/udruga-106br.hr\/index.php\/posjet-koji-cemo-pamtiti-gospoda-natasa-tramisak-u-drustvu-veterana-106-brigade-osijek\/","title":{"rendered":"POSJET KOJI \u0106EMO PAMTITI \u2013 GOSPO\u0110A NATA\u0160A TRAMI\u0160AK U DRU\u0160TVU VETERANA 106. BRIGADE OSIJEK"},"content":{"rendered":"\n<p>S velikim zadovoljstvom i ponosom danas smo ugostili gospo\u0111u Nata\u0161u Trami\u0161ak, koja se odazvala na\u0161em pozivu i provela s nama dva sata u izuzetno ugodnom i konstruktivnom razgovoru.<\/p>\n\n\n\n<p>Tijekom susreta imali smo priliku:<br> &#8211; Detaljno ju upoznati s radom na\u0161e Udruge i na\u0161im aktivnostima,<br> &#8211; Prezentirati dosada\u0161nje projekte i ostvarene rezultate,<br> &#8211; Razgovarati o planovima za budu\u0107nost i viziji daljnjeg djelovanja Udruge.<\/p>\n\n\n\n<figure class=\"wp-block-image size-large\"><img loading=\"lazy\" decoding=\"async\" width=\"1024\" height=\"768\" src=\"https:\/\/udruga-106br.hr\/wp-content\/uploads\/2024\/11\/22.11.-Natasa-posjet-1-1024x768.jpg\" alt=\"\" class=\"wp-image-3757\" srcset=\"https:\/\/udruga-106br.hr\/wp-content\/uploads\/2024\/11\/22.11.-Natasa-posjet-1-1024x768.jpg 1024w, https:\/\/udruga-106br.hr\/wp-content\/uploads\/2024\/11\/22.11.-Natasa-posjet-1-300x225.jpg 300w, https:\/\/udruga-106br.hr\/wp-content\/uploads\/2024\/11\/22.11.-Natasa-posjet-1-768x576.jpg 768w, https:\/\/udruga-106br.hr\/wp-content\/uploads\/2024\/11\/22.11.-Natasa-posjet-1-1536x1152.jpg 1536w, https:\/\/udruga-106br.hr\/wp-content\/uploads\/2024\/11\/22.11.-Natasa-posjet-1.jpg 1600w\" sizes=\"auto, (max-width: 1024px) 100vw, 1024px\" \/><\/figure>\n\n\n\n<figure class=\"wp-block-gallery has-nested-images columns-default is-cropped wp-block-gallery-1 is-layout-flex wp-block-gallery-is-layout-flex\">\n<figure class=\"wp-block-image size-large\"><img loading=\"lazy\" decoding=\"async\" width=\"768\" height=\"1024\" data-id=\"3755\" src=\"https:\/\/udruga-106br.hr\/wp-content\/uploads\/2024\/11\/22.11.-Natasa-posjet1-768x1024.jpg\" alt=\"\" class=\"wp-image-3755\" srcset=\"https:\/\/udruga-106br.hr\/wp-content\/uploads\/2024\/11\/22.11.-Natasa-posjet1-768x1024.jpg 768w, https:\/\/udruga-106br.hr\/wp-content\/uploads\/2024\/11\/22.11.-Natasa-posjet1-225x300.jpg 225w, https:\/\/udruga-106br.hr\/wp-content\/uploads\/2024\/11\/22.11.-Natasa-posjet1-1152x1536.jpg 1152w, https:\/\/udruga-106br.hr\/wp-content\/uploads\/2024\/11\/22.11.-Natasa-posjet1.jpg 1200w\" sizes=\"auto, (max-width: 768px) 100vw, 768px\" \/><\/figure>\n\n\n\n<figure class=\"wp-block-image size-large\"><img loading=\"lazy\" decoding=\"async\" width=\"768\" height=\"1024\" data-id=\"3756\" src=\"https:\/\/udruga-106br.hr\/wp-content\/uploads\/2024\/11\/22.11.-Natasa-posjet2-768x1024.jpg\" alt=\"\" class=\"wp-image-3756\" srcset=\"https:\/\/udruga-106br.hr\/wp-content\/uploads\/2024\/11\/22.11.-Natasa-posjet2-768x1024.jpg 768w, https:\/\/udruga-106br.hr\/wp-content\/uploads\/2024\/11\/22.11.-Natasa-posjet2-225x300.jpg 225w, https:\/\/udruga-106br.hr\/wp-content\/uploads\/2024\/11\/22.11.-Natasa-posjet2-1152x1536.jpg 1152w, https:\/\/udruga-106br.hr\/wp-content\/uploads\/2024\/11\/22.11.-Natasa-posjet2.jpg 1200w\" sizes=\"auto, (max-width: 768px) 100vw, 768px\" \/><\/figure>\n<\/figure>\n\n\n\n<p>Posebno smo bili ponosni kada smo gospo\u0111u Trami\u0161ak poveli u obilazak na\u0161e Spomen sobe, mjesta koje \u010duva uspomenu na herojsku povijest i \u017ertvu pripadnika 106. brigade. Tamo je s velikim po\u0161tovanjem pregledala eksponate i ostavila dirljivu poruku u na\u0161oj Knjizi utisaka, \u010dime je zauvijek ostavila svoj trag me\u0111u prijateljima Udruge.<\/p>\n\n\n\n<figure class=\"wp-block-gallery has-nested-images columns-default is-cropped wp-block-gallery-2 is-layout-flex wp-block-gallery-is-layout-flex\">\n<figure class=\"wp-block-image size-large\"><img loading=\"lazy\" decoding=\"async\" width=\"1024\" height=\"768\" data-id=\"3758\" src=\"https:\/\/udruga-106br.hr\/wp-content\/uploads\/2024\/11\/22.11.-Natasa-posjet3-1024x768.jpg\" alt=\"\" class=\"wp-image-3758\" srcset=\"https:\/\/udruga-106br.hr\/wp-content\/uploads\/2024\/11\/22.11.-Natasa-posjet3-1024x768.jpg 1024w, https:\/\/udruga-106br.hr\/wp-content\/uploads\/2024\/11\/22.11.-Natasa-posjet3-300x225.jpg 300w, https:\/\/udruga-106br.hr\/wp-content\/uploads\/2024\/11\/22.11.-Natasa-posjet3-768x576.jpg 768w, https:\/\/udruga-106br.hr\/wp-content\/uploads\/2024\/11\/22.11.-Natasa-posjet3-1536x1152.jpg 1536w, https:\/\/udruga-106br.hr\/wp-content\/uploads\/2024\/11\/22.11.-Natasa-posjet3.jpg 1600w\" sizes=\"auto, (max-width: 1024px) 100vw, 1024px\" \/><\/figure>\n\n\n\n<figure class=\"wp-block-image size-large\"><img loading=\"lazy\" decoding=\"async\" width=\"1024\" height=\"768\" data-id=\"3761\" src=\"https:\/\/udruga-106br.hr\/wp-content\/uploads\/2024\/11\/22.11.-Natasa-posjet4-1024x768.jpg\" alt=\"\" class=\"wp-image-3761\" srcset=\"https:\/\/udruga-106br.hr\/wp-content\/uploads\/2024\/11\/22.11.-Natasa-posjet4-1024x768.jpg 1024w, https:\/\/udruga-106br.hr\/wp-content\/uploads\/2024\/11\/22.11.-Natasa-posjet4-300x225.jpg 300w, https:\/\/udruga-106br.hr\/wp-content\/uploads\/2024\/11\/22.11.-Natasa-posjet4-768x576.jpg 768w, https:\/\/udruga-106br.hr\/wp-content\/uploads\/2024\/11\/22.11.-Natasa-posjet4-1536x1152.jpg 1536w, https:\/\/udruga-106br.hr\/wp-content\/uploads\/2024\/11\/22.11.-Natasa-posjet4.jpg 1600w\" sizes=\"auto, (max-width: 1024px) 100vw, 1024px\" \/><\/figure>\n<\/figure>\n\n\n\n<p><\/p>\n\n\n\n<figure class=\"wp-block-gallery has-nested-images columns-default is-cropped wp-block-gallery-3 is-layout-flex wp-block-gallery-is-layout-flex\">\n<figure class=\"wp-block-image size-large\"><img loading=\"lazy\" decoding=\"async\" width=\"575\" height=\"1024\" data-id=\"3764\" src=\"https:\/\/udruga-106br.hr\/wp-content\/uploads\/2024\/11\/22.11.-Natasa-posjet5-1-575x1024.jpg\" alt=\"\" class=\"wp-image-3764\" srcset=\"https:\/\/udruga-106br.hr\/wp-content\/uploads\/2024\/11\/22.11.-Natasa-posjet5-1-575x1024.jpg 575w, https:\/\/udruga-106br.hr\/wp-content\/uploads\/2024\/11\/22.11.-Natasa-posjet5-1-168x300.jpg 168w, https:\/\/udruga-106br.hr\/wp-content\/uploads\/2024\/11\/22.11.-Natasa-posjet5-1-768x1368.jpg 768w, https:\/\/udruga-106br.hr\/wp-content\/uploads\/2024\/11\/22.11.-Natasa-posjet5-1-863x1536.jpg 863w, https:\/\/udruga-106br.hr\/wp-content\/uploads\/2024\/11\/22.11.-Natasa-posjet5-1.jpg 898w\" sizes=\"auto, (max-width: 575px) 100vw, 575px\" \/><\/figure>\n\n\n\n<figure class=\"wp-block-image size-large\"><img loading=\"lazy\" decoding=\"async\" width=\"768\" height=\"1024\" data-id=\"3766\" src=\"https:\/\/udruga-106br.hr\/wp-content\/uploads\/2024\/11\/22.11.-Natasa-posjet7-1-768x1024.jpg\" alt=\"\" class=\"wp-image-3766\" srcset=\"https:\/\/udruga-106br.hr\/wp-content\/uploads\/2024\/11\/22.11.-Natasa-posjet7-1-768x1024.jpg 768w, https:\/\/udruga-106br.hr\/wp-content\/uploads\/2024\/11\/22.11.-Natasa-posjet7-1-225x300.jpg 225w, https:\/\/udruga-106br.hr\/wp-content\/uploads\/2024\/11\/22.11.-Natasa-posjet7-1-1152x1536.jpg 1152w, https:\/\/udruga-106br.hr\/wp-content\/uploads\/2024\/11\/22.11.-Natasa-posjet7-1.jpg 1200w\" sizes=\"auto, (max-width: 768px) 100vw, 768px\" \/><\/figure>\n<\/figure>\n\n\n\n<figure class=\"wp-block-gallery has-nested-images columns-default is-cropped wp-block-gallery-4 is-layout-flex wp-block-gallery-is-layout-flex\">\n<figure class=\"wp-block-image size-large\"><img loading=\"lazy\" decoding=\"async\" width=\"768\" height=\"1024\" data-id=\"3768\" src=\"https:\/\/udruga-106br.hr\/wp-content\/uploads\/2024\/11\/22.11.-Natasa-posjet7-2-768x1024.jpg\" alt=\"\" class=\"wp-image-3768\" srcset=\"https:\/\/udruga-106br.hr\/wp-content\/uploads\/2024\/11\/22.11.-Natasa-posjet7-2-768x1024.jpg 768w, https:\/\/udruga-106br.hr\/wp-content\/uploads\/2024\/11\/22.11.-Natasa-posjet7-2-225x300.jpg 225w, https:\/\/udruga-106br.hr\/wp-content\/uploads\/2024\/11\/22.11.-Natasa-posjet7-2-1152x1536.jpg 1152w, https:\/\/udruga-106br.hr\/wp-content\/uploads\/2024\/11\/22.11.-Natasa-posjet7-2.jpg 1200w\" sizes=\"auto, (max-width: 768px) 100vw, 768px\" \/><\/figure>\n\n\n\n<figure class=\"wp-block-image size-large\"><img loading=\"lazy\" decoding=\"async\" width=\"768\" height=\"1024\" data-id=\"3767\" src=\"https:\/\/udruga-106br.hr\/wp-content\/uploads\/2024\/11\/22.11.-Natasa-posjet8-1-768x1024.jpg\" alt=\"\" class=\"wp-image-3767\" srcset=\"https:\/\/udruga-106br.hr\/wp-content\/uploads\/2024\/11\/22.11.-Natasa-posjet8-1-768x1024.jpg 768w, https:\/\/udruga-106br.hr\/wp-content\/uploads\/2024\/11\/22.11.-Natasa-posjet8-1-225x300.jpg 225w, https:\/\/udruga-106br.hr\/wp-content\/uploads\/2024\/11\/22.11.-Natasa-posjet8-1-1152x1536.jpg 1152w, https:\/\/udruga-106br.hr\/wp-content\/uploads\/2024\/11\/22.11.-Natasa-posjet8-1.jpg 1200w\" sizes=\"auto, (max-width: 768px) 100vw, 768px\" \/><\/figure>\n<\/figure>\n\n\n\n<p>Ovaj susret bio je iznimno va\u017ean i motiviraju\u0107i za sve nas, jer je gospo\u0111a Trami\u0161ak izrazila podr\u0161ku na\u0161em radu i obe\u0107ala nastavak suradnje. S velikim zadovoljstvom mo\u017eemo najaviti da \u0107emo se ponovno vidjeti i idu\u0107e godine!<\/p>\n\n\n\n<p>Hvala gospo\u0111i Trami\u0161ak na izdvojenom vremenu, toplim rije\u010dima i iskrenom interesu za na\u0161u Udrugu, kao i na zajedni\u010dkom nastojanju da o\u010duvamo sje\u0107anje na dane ponosa i slave 106. brigade Osijek. <\/p>\n<!-- AddThis Advanced Settings generic via filter on the_content --><!-- AddThis Share Buttons generic via filter on the_content -->","protected":false},"excerpt":{"rendered":"<p>S velikim zadovoljstvom i ponosom danas smo ugostili gospo\u0111u Nata\u0161u Trami\u0161ak, koja se odazvala na\u0161em pozivu i provela s nama dva sata u izuzetno ugodnom i konstruktivnom razgovoru. Tijekom susreta imali smo priliku: &#8211; Detaljno ju upoznati s radom na\u0161e Udruge i na\u0161im aktivnostima, &#8211; Prezentirati dosada\u0161nje projekte i ostvarene rezultate, &#8211; Razgovarati o planovima &hellip; <a href=\"https:\/\/udruga-106br.hr\/index.php\/posjet-koji-cemo-pamtiti-gospoda-natasa-tramisak-u-drustvu-veterana-106-brigade-osijek\/\" class=\"more-link\">Nastavi \u010ditati <span class=\"screen-reader-text\">POSJET KOJI \u0106EMO PAMTITI \u2013 GOSPO\u0110A NATA\u0160A TRAMI\u0160AK U DRU\u0160TVU VETERANA 106. BRIGADE OSIJEK<\/span><\/a><!-- AddThis Advanced Settings generic via filter on get_the_excerpt --><!-- AddThis Share Buttons generic via filter on get_the_excerpt --><\/p>\n","protected":false},"author":1,"featured_media":0,"comment_status":"closed","ping_status":"closed","sticky":false,"template":"","format":"standard","meta":{"footnotes":""},"categories":[32],"tags":[],"class_list":["post-3753","post","type-post","status-publish","format-standard","hentry","category-iz-zivota-udruge"],"_links":{"self":[{"href":"https:\/\/udruga-106br.hr\/index.php\/wp-json\/wp\/v2\/posts\/3753","targetHints":{"allow":["GET"]}}],"collection":[{"href":"https:\/\/udruga-106br.hr\/index.php\/wp-json\/wp\/v2\/posts"}],"about":[{"href":"https:\/\/udruga-106br.hr\/index.php\/wp-json\/wp\/v2\/types\/post"}],"author":[{"embeddable":true,"href":"https:\/\/udruga-106br.hr\/index.php\/wp-json\/wp\/v2\/users\/1"}],"replies":[{"embeddable":true,"href":"https:\/\/udruga-106br.hr\/index.php\/wp-json\/wp\/v2\/comments?post=3753"}],"version-history":[{"count":1,"href":"https:\/\/udruga-106br.hr\/index.php\/wp-json\/wp\/v2\/posts\/3753\/revisions"}],"predecessor-version":[{"id":3769,"href":"https:\/\/udruga-106br.hr\/index.php\/wp-json\/wp\/v2\/posts\/3753\/revisions\/3769"}],"wp:attachment":[{"href":"https:\/\/udruga-106br.hr\/index.php\/wp-json\/wp\/v2\/media?parent=3753"}],"wp:term":[{"taxonomy":"category","embeddable":true,"href":"https:\/\/udruga-106br.hr\/index.php\/wp-json\/wp\/v2\/categories?post=3753"},{"taxonomy":"post_tag","embeddable":true,"href":"https:\/\/udruga-106br.hr\/index.php\/wp-json\/wp\/v2\/tags?post=3753"}],"curies":[{"name":"wp","href":"https:\/\/api.w.org\/{rel}","templated":true}]}}