{"id":3771,"date":"2024-11-24T20:10:48","date_gmt":"2024-11-24T19:10:48","guid":{"rendered":"https:\/\/udruga-106br.hr\/?p=3771"},"modified":"2025-10-17T19:21:57","modified_gmt":"2025-10-17T17:21:57","slug":"24-11-2024-33-obljetnica-tuznog-i-bolnog-sjecanja-na-poginule-i-umrle-hrvatske-branitelje-i-civile-laslova-tijekom-domovinskog-rata","status":"publish","type":"post","link":"https:\/\/udruga-106br.hr\/index.php\/24-11-2024-33-obljetnica-tuznog-i-bolnog-sjecanja-na-poginule-i-umrle-hrvatske-branitelje-i-civile-laslova-tijekom-domovinskog-rata\/","title":{"rendered":"24.11.2024. &#8211; 33. obljetnica tu\u017enog i bolnog sje\u0107anja na poginule i umrle hrvatske branitelje i civile Laslova tijekom Domovinskog rata"},"content":{"rendered":"\n<p>&#8211; Sje\u0107anje na heroje Laslova &#8211;<\/p>\n\n\n\n<p>Danas smo obilje\u017eili 33. obljetnicu tu\u017enog i bolnog sje\u0107anja na poginule i umrle hrvatske branitelje i civile Laslova tijekom Domovinskog rata.<\/p>\n\n\n\n<p>Na ovaj dan, 24. studenog 1991. godine, Laslovo je palo pod okupaciju neprijateljskih snaga, no herojska obrana Laslova ostat \u0107e zauvijek upisana u povijest kao simbol hrabrosti, \u017ertve i neslomljivog duha hrvatskih branitelja i civila.<\/p>\n\n\n\n<p>Paljenjem svije\u0107a odali smo po\u010dast svim poginulim i umrlim herojima, \u010duvaju\u0107i uspomenu na njihovu hrabrost i ljubav prema domovini.<\/p>\n\n\n\n<p>Po\u010divali u miru. Nikada ne\u0107emo zaboraviti.<\/p>\n\n\n\n<figure class=\"wp-block-gallery has-nested-images columns-default is-cropped wp-block-gallery-1 is-layout-flex wp-block-gallery-is-layout-flex\">\n<figure class=\"wp-block-image size-large\"><img loading=\"lazy\" decoding=\"async\" width=\"1024\" height=\"771\" data-id=\"3772\" src=\"https:\/\/udruga-106br.hr\/wp-content\/uploads\/2024\/11\/24.11.-Laslovo-1024x771.jpg\" alt=\"\" class=\"wp-image-3772\" srcset=\"https:\/\/udruga-106br.hr\/wp-content\/uploads\/2024\/11\/24.11.-Laslovo-1024x771.jpg 1024w, https:\/\/udruga-106br.hr\/wp-content\/uploads\/2024\/11\/24.11.-Laslovo-300x226.jpg 300w, https:\/\/udruga-106br.hr\/wp-content\/uploads\/2024\/11\/24.11.-Laslovo-768x578.jpg 768w, https:\/\/udruga-106br.hr\/wp-content\/uploads\/2024\/11\/24.11.-Laslovo-1536x1157.jpg 1536w, https:\/\/udruga-106br.hr\/wp-content\/uploads\/2024\/11\/24.11.-Laslovo.jpg 1600w\" sizes=\"auto, (max-width: 1024px) 100vw, 1024px\" \/><\/figure>\n\n\n\n<figure class=\"wp-block-image size-large\"><img loading=\"lazy\" decoding=\"async\" width=\"1024\" height=\"771\" data-id=\"3774\" src=\"https:\/\/udruga-106br.hr\/wp-content\/uploads\/2024\/11\/24.11.-Laslovo1-1024x771.jpg\" alt=\"\" class=\"wp-image-3774\" srcset=\"https:\/\/udruga-106br.hr\/wp-content\/uploads\/2024\/11\/24.11.-Laslovo1-1024x771.jpg 1024w, https:\/\/udruga-106br.hr\/wp-content\/uploads\/2024\/11\/24.11.-Laslovo1-300x226.jpg 300w, https:\/\/udruga-106br.hr\/wp-content\/uploads\/2024\/11\/24.11.-Laslovo1-768x578.jpg 768w, https:\/\/udruga-106br.hr\/wp-content\/uploads\/2024\/11\/24.11.-Laslovo1-1536x1157.jpg 1536w, https:\/\/udruga-106br.hr\/wp-content\/uploads\/2024\/11\/24.11.-Laslovo1.jpg 1600w\" sizes=\"auto, (max-width: 1024px) 100vw, 1024px\" \/><\/figure>\n\n\n\n<figure class=\"wp-block-image size-large\"><img loading=\"lazy\" decoding=\"async\" width=\"1024\" height=\"771\" data-id=\"3775\" src=\"https:\/\/udruga-106br.hr\/wp-content\/uploads\/2024\/11\/24.11.-Laslovo2-1024x771.jpg\" alt=\"\" class=\"wp-image-3775\" srcset=\"https:\/\/udruga-106br.hr\/wp-content\/uploads\/2024\/11\/24.11.-Laslovo2-1024x771.jpg 1024w, https:\/\/udruga-106br.hr\/wp-content\/uploads\/2024\/11\/24.11.-Laslovo2-300x226.jpg 300w, https:\/\/udruga-106br.hr\/wp-content\/uploads\/2024\/11\/24.11.-Laslovo2-768x578.jpg 768w, https:\/\/udruga-106br.hr\/wp-content\/uploads\/2024\/11\/24.11.-Laslovo2-1536x1157.jpg 1536w, https:\/\/udruga-106br.hr\/wp-content\/uploads\/2024\/11\/24.11.-Laslovo2.jpg 1600w\" sizes=\"auto, (max-width: 1024px) 100vw, 1024px\" \/><\/figure>\n\n\n\n<figure class=\"wp-block-image size-large\"><img loading=\"lazy\" decoding=\"async\" width=\"1024\" height=\"771\" data-id=\"3773\" src=\"https:\/\/udruga-106br.hr\/wp-content\/uploads\/2024\/11\/24.11.-Laslovo3-1024x771.jpg\" alt=\"\" class=\"wp-image-3773\" srcset=\"https:\/\/udruga-106br.hr\/wp-content\/uploads\/2024\/11\/24.11.-Laslovo3-1024x771.jpg 1024w, https:\/\/udruga-106br.hr\/wp-content\/uploads\/2024\/11\/24.11.-Laslovo3-300x226.jpg 300w, https:\/\/udruga-106br.hr\/wp-content\/uploads\/2024\/11\/24.11.-Laslovo3-768x578.jpg 768w, https:\/\/udruga-106br.hr\/wp-content\/uploads\/2024\/11\/24.11.-Laslovo3-1536x1157.jpg 1536w, https:\/\/udruga-106br.hr\/wp-content\/uploads\/2024\/11\/24.11.-Laslovo3.jpg 1600w\" sizes=\"auto, (max-width: 1024px) 100vw, 1024px\" \/><\/figure>\n<\/figure>\n<!-- AddThis Advanced Settings generic via filter on the_content --><!-- AddThis Share Buttons generic via filter on the_content -->","protected":false},"excerpt":{"rendered":"<p>&#8211; Sje\u0107anje na heroje Laslova &#8211; Danas smo obilje\u017eili 33. obljetnicu tu\u017enog i bolnog sje\u0107anja na poginule i umrle hrvatske branitelje i civile Laslova tijekom Domovinskog rata. Na ovaj dan, 24. studenog 1991. godine, Laslovo je palo pod okupaciju neprijateljskih snaga, no herojska obrana Laslova ostat \u0107e zauvijek upisana u povijest kao simbol hrabrosti, \u017ertve &hellip; <a href=\"https:\/\/udruga-106br.hr\/index.php\/24-11-2024-33-obljetnica-tuznog-i-bolnog-sjecanja-na-poginule-i-umrle-hrvatske-branitelje-i-civile-laslova-tijekom-domovinskog-rata\/\" class=\"more-link\">Nastavi \u010ditati <span class=\"screen-reader-text\">24.11.2024. &#8211; 33. obljetnica tu\u017enog i bolnog sje\u0107anja na poginule i umrle hrvatske branitelje i civile Laslova tijekom Domovinskog rata<\/span><\/a><!-- AddThis Advanced Settings generic via filter on get_the_excerpt --><!-- AddThis Share Buttons generic via filter on get_the_excerpt --><\/p>\n","protected":false},"author":1,"featured_media":0,"comment_status":"closed","ping_status":"closed","sticky":false,"template":"","format":"standard","meta":{"footnotes":""},"categories":[32],"tags":[],"class_list":["post-3771","post","type-post","status-publish","format-standard","hentry","category-iz-zivota-udruge"],"_links":{"self":[{"href":"https:\/\/udruga-106br.hr\/index.php\/wp-json\/wp\/v2\/posts\/3771","targetHints":{"allow":["GET"]}}],"collection":[{"href":"https:\/\/udruga-106br.hr\/index.php\/wp-json\/wp\/v2\/posts"}],"about":[{"href":"https:\/\/udruga-106br.hr\/index.php\/wp-json\/wp\/v2\/types\/post"}],"author":[{"embeddable":true,"href":"https:\/\/udruga-106br.hr\/index.php\/wp-json\/wp\/v2\/users\/1"}],"replies":[{"embeddable":true,"href":"https:\/\/udruga-106br.hr\/index.php\/wp-json\/wp\/v2\/comments?post=3771"}],"version-history":[{"count":1,"href":"https:\/\/udruga-106br.hr\/index.php\/wp-json\/wp\/v2\/posts\/3771\/revisions"}],"predecessor-version":[{"id":3776,"href":"https:\/\/udruga-106br.hr\/index.php\/wp-json\/wp\/v2\/posts\/3771\/revisions\/3776"}],"wp:attachment":[{"href":"https:\/\/udruga-106br.hr\/index.php\/wp-json\/wp\/v2\/media?parent=3771"}],"wp:term":[{"taxonomy":"category","embeddable":true,"href":"https:\/\/udruga-106br.hr\/index.php\/wp-json\/wp\/v2\/categories?post=3771"},{"taxonomy":"post_tag","embeddable":true,"href":"https:\/\/udruga-106br.hr\/index.php\/wp-json\/wp\/v2\/tags?post=3771"}],"curies":[{"name":"wp","href":"https:\/\/api.w.org\/{rel}","templated":true}]}}