{"id":3781,"date":"2024-11-26T09:43:06","date_gmt":"2024-11-26T08:43:06","guid":{"rendered":"https:\/\/udruga-106br.hr\/?p=3781"},"modified":"2025-10-17T19:21:57","modified_gmt":"2025-10-17T17:21:57","slug":"pozivnica-za-svecano-obiljezavanje-postavljanja-spomen-ploce-biskupu-mikelu-summi-1695-1777-28-11-2024","status":"publish","type":"post","link":"https:\/\/udruga-106br.hr\/index.php\/pozivnica-za-svecano-obiljezavanje-postavljanja-spomen-ploce-biskupu-mikelu-summi-1695-1777-28-11-2024\/","title":{"rendered":"Pozivnica za sve\u010dano obilje\u017eavanje postavljanja spomen-plo\u010de biskupu Mikelu Summi (1695. \u2013 1777.) &#8211; 28.11.2024."},"content":{"rendered":"\n<p>Dragi prijatelji i pratitelji,<\/p>\n\n\n\n<p>s ponosom Vas obavje\u0161tavamo da su predstavnici Udruge veterana 106. brigade Osijek pozvani na sve\u010danost povodom postavljanja spomen-plo\u010de biskupu Mikelu Summi, koja \u0107e se odr\u017eati u \u010detvrtak, 28. studenog 2024. godine, u Tvr\u0111i (Ulica Franje Markovi\u0107a 7, Osijek).<\/p>\n\n\n\n<p>Program doga\u0111anja:<br>&#8211; 16:00 &#8211; Sveta misa u crkvi Svetog Kri\u017ea \u2013 Svetog Ante, Tvr\u0111a<br>&#8211; 17:00 &#8211; Blagoslov spomen-plo\u010de na adresi Ulica Franje Markovi\u0107a 7, Osijek<br>&#8211; 18:00 &#8211; Predstavljanje knjige Mikel Summa arqipeshk\u00ebv i Shkupit (1695. \u2013 1777.) autora Frok Zefi u Staroj Pekari \u2013 Kulturni centar Osijek, Tvr\u0111a<\/p>\n\n\n\n<p>Nakon sve\u010danog programa, predvi\u0111eno je dru\u017eenje uz domjenak.<\/p>\n\n\n\n<p>Zahvaljujemo organizatorima na pozivu i radujemo se sudjelovanju na ovom zna\u010dajnom doga\u0111aju!<\/p>\n\n\n\n<figure class=\"wp-block-image size-large\"><img loading=\"lazy\" decoding=\"async\" width=\"1024\" height=\"718\" src=\"https:\/\/udruga-106br.hr\/wp-content\/uploads\/2024\/11\/Pozivnica_28.11.-1024x718.png\" alt=\"\" class=\"wp-image-3782\" srcset=\"https:\/\/udruga-106br.hr\/wp-content\/uploads\/2024\/11\/Pozivnica_28.11.-1024x718.png 1024w, https:\/\/udruga-106br.hr\/wp-content\/uploads\/2024\/11\/Pozivnica_28.11.-300x210.png 300w, https:\/\/udruga-106br.hr\/wp-content\/uploads\/2024\/11\/Pozivnica_28.11.-768x538.png 768w, https:\/\/udruga-106br.hr\/wp-content\/uploads\/2024\/11\/Pozivnica_28.11..png 1278w\" sizes=\"auto, (max-width: 1024px) 100vw, 1024px\" \/><\/figure>\n<!-- AddThis Advanced Settings generic via filter on the_content --><!-- AddThis Share Buttons generic via filter on the_content -->","protected":false},"excerpt":{"rendered":"<p>Dragi prijatelji i pratitelji, s ponosom Vas obavje\u0161tavamo da su predstavnici Udruge veterana 106. brigade Osijek pozvani na sve\u010danost povodom postavljanja spomen-plo\u010de biskupu Mikelu Summi, koja \u0107e se odr\u017eati u \u010detvrtak, 28. studenog 2024. godine, u Tvr\u0111i (Ulica Franje Markovi\u0107a 7, Osijek). Program doga\u0111anja:&#8211; 16:00 &#8211; Sveta misa u crkvi Svetog Kri\u017ea \u2013 Svetog Ante, &hellip; <a href=\"https:\/\/udruga-106br.hr\/index.php\/pozivnica-za-svecano-obiljezavanje-postavljanja-spomen-ploce-biskupu-mikelu-summi-1695-1777-28-11-2024\/\" class=\"more-link\">Nastavi \u010ditati <span class=\"screen-reader-text\">Pozivnica za sve\u010dano obilje\u017eavanje postavljanja spomen-plo\u010de biskupu Mikelu Summi (1695. \u2013 1777.) &#8211; 28.11.2024.<\/span><\/a><!-- AddThis Advanced Settings generic via filter on get_the_excerpt --><!-- AddThis Share Buttons generic via filter on get_the_excerpt --><\/p>\n","protected":false},"author":1,"featured_media":0,"comment_status":"closed","ping_status":"closed","sticky":false,"template":"","format":"standard","meta":{"footnotes":""},"categories":[32],"tags":[],"class_list":["post-3781","post","type-post","status-publish","format-standard","hentry","category-iz-zivota-udruge"],"_links":{"self":[{"href":"https:\/\/udruga-106br.hr\/index.php\/wp-json\/wp\/v2\/posts\/3781","targetHints":{"allow":["GET"]}}],"collection":[{"href":"https:\/\/udruga-106br.hr\/index.php\/wp-json\/wp\/v2\/posts"}],"about":[{"href":"https:\/\/udruga-106br.hr\/index.php\/wp-json\/wp\/v2\/types\/post"}],"author":[{"embeddable":true,"href":"https:\/\/udruga-106br.hr\/index.php\/wp-json\/wp\/v2\/users\/1"}],"replies":[{"embeddable":true,"href":"https:\/\/udruga-106br.hr\/index.php\/wp-json\/wp\/v2\/comments?post=3781"}],"version-history":[{"count":1,"href":"https:\/\/udruga-106br.hr\/index.php\/wp-json\/wp\/v2\/posts\/3781\/revisions"}],"predecessor-version":[{"id":3783,"href":"https:\/\/udruga-106br.hr\/index.php\/wp-json\/wp\/v2\/posts\/3781\/revisions\/3783"}],"wp:attachment":[{"href":"https:\/\/udruga-106br.hr\/index.php\/wp-json\/wp\/v2\/media?parent=3781"}],"wp:term":[{"taxonomy":"category","embeddable":true,"href":"https:\/\/udruga-106br.hr\/index.php\/wp-json\/wp\/v2\/categories?post=3781"},{"taxonomy":"post_tag","embeddable":true,"href":"https:\/\/udruga-106br.hr\/index.php\/wp-json\/wp\/v2\/tags?post=3781"}],"curies":[{"name":"wp","href":"https:\/\/api.w.org\/{rel}","templated":true}]}}