{"id":3800,"date":"2024-11-28T10:56:33","date_gmt":"2024-11-28T09:56:33","guid":{"rendered":"https:\/\/udruga-106br.hr\/?p=3800"},"modified":"2025-10-17T19:21:57","modified_gmt":"2025-10-17T17:21:57","slug":"program-obiljezavanja-dana-obrane-grada-osijeka-prisjetimo-se-zajedno-hrabrosti-i-zrtve-4-i-5-12-2024","status":"publish","type":"post","link":"https:\/\/udruga-106br.hr\/index.php\/program-obiljezavanja-dana-obrane-grada-osijeka-prisjetimo-se-zajedno-hrabrosti-i-zrtve-4-i-5-12-2024\/","title":{"rendered":"Program obilje\u017eavanja Dana obrane grada Osijeka \u2013 Prisjetimo se zajedno hrabrosti i \u017ertve &#8211; 4. i 5. 12. 2024."},"content":{"rendered":"\n<p>Po\u0161tovani sugra\u0111ani, prijatelji i pratitelji,<\/p>\n\n\n\n<p>Dan obrane grada Osijeka ima posebno mjesto u povijesti na\u0161eg grada i na\u0161e domovine. Tog dana, 5. prosinca 1991., Osijek je pretrpio naj\u017ee\u0161\u0107e napade tijekom Domovinskog rata. No zahvaljuju\u0107i neizmjernoj hrabrosti i odlu\u010dnosti hrvatskih branitelja, na\u0161 grad je herojski obranjen.<\/p>\n\n\n\n<p>Na\u017ealost, taj dan obilje\u017eila je i velika \u017ertva \u2013 28 branitelja i 4 civila polo\u017eili su svoje \u017eivote za slobodu Osijeka, dok se 1 osoba i dalje vodi kao nestala. Njihova hrabrost i \u017ertva zauvijek \u0107e \u017eivjeti u na\u0161im mislima i srcima. <\/p>\n\n\n\n<p>U prilogu je program obilje\u017eavanja te Vas sve srda\u010dno pozivamo da nam se pridru\u017eite u obilje\u017eavanju ovog va\u017enog datuma i zajedni\u010dkom sje\u0107anju na heroje Domovinskog rata.<\/p>\n\n\n\n<p>S ponosom najavljujemo otvorenje izlo\u017ebe ratnih fotografija \u201eNeuni\u0161tivi grad\u201c autora g. Marina Topi\u0107a. Kroz objektiv njegovog fotoaparata o\u017eivljavaju trenuci i emocije iz vremena obrane grada, pru\u017eaju\u0107i neprocjenjiv uvid u snagu i jedinstvo na\u0161ih branitelja i gra\u0111ana.<\/p>\n\n\n\n<p>&#8211; Datum: Utorak, 5. prosinca 2023.<br>&#8211; Vrijeme: 18:00 sati<br>&#8211; Lokacija: Galerija FotoArt, Ulica Pavla Peja\u010devi\u0107a 28, Osijek<\/p>\n\n\n\n<p>Ova izlo\u017eba posve\u0107ena je svima koji su sudjelovali u obrani Osijeka i okolnih podru\u010dja, a njen cilj je o\u010duvati sje\u0107anje na te\u0161ke, ali i ponosne trenutke na\u0161e povijesti.<\/p>\n\n\n\n<p>\u010cuvajmo zajedno uspomenu na \u017ertvu i hrabrost na\u0161ih branitelja. Njihova predanost i ljubav prema domovini obvezuju nas da nikada ne zaboravimo koliko je sloboda dragocjena. <\/p>\n\n\n\n<p>Vidimo se! <\/p>\n\n\n\n<figure class=\"wp-block-image size-large\"><img loading=\"lazy\" decoding=\"async\" width=\"724\" height=\"1024\" src=\"https:\/\/udruga-106br.hr\/wp-content\/uploads\/2024\/11\/5.12.2024-724x1024.jpg\" alt=\"\" class=\"wp-image-3801\" srcset=\"https:\/\/udruga-106br.hr\/wp-content\/uploads\/2024\/11\/5.12.2024-724x1024.jpg 724w, https:\/\/udruga-106br.hr\/wp-content\/uploads\/2024\/11\/5.12.2024-212x300.jpg 212w, https:\/\/udruga-106br.hr\/wp-content\/uploads\/2024\/11\/5.12.2024-768x1086.jpg 768w, https:\/\/udruga-106br.hr\/wp-content\/uploads\/2024\/11\/5.12.2024-1087x1536.jpg 1087w, https:\/\/udruga-106br.hr\/wp-content\/uploads\/2024\/11\/5.12.2024.jpg 1132w\" sizes=\"auto, (max-width: 724px) 100vw, 724px\" \/><\/figure>\n<!-- AddThis Advanced Settings generic via filter on the_content --><!-- AddThis Share Buttons generic via filter on the_content -->","protected":false},"excerpt":{"rendered":"<p>Po\u0161tovani sugra\u0111ani, prijatelji i pratitelji, Dan obrane grada Osijeka ima posebno mjesto u povijesti na\u0161eg grada i na\u0161e domovine. Tog dana, 5. prosinca 1991., Osijek je pretrpio naj\u017ee\u0161\u0107e napade tijekom Domovinskog rata. No zahvaljuju\u0107i neizmjernoj hrabrosti i odlu\u010dnosti hrvatskih branitelja, na\u0161 grad je herojski obranjen. Na\u017ealost, taj dan obilje\u017eila je i velika \u017ertva \u2013 28 &hellip; <a href=\"https:\/\/udruga-106br.hr\/index.php\/program-obiljezavanja-dana-obrane-grada-osijeka-prisjetimo-se-zajedno-hrabrosti-i-zrtve-4-i-5-12-2024\/\" class=\"more-link\">Nastavi \u010ditati <span class=\"screen-reader-text\">Program obilje\u017eavanja Dana obrane grada Osijeka \u2013 Prisjetimo se zajedno hrabrosti i \u017ertve &#8211; 4. i 5. 12. 2024.<\/span><\/a><!-- AddThis Advanced Settings generic via filter on get_the_excerpt --><!-- AddThis Share Buttons generic via filter on get_the_excerpt --><\/p>\n","protected":false},"author":1,"featured_media":0,"comment_status":"closed","ping_status":"closed","sticky":false,"template":"","format":"standard","meta":{"footnotes":""},"categories":[32],"tags":[],"class_list":["post-3800","post","type-post","status-publish","format-standard","hentry","category-iz-zivota-udruge"],"_links":{"self":[{"href":"https:\/\/udruga-106br.hr\/index.php\/wp-json\/wp\/v2\/posts\/3800","targetHints":{"allow":["GET"]}}],"collection":[{"href":"https:\/\/udruga-106br.hr\/index.php\/wp-json\/wp\/v2\/posts"}],"about":[{"href":"https:\/\/udruga-106br.hr\/index.php\/wp-json\/wp\/v2\/types\/post"}],"author":[{"embeddable":true,"href":"https:\/\/udruga-106br.hr\/index.php\/wp-json\/wp\/v2\/users\/1"}],"replies":[{"embeddable":true,"href":"https:\/\/udruga-106br.hr\/index.php\/wp-json\/wp\/v2\/comments?post=3800"}],"version-history":[{"count":1,"href":"https:\/\/udruga-106br.hr\/index.php\/wp-json\/wp\/v2\/posts\/3800\/revisions"}],"predecessor-version":[{"id":3802,"href":"https:\/\/udruga-106br.hr\/index.php\/wp-json\/wp\/v2\/posts\/3800\/revisions\/3802"}],"wp:attachment":[{"href":"https:\/\/udruga-106br.hr\/index.php\/wp-json\/wp\/v2\/media?parent=3800"}],"wp:term":[{"taxonomy":"category","embeddable":true,"href":"https:\/\/udruga-106br.hr\/index.php\/wp-json\/wp\/v2\/categories?post=3800"},{"taxonomy":"post_tag","embeddable":true,"href":"https:\/\/udruga-106br.hr\/index.php\/wp-json\/wp\/v2\/tags?post=3800"}],"curies":[{"name":"wp","href":"https:\/\/api.w.org\/{rel}","templated":true}]}}