{"id":3804,"date":"2024-11-29T15:26:44","date_gmt":"2024-11-29T14:26:44","guid":{"rendered":"https:\/\/udruga-106br.hr\/?p=3804"},"modified":"2025-10-17T19:21:36","modified_gmt":"2025-10-17T17:21:36","slug":"28-11-2024-predstavnici-udruge-veterana-106-brigade-osijek-na-svecanosti-u-cast-biskupa-mihaela-summe","status":"publish","type":"post","link":"https:\/\/udruga-106br.hr\/index.php\/28-11-2024-predstavnici-udruge-veterana-106-brigade-osijek-na-svecanosti-u-cast-biskupa-mihaela-summe\/","title":{"rendered":"28.11.2024. Predstavnici Udruge veterana 106. brigade Osijek na sve\u010danosti u \u010dast biskupa Mihaela Summe"},"content":{"rendered":"\n<p>Ju\u010der smo s ponosom sudjelovali na sve\u010danosti povodom postavljanja spomen-plo\u010de biskupu Mihaelu Summi u osje\u010dkoj Tvr\u0111i. Ovaj doga\u0111aj okupio je brojne po\u0161tovatelje povijesti i kulture te nas podsjetio na va\u017enost o\u010duvanja naslije\u0111a na\u0161e zajednice.<\/p>\n\n\n\n<p>Program sve\u010danosti zapo\u010deo je svetom misom u crkvi Svetog Kri\u017ea \u2013 Svetog Ante, nakon \u010dega je uslijedio blagoslov spomen-plo\u010de na adresi Ulica Franje Markovi\u0107a 7. Ve\u010der je zaokru\u017eena predstavljanjem knjige Mikel Summa arqipeshk\u00ebv i Shkupit (1695. \u2013 1777.) autora Froka Zefija u Staroj Pekari, uz dru\u017eenje i domjenak.<\/p>\n\n\n\n<p>Bila nam je \u010dast biti dijelom ovog povijesnog trenutka te se zahvaljujemo organizatorima na izvrsno pripremljenom programu.<\/p>\n\n\n\n<figure class=\"wp-block-gallery has-nested-images columns-default is-cropped wp-block-gallery-1 is-layout-flex wp-block-gallery-is-layout-flex\">\n<figure class=\"wp-block-image size-large\"><img loading=\"lazy\" decoding=\"async\" width=\"1024\" height=\"771\" data-id=\"3805\" src=\"https:\/\/udruga-106br.hr\/wp-content\/uploads\/2024\/11\/28.11.-Mikel-Summa4-1024x771.jpg\" alt=\"\" class=\"wp-image-3805\" srcset=\"https:\/\/udruga-106br.hr\/wp-content\/uploads\/2024\/11\/28.11.-Mikel-Summa4-1024x771.jpg 1024w, https:\/\/udruga-106br.hr\/wp-content\/uploads\/2024\/11\/28.11.-Mikel-Summa4-300x226.jpg 300w, https:\/\/udruga-106br.hr\/wp-content\/uploads\/2024\/11\/28.11.-Mikel-Summa4-768x578.jpg 768w, https:\/\/udruga-106br.hr\/wp-content\/uploads\/2024\/11\/28.11.-Mikel-Summa4-1536x1157.jpg 1536w, https:\/\/udruga-106br.hr\/wp-content\/uploads\/2024\/11\/28.11.-Mikel-Summa4.jpg 1600w\" sizes=\"auto, (max-width: 1024px) 100vw, 1024px\" \/><\/figure>\n\n\n\n<figure class=\"wp-block-image size-large\"><img loading=\"lazy\" decoding=\"async\" width=\"1024\" height=\"771\" data-id=\"3806\" src=\"https:\/\/udruga-106br.hr\/wp-content\/uploads\/2024\/11\/28.11.-Mikel-Summa5-1024x771.jpg\" alt=\"\" class=\"wp-image-3806\" srcset=\"https:\/\/udruga-106br.hr\/wp-content\/uploads\/2024\/11\/28.11.-Mikel-Summa5-1024x771.jpg 1024w, https:\/\/udruga-106br.hr\/wp-content\/uploads\/2024\/11\/28.11.-Mikel-Summa5-300x226.jpg 300w, https:\/\/udruga-106br.hr\/wp-content\/uploads\/2024\/11\/28.11.-Mikel-Summa5-768x578.jpg 768w, https:\/\/udruga-106br.hr\/wp-content\/uploads\/2024\/11\/28.11.-Mikel-Summa5-1536x1157.jpg 1536w, https:\/\/udruga-106br.hr\/wp-content\/uploads\/2024\/11\/28.11.-Mikel-Summa5.jpg 1600w\" sizes=\"auto, (max-width: 1024px) 100vw, 1024px\" \/><\/figure>\n<\/figure>\n\n\n\n<figure class=\"wp-block-gallery has-nested-images columns-default is-cropped wp-block-gallery-2 is-layout-flex wp-block-gallery-is-layout-flex\">\n<figure class=\"wp-block-image size-large\"><img loading=\"lazy\" decoding=\"async\" width=\"771\" height=\"1024\" data-id=\"3808\" src=\"https:\/\/udruga-106br.hr\/wp-content\/uploads\/2024\/11\/28.11.-Mikel-Summa2-771x1024.jpg\" alt=\"\" class=\"wp-image-3808\" srcset=\"https:\/\/udruga-106br.hr\/wp-content\/uploads\/2024\/11\/28.11.-Mikel-Summa2-771x1024.jpg 771w, https:\/\/udruga-106br.hr\/wp-content\/uploads\/2024\/11\/28.11.-Mikel-Summa2-226x300.jpg 226w, https:\/\/udruga-106br.hr\/wp-content\/uploads\/2024\/11\/28.11.-Mikel-Summa2-768x1020.jpg 768w, https:\/\/udruga-106br.hr\/wp-content\/uploads\/2024\/11\/28.11.-Mikel-Summa2-1157x1536.jpg 1157w, https:\/\/udruga-106br.hr\/wp-content\/uploads\/2024\/11\/28.11.-Mikel-Summa2.jpg 1205w\" sizes=\"auto, (max-width: 771px) 100vw, 771px\" \/><\/figure>\n\n\n\n<figure class=\"wp-block-image size-large\"><img loading=\"lazy\" decoding=\"async\" width=\"1024\" height=\"771\" data-id=\"3807\" src=\"https:\/\/udruga-106br.hr\/wp-content\/uploads\/2024\/11\/28.11.-Mikel-Summa3-1024x771.jpg\" alt=\"\" class=\"wp-image-3807\" srcset=\"https:\/\/udruga-106br.hr\/wp-content\/uploads\/2024\/11\/28.11.-Mikel-Summa3-1024x771.jpg 1024w, https:\/\/udruga-106br.hr\/wp-content\/uploads\/2024\/11\/28.11.-Mikel-Summa3-300x226.jpg 300w, https:\/\/udruga-106br.hr\/wp-content\/uploads\/2024\/11\/28.11.-Mikel-Summa3-768x578.jpg 768w, https:\/\/udruga-106br.hr\/wp-content\/uploads\/2024\/11\/28.11.-Mikel-Summa3-1536x1157.jpg 1536w, https:\/\/udruga-106br.hr\/wp-content\/uploads\/2024\/11\/28.11.-Mikel-Summa3.jpg 1600w\" sizes=\"auto, (max-width: 1024px) 100vw, 1024px\" \/><\/figure>\n<\/figure>\n\n\n\n<figure class=\"wp-block-gallery has-nested-images columns-default is-cropped wp-block-gallery-3 is-layout-flex wp-block-gallery-is-layout-flex\">\n<figure class=\"wp-block-image size-large\"><img loading=\"lazy\" decoding=\"async\" width=\"1024\" height=\"771\" data-id=\"3810\" src=\"https:\/\/udruga-106br.hr\/wp-content\/uploads\/2024\/11\/28.11.-Mikel-Summa-1024x771.jpg\" alt=\"\" class=\"wp-image-3810\" srcset=\"https:\/\/udruga-106br.hr\/wp-content\/uploads\/2024\/11\/28.11.-Mikel-Summa-1024x771.jpg 1024w, https:\/\/udruga-106br.hr\/wp-content\/uploads\/2024\/11\/28.11.-Mikel-Summa-300x226.jpg 300w, https:\/\/udruga-106br.hr\/wp-content\/uploads\/2024\/11\/28.11.-Mikel-Summa-768x578.jpg 768w, https:\/\/udruga-106br.hr\/wp-content\/uploads\/2024\/11\/28.11.-Mikel-Summa-1536x1157.jpg 1536w, https:\/\/udruga-106br.hr\/wp-content\/uploads\/2024\/11\/28.11.-Mikel-Summa.jpg 1600w\" sizes=\"auto, (max-width: 1024px) 100vw, 1024px\" \/><\/figure>\n\n\n\n<figure class=\"wp-block-image size-large\"><img loading=\"lazy\" decoding=\"async\" width=\"1024\" height=\"771\" data-id=\"3809\" src=\"https:\/\/udruga-106br.hr\/wp-content\/uploads\/2024\/11\/28.11.-Mikel-Summa1-1024x771.jpg\" alt=\"\" class=\"wp-image-3809\" srcset=\"https:\/\/udruga-106br.hr\/wp-content\/uploads\/2024\/11\/28.11.-Mikel-Summa1-1024x771.jpg 1024w, https:\/\/udruga-106br.hr\/wp-content\/uploads\/2024\/11\/28.11.-Mikel-Summa1-300x226.jpg 300w, https:\/\/udruga-106br.hr\/wp-content\/uploads\/2024\/11\/28.11.-Mikel-Summa1-768x578.jpg 768w, https:\/\/udruga-106br.hr\/wp-content\/uploads\/2024\/11\/28.11.-Mikel-Summa1-1536x1157.jpg 1536w, https:\/\/udruga-106br.hr\/wp-content\/uploads\/2024\/11\/28.11.-Mikel-Summa1.jpg 1600w\" sizes=\"auto, (max-width: 1024px) 100vw, 1024px\" \/><\/figure>\n<\/figure>\n\n\n\n<figure class=\"wp-block-gallery has-nested-images columns-default is-cropped wp-block-gallery-4 is-layout-flex wp-block-gallery-is-layout-flex\">\n<figure class=\"wp-block-image size-large\"><img loading=\"lazy\" decoding=\"async\" width=\"1024\" height=\"768\" data-id=\"3812\" src=\"https:\/\/udruga-106br.hr\/wp-content\/uploads\/2024\/11\/28.11.-Mikel-Summa7-1024x768.jpg\" alt=\"\" class=\"wp-image-3812\" srcset=\"https:\/\/udruga-106br.hr\/wp-content\/uploads\/2024\/11\/28.11.-Mikel-Summa7-1024x768.jpg 1024w, https:\/\/udruga-106br.hr\/wp-content\/uploads\/2024\/11\/28.11.-Mikel-Summa7-300x225.jpg 300w, https:\/\/udruga-106br.hr\/wp-content\/uploads\/2024\/11\/28.11.-Mikel-Summa7-768x576.jpg 768w, https:\/\/udruga-106br.hr\/wp-content\/uploads\/2024\/11\/28.11.-Mikel-Summa7-1536x1152.jpg 1536w, https:\/\/udruga-106br.hr\/wp-content\/uploads\/2024\/11\/28.11.-Mikel-Summa7.jpg 1600w\" sizes=\"auto, (max-width: 1024px) 100vw, 1024px\" \/><\/figure>\n\n\n\n<figure class=\"wp-block-image size-large\"><img loading=\"lazy\" decoding=\"async\" width=\"1024\" height=\"473\" data-id=\"3813\" src=\"https:\/\/udruga-106br.hr\/wp-content\/uploads\/2024\/11\/28.11.-Mikel-Summa8-1024x473.jpg\" alt=\"\" class=\"wp-image-3813\" srcset=\"https:\/\/udruga-106br.hr\/wp-content\/uploads\/2024\/11\/28.11.-Mikel-Summa8-1024x473.jpg 1024w, https:\/\/udruga-106br.hr\/wp-content\/uploads\/2024\/11\/28.11.-Mikel-Summa8-300x139.jpg 300w, https:\/\/udruga-106br.hr\/wp-content\/uploads\/2024\/11\/28.11.-Mikel-Summa8-768x355.jpg 768w, https:\/\/udruga-106br.hr\/wp-content\/uploads\/2024\/11\/28.11.-Mikel-Summa8-1536x709.jpg 1536w, https:\/\/udruga-106br.hr\/wp-content\/uploads\/2024\/11\/28.11.-Mikel-Summa8.jpg 1600w\" sizes=\"auto, (max-width: 1024px) 100vw, 1024px\" \/><\/figure>\n\n\n\n<figure class=\"wp-block-image size-large\"><img loading=\"lazy\" decoding=\"async\" width=\"1024\" height=\"473\" data-id=\"3811\" src=\"https:\/\/udruga-106br.hr\/wp-content\/uploads\/2024\/11\/28.11.-Mikel-Summa9-1024x473.jpg\" alt=\"\" class=\"wp-image-3811\" srcset=\"https:\/\/udruga-106br.hr\/wp-content\/uploads\/2024\/11\/28.11.-Mikel-Summa9-1024x473.jpg 1024w, https:\/\/udruga-106br.hr\/wp-content\/uploads\/2024\/11\/28.11.-Mikel-Summa9-300x139.jpg 300w, https:\/\/udruga-106br.hr\/wp-content\/uploads\/2024\/11\/28.11.-Mikel-Summa9-768x355.jpg 768w, https:\/\/udruga-106br.hr\/wp-content\/uploads\/2024\/11\/28.11.-Mikel-Summa9-1536x709.jpg 1536w, https:\/\/udruga-106br.hr\/wp-content\/uploads\/2024\/11\/28.11.-Mikel-Summa9.jpg 1600w\" sizes=\"auto, (max-width: 1024px) 100vw, 1024px\" \/><\/figure>\n<\/figure>\n<!-- AddThis Advanced Settings generic via filter on the_content --><!-- AddThis Share Buttons generic via filter on the_content -->","protected":false},"excerpt":{"rendered":"<p>Ju\u010der smo s ponosom sudjelovali na sve\u010danosti povodom postavljanja spomen-plo\u010de biskupu Mihaelu Summi u osje\u010dkoj Tvr\u0111i. Ovaj doga\u0111aj okupio je brojne po\u0161tovatelje povijesti i kulture te nas podsjetio na va\u017enost o\u010duvanja naslije\u0111a na\u0161e zajednice. Program sve\u010danosti zapo\u010deo je svetom misom u crkvi Svetog Kri\u017ea \u2013 Svetog Ante, nakon \u010dega je uslijedio blagoslov spomen-plo\u010de na adresi &hellip; <a href=\"https:\/\/udruga-106br.hr\/index.php\/28-11-2024-predstavnici-udruge-veterana-106-brigade-osijek-na-svecanosti-u-cast-biskupa-mihaela-summe\/\" class=\"more-link\">Nastavi \u010ditati <span class=\"screen-reader-text\">28.11.2024. Predstavnici Udruge veterana 106. brigade Osijek na sve\u010danosti u \u010dast biskupa Mihaela Summe<\/span><\/a><!-- AddThis Advanced Settings generic via filter on get_the_excerpt --><!-- AddThis Share Buttons generic via filter on get_the_excerpt --><\/p>\n","protected":false},"author":1,"featured_media":0,"comment_status":"closed","ping_status":"closed","sticky":false,"template":"","format":"standard","meta":{"footnotes":""},"categories":[32],"tags":[],"class_list":["post-3804","post","type-post","status-publish","format-standard","hentry","category-iz-zivota-udruge"],"_links":{"self":[{"href":"https:\/\/udruga-106br.hr\/index.php\/wp-json\/wp\/v2\/posts\/3804","targetHints":{"allow":["GET"]}}],"collection":[{"href":"https:\/\/udruga-106br.hr\/index.php\/wp-json\/wp\/v2\/posts"}],"about":[{"href":"https:\/\/udruga-106br.hr\/index.php\/wp-json\/wp\/v2\/types\/post"}],"author":[{"embeddable":true,"href":"https:\/\/udruga-106br.hr\/index.php\/wp-json\/wp\/v2\/users\/1"}],"replies":[{"embeddable":true,"href":"https:\/\/udruga-106br.hr\/index.php\/wp-json\/wp\/v2\/comments?post=3804"}],"version-history":[{"count":1,"href":"https:\/\/udruga-106br.hr\/index.php\/wp-json\/wp\/v2\/posts\/3804\/revisions"}],"predecessor-version":[{"id":3814,"href":"https:\/\/udruga-106br.hr\/index.php\/wp-json\/wp\/v2\/posts\/3804\/revisions\/3814"}],"wp:attachment":[{"href":"https:\/\/udruga-106br.hr\/index.php\/wp-json\/wp\/v2\/media?parent=3804"}],"wp:term":[{"taxonomy":"category","embeddable":true,"href":"https:\/\/udruga-106br.hr\/index.php\/wp-json\/wp\/v2\/categories?post=3804"},{"taxonomy":"post_tag","embeddable":true,"href":"https:\/\/udruga-106br.hr\/index.php\/wp-json\/wp\/v2\/tags?post=3804"}],"curies":[{"name":"wp","href":"https:\/\/api.w.org\/{rel}","templated":true}]}}