{"id":3818,"date":"2024-12-02T10:00:57","date_gmt":"2024-12-02T09:00:57","guid":{"rendered":"https:\/\/udruga-106br.hr\/?p=3818"},"modified":"2025-10-17T19:21:36","modified_gmt":"2025-10-17T17:21:36","slug":"poziv-na-duhovnu-obnovu-za-clanove-udruge-veterana-106-brigade-osijek","status":"publish","type":"post","link":"https:\/\/udruga-106br.hr\/index.php\/poziv-na-duhovnu-obnovu-za-clanove-udruge-veterana-106-brigade-osijek\/","title":{"rendered":"Poziv na duhovnu obnovu za \u010dlanove Udruge veterana 106. brigade Osijek"},"content":{"rendered":"\n<p>Dragi \u010dlanovi, prijatelji i pratitelji,<\/p>\n\n\n\n<p>Pozvani ste na duhovnu obnovu koja \u0107e se odr\u017eati u \u017dupi Dalj u organizaciji vl\u010d. Stanislava \u0160ote.<\/p>\n\n\n\n<p>&#8211; Datum: 6. prosinca 2024.<br>&#8211; Lokacija: \u017dupa Dalj<\/p>\n\n\n\n<p>Ovaj poseban dan prilika je za zajedni\u0161tvo, mir i duhovnu obnovu.<\/p>\n\n\n\n<p>Detalji oko programa i organizacije nalaze se u slu\u017ebenom pozivu.<\/p>\n\n\n\n<p>Veselimo se va\u0161em dolasku i zajedni\u010dkom trenutku molitve i razmi\u0161ljanja. <\/p>\n\n\n\n<figure class=\"wp-block-image size-full\"><img loading=\"lazy\" decoding=\"async\" width=\"679\" height=\"877\" src=\"https:\/\/udruga-106br.hr\/wp-content\/uploads\/2024\/12\/6.12.2024.-Duhovna-obnova-za-branitelje.png\" alt=\"\" class=\"wp-image-3819\" srcset=\"https:\/\/udruga-106br.hr\/wp-content\/uploads\/2024\/12\/6.12.2024.-Duhovna-obnova-za-branitelje.png 679w, https:\/\/udruga-106br.hr\/wp-content\/uploads\/2024\/12\/6.12.2024.-Duhovna-obnova-za-branitelje-232x300.png 232w\" sizes=\"auto, (max-width: 679px) 100vw, 679px\" \/><\/figure>\n<!-- AddThis Advanced Settings generic via filter on the_content --><!-- AddThis Share Buttons generic via filter on the_content -->","protected":false},"excerpt":{"rendered":"<p>Dragi \u010dlanovi, prijatelji i pratitelji, Pozvani ste na duhovnu obnovu koja \u0107e se odr\u017eati u \u017dupi Dalj u organizaciji vl\u010d. Stanislava \u0160ote. &#8211; Datum: 6. prosinca 2024.&#8211; Lokacija: \u017dupa Dalj Ovaj poseban dan prilika je za zajedni\u0161tvo, mir i duhovnu obnovu. Detalji oko programa i organizacije nalaze se u slu\u017ebenom pozivu. Veselimo se va\u0161em dolasku &hellip; <a href=\"https:\/\/udruga-106br.hr\/index.php\/poziv-na-duhovnu-obnovu-za-clanove-udruge-veterana-106-brigade-osijek\/\" class=\"more-link\">Nastavi \u010ditati <span class=\"screen-reader-text\">Poziv na duhovnu obnovu za \u010dlanove Udruge veterana 106. brigade Osijek<\/span><\/a><!-- AddThis Advanced Settings generic via filter on get_the_excerpt --><!-- AddThis Share Buttons generic via filter on get_the_excerpt --><\/p>\n","protected":false},"author":1,"featured_media":0,"comment_status":"closed","ping_status":"closed","sticky":false,"template":"","format":"standard","meta":{"footnotes":""},"categories":[32],"tags":[],"class_list":["post-3818","post","type-post","status-publish","format-standard","hentry","category-iz-zivota-udruge"],"_links":{"self":[{"href":"https:\/\/udruga-106br.hr\/index.php\/wp-json\/wp\/v2\/posts\/3818","targetHints":{"allow":["GET"]}}],"collection":[{"href":"https:\/\/udruga-106br.hr\/index.php\/wp-json\/wp\/v2\/posts"}],"about":[{"href":"https:\/\/udruga-106br.hr\/index.php\/wp-json\/wp\/v2\/types\/post"}],"author":[{"embeddable":true,"href":"https:\/\/udruga-106br.hr\/index.php\/wp-json\/wp\/v2\/users\/1"}],"replies":[{"embeddable":true,"href":"https:\/\/udruga-106br.hr\/index.php\/wp-json\/wp\/v2\/comments?post=3818"}],"version-history":[{"count":1,"href":"https:\/\/udruga-106br.hr\/index.php\/wp-json\/wp\/v2\/posts\/3818\/revisions"}],"predecessor-version":[{"id":3820,"href":"https:\/\/udruga-106br.hr\/index.php\/wp-json\/wp\/v2\/posts\/3818\/revisions\/3820"}],"wp:attachment":[{"href":"https:\/\/udruga-106br.hr\/index.php\/wp-json\/wp\/v2\/media?parent=3818"}],"wp:term":[{"taxonomy":"category","embeddable":true,"href":"https:\/\/udruga-106br.hr\/index.php\/wp-json\/wp\/v2\/categories?post=3818"},{"taxonomy":"post_tag","embeddable":true,"href":"https:\/\/udruga-106br.hr\/index.php\/wp-json\/wp\/v2\/tags?post=3818"}],"curies":[{"name":"wp","href":"https:\/\/api.w.org\/{rel}","templated":true}]}}