{"id":3821,"date":"2024-12-02T22:17:03","date_gmt":"2024-12-02T21:17:03","guid":{"rendered":"https:\/\/udruga-106br.hr\/?p=3821"},"modified":"2025-10-17T19:21:36","modified_gmt":"2025-10-17T17:21:36","slug":"2-12-2024-obiljezen-dan-grada-osijeka-238-godina-povijesti-ponosa-i-razvoja","status":"publish","type":"post","link":"https:\/\/udruga-106br.hr\/index.php\/2-12-2024-obiljezen-dan-grada-osijeka-238-godina-povijesti-ponosa-i-razvoja\/","title":{"rendered":"2.12.2024. Obilje\u017een Dan grada Osijeka \u2013 238 godina povijesti, ponosa i razvoja"},"content":{"rendered":"\n<p>Danas je u koncertnoj dvorani &#8220;Franjo Kre\u017ema&#8221; sve\u010danom sjednicom Gradskog vije\u0107a obilje\u017een Dan grada Osijeka te 238. obljetnica ujedinjenja Tvr\u0111e, Gornjeg i Donjeg grada.<\/p>\n\n\n\n<p>Uz brojne uzvanike, sjednici su prisustvovali premijer Andrej Plenkovi\u0107, izaslanica predsjednika Hrvatskog sabora Nata\u0161a Trami\u0161ak, ministri, saborski zastupnici te gradona\u010delnik Ivan Radi\u0107. Predstavnik Udruge veterana 106. brigade Osijek prisustvovao je sjednici i obilje\u017eavanju Dana grada Osijeka.<\/p>\n\n\n\n<p>Gradona\u010delnik Radi\u0107 istaknuo je klju\u010dne uspjehe protekle godine:<br>&#8211; Porast zaposlenosti za 3928 novih radnih mjesta<br>&#8211; Izgradnju i pro\u0161irenje vrti\u0107a bez lista \u010dekanja<br>&#8211; Otvaranje IT parka i pro\u0161irenje Poduzetni\u010dke zone Nemetin<br>&#8211; Modernizaciju gradske infrastrukture, \u0161etnice uz Dravu i pro\u010di\u0161\u0107iva\u010da otpadnih voda<\/p>\n\n\n\n<p>Osijek pro\u017eivljava svoje najve\u0107e razvojno razdoblje, stvaraju\u0107i temelje za budu\u0107nost kao prava metropola Slavonije i Baranje.<\/p>\n\n\n\n<p>Svim Osje\u010dankama i Osje\u010danima \u010destitamo njihov dan! <br> Naprijed Osijek! <\/p>\n\n\n\n<figure class=\"wp-block-gallery has-nested-images columns-default is-cropped wp-block-gallery-1 is-layout-flex wp-block-gallery-is-layout-flex\">\n<figure class=\"wp-block-image size-large\"><img loading=\"lazy\" decoding=\"async\" width=\"1024\" height=\"771\" data-id=\"3823\" src=\"https:\/\/udruga-106br.hr\/wp-content\/uploads\/2024\/12\/2.12.-Dan-Grada-Osijeka-1024x771.jpg\" alt=\"\" class=\"wp-image-3823\" srcset=\"https:\/\/udruga-106br.hr\/wp-content\/uploads\/2024\/12\/2.12.-Dan-Grada-Osijeka-1024x771.jpg 1024w, https:\/\/udruga-106br.hr\/wp-content\/uploads\/2024\/12\/2.12.-Dan-Grada-Osijeka-300x226.jpg 300w, https:\/\/udruga-106br.hr\/wp-content\/uploads\/2024\/12\/2.12.-Dan-Grada-Osijeka-768x578.jpg 768w, https:\/\/udruga-106br.hr\/wp-content\/uploads\/2024\/12\/2.12.-Dan-Grada-Osijeka-1536x1157.jpg 1536w, https:\/\/udruga-106br.hr\/wp-content\/uploads\/2024\/12\/2.12.-Dan-Grada-Osijeka.jpg 1600w\" sizes=\"auto, (max-width: 1024px) 100vw, 1024px\" \/><\/figure>\n\n\n\n<figure class=\"wp-block-image size-large\"><img loading=\"lazy\" decoding=\"async\" width=\"1024\" height=\"771\" data-id=\"3827\" src=\"https:\/\/udruga-106br.hr\/wp-content\/uploads\/2024\/12\/2.12.-Dan-Grada-Osijeka1-1024x771.jpg\" alt=\"\" class=\"wp-image-3827\" srcset=\"https:\/\/udruga-106br.hr\/wp-content\/uploads\/2024\/12\/2.12.-Dan-Grada-Osijeka1-1024x771.jpg 1024w, https:\/\/udruga-106br.hr\/wp-content\/uploads\/2024\/12\/2.12.-Dan-Grada-Osijeka1-300x226.jpg 300w, https:\/\/udruga-106br.hr\/wp-content\/uploads\/2024\/12\/2.12.-Dan-Grada-Osijeka1-768x578.jpg 768w, https:\/\/udruga-106br.hr\/wp-content\/uploads\/2024\/12\/2.12.-Dan-Grada-Osijeka1-1536x1157.jpg 1536w, https:\/\/udruga-106br.hr\/wp-content\/uploads\/2024\/12\/2.12.-Dan-Grada-Osijeka1.jpg 1600w\" sizes=\"auto, (max-width: 1024px) 100vw, 1024px\" \/><\/figure>\n\n\n\n<figure class=\"wp-block-image size-large\"><img loading=\"lazy\" decoding=\"async\" width=\"1024\" height=\"771\" data-id=\"3822\" src=\"https:\/\/udruga-106br.hr\/wp-content\/uploads\/2024\/12\/2.12.-Dan-Grada-Osijeka2-1024x771.jpg\" alt=\"\" class=\"wp-image-3822\" srcset=\"https:\/\/udruga-106br.hr\/wp-content\/uploads\/2024\/12\/2.12.-Dan-Grada-Osijeka2-1024x771.jpg 1024w, https:\/\/udruga-106br.hr\/wp-content\/uploads\/2024\/12\/2.12.-Dan-Grada-Osijeka2-300x226.jpg 300w, https:\/\/udruga-106br.hr\/wp-content\/uploads\/2024\/12\/2.12.-Dan-Grada-Osijeka2-768x578.jpg 768w, https:\/\/udruga-106br.hr\/wp-content\/uploads\/2024\/12\/2.12.-Dan-Grada-Osijeka2-1536x1157.jpg 1536w, https:\/\/udruga-106br.hr\/wp-content\/uploads\/2024\/12\/2.12.-Dan-Grada-Osijeka2.jpg 1600w\" sizes=\"auto, (max-width: 1024px) 100vw, 1024px\" \/><\/figure>\n\n\n\n<figure class=\"wp-block-image size-large\"><img loading=\"lazy\" decoding=\"async\" width=\"1024\" height=\"771\" data-id=\"3824\" src=\"https:\/\/udruga-106br.hr\/wp-content\/uploads\/2024\/12\/2.12.-Dan-Grada-Osijeka3-1024x771.jpg\" alt=\"\" class=\"wp-image-3824\" srcset=\"https:\/\/udruga-106br.hr\/wp-content\/uploads\/2024\/12\/2.12.-Dan-Grada-Osijeka3-1024x771.jpg 1024w, https:\/\/udruga-106br.hr\/wp-content\/uploads\/2024\/12\/2.12.-Dan-Grada-Osijeka3-300x226.jpg 300w, https:\/\/udruga-106br.hr\/wp-content\/uploads\/2024\/12\/2.12.-Dan-Grada-Osijeka3-768x578.jpg 768w, https:\/\/udruga-106br.hr\/wp-content\/uploads\/2024\/12\/2.12.-Dan-Grada-Osijeka3-1536x1157.jpg 1536w, https:\/\/udruga-106br.hr\/wp-content\/uploads\/2024\/12\/2.12.-Dan-Grada-Osijeka3.jpg 1600w\" sizes=\"auto, (max-width: 1024px) 100vw, 1024px\" \/><\/figure>\n\n\n\n<figure class=\"wp-block-image size-large\"><img loading=\"lazy\" decoding=\"async\" width=\"1024\" height=\"771\" data-id=\"3826\" src=\"https:\/\/udruga-106br.hr\/wp-content\/uploads\/2024\/12\/2.12.-Dan-Grada-Osijeka4-1024x771.jpg\" alt=\"\" class=\"wp-image-3826\" srcset=\"https:\/\/udruga-106br.hr\/wp-content\/uploads\/2024\/12\/2.12.-Dan-Grada-Osijeka4-1024x771.jpg 1024w, https:\/\/udruga-106br.hr\/wp-content\/uploads\/2024\/12\/2.12.-Dan-Grada-Osijeka4-300x226.jpg 300w, https:\/\/udruga-106br.hr\/wp-content\/uploads\/2024\/12\/2.12.-Dan-Grada-Osijeka4-768x578.jpg 768w, https:\/\/udruga-106br.hr\/wp-content\/uploads\/2024\/12\/2.12.-Dan-Grada-Osijeka4-1536x1157.jpg 1536w, https:\/\/udruga-106br.hr\/wp-content\/uploads\/2024\/12\/2.12.-Dan-Grada-Osijeka4.jpg 1600w\" sizes=\"auto, (max-width: 1024px) 100vw, 1024px\" \/><\/figure>\n\n\n\n<figure class=\"wp-block-image size-large\"><img loading=\"lazy\" decoding=\"async\" width=\"1024\" height=\"771\" data-id=\"3828\" src=\"https:\/\/udruga-106br.hr\/wp-content\/uploads\/2024\/12\/2.12.-Dan-Grada-Osijeka5-1024x771.jpg\" alt=\"\" class=\"wp-image-3828\" srcset=\"https:\/\/udruga-106br.hr\/wp-content\/uploads\/2024\/12\/2.12.-Dan-Grada-Osijeka5-1024x771.jpg 1024w, https:\/\/udruga-106br.hr\/wp-content\/uploads\/2024\/12\/2.12.-Dan-Grada-Osijeka5-300x226.jpg 300w, https:\/\/udruga-106br.hr\/wp-content\/uploads\/2024\/12\/2.12.-Dan-Grada-Osijeka5-768x578.jpg 768w, https:\/\/udruga-106br.hr\/wp-content\/uploads\/2024\/12\/2.12.-Dan-Grada-Osijeka5-1536x1157.jpg 1536w, https:\/\/udruga-106br.hr\/wp-content\/uploads\/2024\/12\/2.12.-Dan-Grada-Osijeka5.jpg 1600w\" sizes=\"auto, (max-width: 1024px) 100vw, 1024px\" \/><\/figure>\n\n\n\n<figure class=\"wp-block-image size-large\"><img loading=\"lazy\" decoding=\"async\" width=\"1024\" height=\"771\" data-id=\"3829\" src=\"https:\/\/udruga-106br.hr\/wp-content\/uploads\/2024\/12\/2.12.-Dan-Grada-Osijeka6-1024x771.jpg\" alt=\"\" class=\"wp-image-3829\" srcset=\"https:\/\/udruga-106br.hr\/wp-content\/uploads\/2024\/12\/2.12.-Dan-Grada-Osijeka6-1024x771.jpg 1024w, https:\/\/udruga-106br.hr\/wp-content\/uploads\/2024\/12\/2.12.-Dan-Grada-Osijeka6-300x226.jpg 300w, https:\/\/udruga-106br.hr\/wp-content\/uploads\/2024\/12\/2.12.-Dan-Grada-Osijeka6-768x578.jpg 768w, https:\/\/udruga-106br.hr\/wp-content\/uploads\/2024\/12\/2.12.-Dan-Grada-Osijeka6-1536x1157.jpg 1536w, https:\/\/udruga-106br.hr\/wp-content\/uploads\/2024\/12\/2.12.-Dan-Grada-Osijeka6.jpg 1600w\" sizes=\"auto, (max-width: 1024px) 100vw, 1024px\" \/><\/figure>\n\n\n\n<figure class=\"wp-block-image size-large\"><img loading=\"lazy\" decoding=\"async\" width=\"1024\" height=\"771\" data-id=\"3825\" src=\"https:\/\/udruga-106br.hr\/wp-content\/uploads\/2024\/12\/2.12.-Dan-Grada-Osijeka7-1024x771.jpg\" alt=\"\" class=\"wp-image-3825\" srcset=\"https:\/\/udruga-106br.hr\/wp-content\/uploads\/2024\/12\/2.12.-Dan-Grada-Osijeka7-1024x771.jpg 1024w, https:\/\/udruga-106br.hr\/wp-content\/uploads\/2024\/12\/2.12.-Dan-Grada-Osijeka7-300x226.jpg 300w, https:\/\/udruga-106br.hr\/wp-content\/uploads\/2024\/12\/2.12.-Dan-Grada-Osijeka7-768x578.jpg 768w, https:\/\/udruga-106br.hr\/wp-content\/uploads\/2024\/12\/2.12.-Dan-Grada-Osijeka7-1536x1157.jpg 1536w, https:\/\/udruga-106br.hr\/wp-content\/uploads\/2024\/12\/2.12.-Dan-Grada-Osijeka7.jpg 1600w\" sizes=\"auto, (max-width: 1024px) 100vw, 1024px\" \/><\/figure>\n\n\n\n<figure class=\"wp-block-image size-large\"><img loading=\"lazy\" decoding=\"async\" width=\"1024\" height=\"771\" data-id=\"3830\" src=\"https:\/\/udruga-106br.hr\/wp-content\/uploads\/2024\/12\/2.12.-Dan-Grada-Osijeka8-1024x771.jpg\" alt=\"\" class=\"wp-image-3830\" srcset=\"https:\/\/udruga-106br.hr\/wp-content\/uploads\/2024\/12\/2.12.-Dan-Grada-Osijeka8-1024x771.jpg 1024w, https:\/\/udruga-106br.hr\/wp-content\/uploads\/2024\/12\/2.12.-Dan-Grada-Osijeka8-300x226.jpg 300w, https:\/\/udruga-106br.hr\/wp-content\/uploads\/2024\/12\/2.12.-Dan-Grada-Osijeka8-768x578.jpg 768w, https:\/\/udruga-106br.hr\/wp-content\/uploads\/2024\/12\/2.12.-Dan-Grada-Osijeka8-1536x1157.jpg 1536w, https:\/\/udruga-106br.hr\/wp-content\/uploads\/2024\/12\/2.12.-Dan-Grada-Osijeka8.jpg 1600w\" sizes=\"auto, (max-width: 1024px) 100vw, 1024px\" \/><\/figure>\n\n\n\n<figure class=\"wp-block-image size-large\"><img loading=\"lazy\" decoding=\"async\" width=\"1024\" height=\"771\" data-id=\"3832\" src=\"https:\/\/udruga-106br.hr\/wp-content\/uploads\/2024\/12\/2.12.-Dan-Grada-Osijeka9-1024x771.jpg\" alt=\"\" class=\"wp-image-3832\" srcset=\"https:\/\/udruga-106br.hr\/wp-content\/uploads\/2024\/12\/2.12.-Dan-Grada-Osijeka9-1024x771.jpg 1024w, https:\/\/udruga-106br.hr\/wp-content\/uploads\/2024\/12\/2.12.-Dan-Grada-Osijeka9-300x226.jpg 300w, https:\/\/udruga-106br.hr\/wp-content\/uploads\/2024\/12\/2.12.-Dan-Grada-Osijeka9-768x578.jpg 768w, https:\/\/udruga-106br.hr\/wp-content\/uploads\/2024\/12\/2.12.-Dan-Grada-Osijeka9-1536x1157.jpg 1536w, https:\/\/udruga-106br.hr\/wp-content\/uploads\/2024\/12\/2.12.-Dan-Grada-Osijeka9.jpg 1600w\" sizes=\"auto, (max-width: 1024px) 100vw, 1024px\" \/><\/figure>\n\n\n\n<figure class=\"wp-block-image size-large\"><img loading=\"lazy\" decoding=\"async\" width=\"1024\" height=\"771\" data-id=\"3831\" src=\"https:\/\/udruga-106br.hr\/wp-content\/uploads\/2024\/12\/2.12.-Dan-Grada-Osijeka10-1024x771.jpg\" alt=\"\" class=\"wp-image-3831\" srcset=\"https:\/\/udruga-106br.hr\/wp-content\/uploads\/2024\/12\/2.12.-Dan-Grada-Osijeka10-1024x771.jpg 1024w, https:\/\/udruga-106br.hr\/wp-content\/uploads\/2024\/12\/2.12.-Dan-Grada-Osijeka10-300x226.jpg 300w, https:\/\/udruga-106br.hr\/wp-content\/uploads\/2024\/12\/2.12.-Dan-Grada-Osijeka10-768x578.jpg 768w, https:\/\/udruga-106br.hr\/wp-content\/uploads\/2024\/12\/2.12.-Dan-Grada-Osijeka10-1536x1157.jpg 1536w, https:\/\/udruga-106br.hr\/wp-content\/uploads\/2024\/12\/2.12.-Dan-Grada-Osijeka10.jpg 1600w\" sizes=\"auto, (max-width: 1024px) 100vw, 1024px\" \/><\/figure>\n\n\n\n<figure class=\"wp-block-image size-large\"><img loading=\"lazy\" decoding=\"async\" width=\"1024\" height=\"771\" data-id=\"3833\" src=\"https:\/\/udruga-106br.hr\/wp-content\/uploads\/2024\/12\/2.12.-Dan-Grada-Osijeka11-1024x771.jpg\" alt=\"\" class=\"wp-image-3833\" srcset=\"https:\/\/udruga-106br.hr\/wp-content\/uploads\/2024\/12\/2.12.-Dan-Grada-Osijeka11-1024x771.jpg 1024w, https:\/\/udruga-106br.hr\/wp-content\/uploads\/2024\/12\/2.12.-Dan-Grada-Osijeka11-300x226.jpg 300w, https:\/\/udruga-106br.hr\/wp-content\/uploads\/2024\/12\/2.12.-Dan-Grada-Osijeka11-768x578.jpg 768w, https:\/\/udruga-106br.hr\/wp-content\/uploads\/2024\/12\/2.12.-Dan-Grada-Osijeka11-1536x1157.jpg 1536w, https:\/\/udruga-106br.hr\/wp-content\/uploads\/2024\/12\/2.12.-Dan-Grada-Osijeka11.jpg 1600w\" sizes=\"auto, (max-width: 1024px) 100vw, 1024px\" \/><\/figure>\n<\/figure>\n<!-- AddThis Advanced Settings generic via filter on the_content --><!-- AddThis Share Buttons generic via filter on the_content -->","protected":false},"excerpt":{"rendered":"<p>Danas je u koncertnoj dvorani &#8220;Franjo Kre\u017ema&#8221; sve\u010danom sjednicom Gradskog vije\u0107a obilje\u017een Dan grada Osijeka te 238. obljetnica ujedinjenja Tvr\u0111e, Gornjeg i Donjeg grada. Uz brojne uzvanike, sjednici su prisustvovali premijer Andrej Plenkovi\u0107, izaslanica predsjednika Hrvatskog sabora Nata\u0161a Trami\u0161ak, ministri, saborski zastupnici te gradona\u010delnik Ivan Radi\u0107. Predstavnik Udruge veterana 106. brigade Osijek prisustvovao je sjednici &hellip; <a href=\"https:\/\/udruga-106br.hr\/index.php\/2-12-2024-obiljezen-dan-grada-osijeka-238-godina-povijesti-ponosa-i-razvoja\/\" class=\"more-link\">Nastavi \u010ditati <span class=\"screen-reader-text\">2.12.2024. Obilje\u017een Dan grada Osijeka \u2013 238 godina povijesti, ponosa i razvoja<\/span><\/a><!-- AddThis Advanced Settings generic via filter on get_the_excerpt --><!-- AddThis Share Buttons generic via filter on get_the_excerpt --><\/p>\n","protected":false},"author":1,"featured_media":0,"comment_status":"closed","ping_status":"closed","sticky":false,"template":"","format":"standard","meta":{"footnotes":""},"categories":[32],"tags":[],"class_list":["post-3821","post","type-post","status-publish","format-standard","hentry","category-iz-zivota-udruge"],"_links":{"self":[{"href":"https:\/\/udruga-106br.hr\/index.php\/wp-json\/wp\/v2\/posts\/3821","targetHints":{"allow":["GET"]}}],"collection":[{"href":"https:\/\/udruga-106br.hr\/index.php\/wp-json\/wp\/v2\/posts"}],"about":[{"href":"https:\/\/udruga-106br.hr\/index.php\/wp-json\/wp\/v2\/types\/post"}],"author":[{"embeddable":true,"href":"https:\/\/udruga-106br.hr\/index.php\/wp-json\/wp\/v2\/users\/1"}],"replies":[{"embeddable":true,"href":"https:\/\/udruga-106br.hr\/index.php\/wp-json\/wp\/v2\/comments?post=3821"}],"version-history":[{"count":1,"href":"https:\/\/udruga-106br.hr\/index.php\/wp-json\/wp\/v2\/posts\/3821\/revisions"}],"predecessor-version":[{"id":3834,"href":"https:\/\/udruga-106br.hr\/index.php\/wp-json\/wp\/v2\/posts\/3821\/revisions\/3834"}],"wp:attachment":[{"href":"https:\/\/udruga-106br.hr\/index.php\/wp-json\/wp\/v2\/media?parent=3821"}],"wp:term":[{"taxonomy":"category","embeddable":true,"href":"https:\/\/udruga-106br.hr\/index.php\/wp-json\/wp\/v2\/categories?post=3821"},{"taxonomy":"post_tag","embeddable":true,"href":"https:\/\/udruga-106br.hr\/index.php\/wp-json\/wp\/v2\/tags?post=3821"}],"curies":[{"name":"wp","href":"https:\/\/api.w.org\/{rel}","templated":true}]}}