{"id":3835,"date":"2024-12-03T08:17:24","date_gmt":"2024-12-03T07:17:24","guid":{"rendered":"https:\/\/udruga-106br.hr\/?p=3835"},"modified":"2025-10-17T19:21:36","modified_gmt":"2025-10-17T17:21:36","slug":"poziv-na-tribinu-ako-ne-znas-sto-je-bilo-sjecanje-na-5-12-1991-godine-4-12-2024","status":"publish","type":"post","link":"https:\/\/udruga-106br.hr\/index.php\/poziv-na-tribinu-ako-ne-znas-sto-je-bilo-sjecanje-na-5-12-1991-godine-4-12-2024\/","title":{"rendered":"POZIV NA TRIBINU &#8220;AKO NE ZNA\u0160 \u0160TO JE BILO \u2013 SJE\u0106ANJE NA 5.12.1991. GODINE&#8221; \u2013 4.12.2024."},"content":{"rendered":"\n<p>Dragi \u010dlanovi Udruge veterana 106. brigade Osijek, prijatelji i pratitelji,<\/p>\n\n\n\n<p>Udruga obitelji nestalih i nasilno odvedenih branitelja Domovinskog rata Osijek i Hrvatsko dru\u0161tvo logora\u0161a srpskih koncentracijskih logora OB\u017d, u suradnji s Koordinacijom udruga branitelja i stradalnika Domovinskog rata OB\u017d te Odborom za branitelje i braniteljske udruge Grada Osijeka,<\/p>\n\n\n\n<p>srda\u010dno vas pozivaju na tribinu:<\/p>\n\n\n\n<p>&#8220;AKO NE ZNA\u0160 \u0160TO JE BILO \u2013 SJE\u0106ANJE NA 5.12.1991. GODINE&#8221;<\/p>\n\n\n\n<p>&#8211; Mjesto: Vijenac I. Me\u0161trovi\u0107a, &#8220;HVIDRA&#8221; Osijek<br>&#8211; Datum: 4. prosinca 2024.<br>&#8211; Vrijeme: 18:00 sati<br>&#8211; Voditelj: Filip Ku\u0161tro<\/p>\n\n\n\n<p>Ova tribina ima poseban cilj \u2013 o\u010duvanje sje\u0107anja na Domovinski rat, stradanja hrvatskih branitelja i civila te herojsku obranu na\u0161ega grada. Prisjetimo se zajedno tragi\u010dnih, ali hrabrih doga\u0111aja prosinca 1991. godine, koji su oblikovali na\u0161u povijest.<\/p>\n\n\n\n<p>&#8211; Pokrovitelji doga\u0111aja: Grad Osijek, Osje\u010dko-baranjska \u017eupanija i Ministarstvo hrvatskih branitelja.<\/p>\n\n\n\n<p>Pozivamo sve \u010dlanove Udruge da se odazovu ovom va\u017enom doga\u0111aju i zajedni\u010dki obilje\u017ee sje\u0107anje na hrabre dane na\u0161e povijesti.<\/p>\n\n\n\n<p>Vidimo se! <\/p>\n\n\n\n<figure class=\"wp-block-image size-large\"><img loading=\"lazy\" decoding=\"async\" width=\"724\" height=\"1024\" src=\"https:\/\/udruga-106br.hr\/wp-content\/uploads\/2024\/12\/5.12.2024-724x1024.jpg\" alt=\"\" class=\"wp-image-3836\" srcset=\"https:\/\/udruga-106br.hr\/wp-content\/uploads\/2024\/12\/5.12.2024-724x1024.jpg 724w, https:\/\/udruga-106br.hr\/wp-content\/uploads\/2024\/12\/5.12.2024-212x300.jpg 212w, https:\/\/udruga-106br.hr\/wp-content\/uploads\/2024\/12\/5.12.2024-768x1086.jpg 768w, https:\/\/udruga-106br.hr\/wp-content\/uploads\/2024\/12\/5.12.2024-1087x1536.jpg 1087w, https:\/\/udruga-106br.hr\/wp-content\/uploads\/2024\/12\/5.12.2024.jpg 1132w\" sizes=\"auto, (max-width: 724px) 100vw, 724px\" \/><\/figure>\n<!-- AddThis Advanced Settings generic via filter on the_content --><!-- AddThis Share Buttons generic via filter on the_content -->","protected":false},"excerpt":{"rendered":"<p>Dragi \u010dlanovi Udruge veterana 106. brigade Osijek, prijatelji i pratitelji, Udruga obitelji nestalih i nasilno odvedenih branitelja Domovinskog rata Osijek i Hrvatsko dru\u0161tvo logora\u0161a srpskih koncentracijskih logora OB\u017d, u suradnji s Koordinacijom udruga branitelja i stradalnika Domovinskog rata OB\u017d te Odborom za branitelje i braniteljske udruge Grada Osijeka, srda\u010dno vas pozivaju na tribinu: &#8220;AKO NE &hellip; <a href=\"https:\/\/udruga-106br.hr\/index.php\/poziv-na-tribinu-ako-ne-znas-sto-je-bilo-sjecanje-na-5-12-1991-godine-4-12-2024\/\" class=\"more-link\">Nastavi \u010ditati <span class=\"screen-reader-text\">POZIV NA TRIBINU &#8220;AKO NE ZNA\u0160 \u0160TO JE BILO \u2013 SJE\u0106ANJE NA 5.12.1991. GODINE&#8221; \u2013 4.12.2024.<\/span><\/a><!-- AddThis Advanced Settings generic via filter on get_the_excerpt --><!-- AddThis Share Buttons generic via filter on get_the_excerpt --><\/p>\n","protected":false},"author":1,"featured_media":0,"comment_status":"closed","ping_status":"closed","sticky":false,"template":"","format":"standard","meta":{"footnotes":""},"categories":[32],"tags":[],"class_list":["post-3835","post","type-post","status-publish","format-standard","hentry","category-iz-zivota-udruge"],"_links":{"self":[{"href":"https:\/\/udruga-106br.hr\/index.php\/wp-json\/wp\/v2\/posts\/3835","targetHints":{"allow":["GET"]}}],"collection":[{"href":"https:\/\/udruga-106br.hr\/index.php\/wp-json\/wp\/v2\/posts"}],"about":[{"href":"https:\/\/udruga-106br.hr\/index.php\/wp-json\/wp\/v2\/types\/post"}],"author":[{"embeddable":true,"href":"https:\/\/udruga-106br.hr\/index.php\/wp-json\/wp\/v2\/users\/1"}],"replies":[{"embeddable":true,"href":"https:\/\/udruga-106br.hr\/index.php\/wp-json\/wp\/v2\/comments?post=3835"}],"version-history":[{"count":1,"href":"https:\/\/udruga-106br.hr\/index.php\/wp-json\/wp\/v2\/posts\/3835\/revisions"}],"predecessor-version":[{"id":3837,"href":"https:\/\/udruga-106br.hr\/index.php\/wp-json\/wp\/v2\/posts\/3835\/revisions\/3837"}],"wp:attachment":[{"href":"https:\/\/udruga-106br.hr\/index.php\/wp-json\/wp\/v2\/media?parent=3835"}],"wp:term":[{"taxonomy":"category","embeddable":true,"href":"https:\/\/udruga-106br.hr\/index.php\/wp-json\/wp\/v2\/categories?post=3835"},{"taxonomy":"post_tag","embeddable":true,"href":"https:\/\/udruga-106br.hr\/index.php\/wp-json\/wp\/v2\/tags?post=3835"}],"curies":[{"name":"wp","href":"https:\/\/api.w.org\/{rel}","templated":true}]}}