{"id":3838,"date":"2024-12-04T12:22:30","date_gmt":"2024-12-04T11:22:30","guid":{"rendered":"https:\/\/udruga-106br.hr\/?p=3838"},"modified":"2025-10-17T19:21:36","modified_gmt":"2025-10-17T17:21:36","slug":"3-12-2024-sjecanje-na-heroje-106-brigade-zng-rh-milana-dakica-i-josipa-brnica","status":"publish","type":"post","link":"https:\/\/udruga-106br.hr\/index.php\/3-12-2024-sjecanje-na-heroje-106-brigade-zng-rh-milana-dakica-i-josipa-brnica\/","title":{"rendered":"3.12.2024. Sje\u0107anje na heroje 106. brigade ZNG RH &#8211; Milana Daki\u0107a i Josipa Brni\u0107a"},"content":{"rendered":"\n<p>Na dan 3. prosinca, prisje\u0107amo se s tugom, ponosom i zahvalno\u0161\u0107u dvojice heroja, Milana Daki\u0107a i Josipa Brni\u0107a, pripadnika 106. brigade ZNG RH. Njihova hrabrost i nesebi\u010dna \u017ertva za slobodu na\u0161e domovine ostaju vje\u010dno u na\u0161im srcima.<\/p>\n\n\n\n<p>Pale\u0107i svije\u0107e, mi, \u010dlanovi i predstavnici Udruge veterana 106. brigade Osijek, prijatelji i suborci, simboli\u010dno osvjetljavamo uspomenu na njihovu hrabrost, po\u017ertvovnost i odanost. Neka nas svjetlost tih plamenova podsjeti na njihovu ljubav prema domovini i vje\u010dnu inspiraciju za sve nas.<\/p>\n\n\n\n<p>Danas i zauvijek, \u010duvamo uspomenu na njihove \u017eivote i njihovu neizmjernu \u017ertvu. Po\u010divali u miru. <\/p>\n\n\n\n<figure class=\"wp-block-gallery has-nested-images columns-default is-cropped wp-block-gallery-1 is-layout-flex wp-block-gallery-is-layout-flex\">\n<figure class=\"wp-block-image size-large\"><img loading=\"lazy\" decoding=\"async\" width=\"1024\" height=\"768\" data-id=\"3839\" src=\"https:\/\/udruga-106br.hr\/wp-content\/uploads\/2024\/12\/3.12.-1-1024x768.jpg\" alt=\"\" class=\"wp-image-3839\" srcset=\"https:\/\/udruga-106br.hr\/wp-content\/uploads\/2024\/12\/3.12.-1-1024x768.jpg 1024w, https:\/\/udruga-106br.hr\/wp-content\/uploads\/2024\/12\/3.12.-1-300x225.jpg 300w, https:\/\/udruga-106br.hr\/wp-content\/uploads\/2024\/12\/3.12.-1-768x576.jpg 768w, https:\/\/udruga-106br.hr\/wp-content\/uploads\/2024\/12\/3.12.-1-1536x1152.jpg 1536w, https:\/\/udruga-106br.hr\/wp-content\/uploads\/2024\/12\/3.12.-1.jpg 1600w\" sizes=\"auto, (max-width: 1024px) 100vw, 1024px\" \/><\/figure>\n\n\n\n<figure class=\"wp-block-image size-large\"><img loading=\"lazy\" decoding=\"async\" width=\"1024\" height=\"768\" data-id=\"3840\" src=\"https:\/\/udruga-106br.hr\/wp-content\/uploads\/2024\/12\/3.12.-2-1024x768.jpg\" alt=\"\" class=\"wp-image-3840\" srcset=\"https:\/\/udruga-106br.hr\/wp-content\/uploads\/2024\/12\/3.12.-2-1024x768.jpg 1024w, https:\/\/udruga-106br.hr\/wp-content\/uploads\/2024\/12\/3.12.-2-300x225.jpg 300w, https:\/\/udruga-106br.hr\/wp-content\/uploads\/2024\/12\/3.12.-2-768x576.jpg 768w, https:\/\/udruga-106br.hr\/wp-content\/uploads\/2024\/12\/3.12.-2-1536x1152.jpg 1536w, https:\/\/udruga-106br.hr\/wp-content\/uploads\/2024\/12\/3.12.-2.jpg 1600w\" sizes=\"auto, (max-width: 1024px) 100vw, 1024px\" \/><\/figure>\n\n\n\n<figure class=\"wp-block-image size-large\"><img loading=\"lazy\" decoding=\"async\" width=\"1024\" height=\"768\" data-id=\"3841\" src=\"https:\/\/udruga-106br.hr\/wp-content\/uploads\/2024\/12\/3.12.-3-1024x768.jpg\" alt=\"\" class=\"wp-image-3841\" srcset=\"https:\/\/udruga-106br.hr\/wp-content\/uploads\/2024\/12\/3.12.-3-1024x768.jpg 1024w, https:\/\/udruga-106br.hr\/wp-content\/uploads\/2024\/12\/3.12.-3-300x225.jpg 300w, https:\/\/udruga-106br.hr\/wp-content\/uploads\/2024\/12\/3.12.-3-768x576.jpg 768w, https:\/\/udruga-106br.hr\/wp-content\/uploads\/2024\/12\/3.12.-3-1536x1152.jpg 1536w, https:\/\/udruga-106br.hr\/wp-content\/uploads\/2024\/12\/3.12.-3.jpg 1600w\" sizes=\"auto, (max-width: 1024px) 100vw, 1024px\" \/><\/figure>\n\n\n\n<figure class=\"wp-block-image size-large\"><img loading=\"lazy\" decoding=\"async\" width=\"1024\" height=\"1024\" data-id=\"3843\" src=\"https:\/\/udruga-106br.hr\/wp-content\/uploads\/2024\/12\/3.12.-1024x1024.jpg\" alt=\"\" class=\"wp-image-3843\" srcset=\"https:\/\/udruga-106br.hr\/wp-content\/uploads\/2024\/12\/3.12.-1024x1024.jpg 1024w, https:\/\/udruga-106br.hr\/wp-content\/uploads\/2024\/12\/3.12.-300x300.jpg 300w, https:\/\/udruga-106br.hr\/wp-content\/uploads\/2024\/12\/3.12.-150x150.jpg 150w, https:\/\/udruga-106br.hr\/wp-content\/uploads\/2024\/12\/3.12.-768x768.jpg 768w, https:\/\/udruga-106br.hr\/wp-content\/uploads\/2024\/12\/3.12.-1536x1536.jpg 1536w, https:\/\/udruga-106br.hr\/wp-content\/uploads\/2024\/12\/3.12..jpg 1600w\" sizes=\"auto, (max-width: 1024px) 100vw, 1024px\" \/><\/figure>\n<\/figure>\n\n\n\n<figure class=\"wp-block-image size-large\"><img loading=\"lazy\" decoding=\"async\" width=\"768\" height=\"1024\" src=\"https:\/\/udruga-106br.hr\/wp-content\/uploads\/2024\/12\/3.12.-4-1-768x1024.jpg\" alt=\"\" class=\"wp-image-3844\" srcset=\"https:\/\/udruga-106br.hr\/wp-content\/uploads\/2024\/12\/3.12.-4-1-768x1024.jpg 768w, https:\/\/udruga-106br.hr\/wp-content\/uploads\/2024\/12\/3.12.-4-1-225x300.jpg 225w, https:\/\/udruga-106br.hr\/wp-content\/uploads\/2024\/12\/3.12.-4-1-1152x1536.jpg 1152w, https:\/\/udruga-106br.hr\/wp-content\/uploads\/2024\/12\/3.12.-4-1.jpg 1200w\" sizes=\"auto, (max-width: 768px) 100vw, 768px\" \/><\/figure>\n<!-- AddThis Advanced Settings generic via filter on the_content --><!-- AddThis Share Buttons generic via filter on the_content -->","protected":false},"excerpt":{"rendered":"<p>Na dan 3. prosinca, prisje\u0107amo se s tugom, ponosom i zahvalno\u0161\u0107u dvojice heroja, Milana Daki\u0107a i Josipa Brni\u0107a, pripadnika 106. brigade ZNG RH. Njihova hrabrost i nesebi\u010dna \u017ertva za slobodu na\u0161e domovine ostaju vje\u010dno u na\u0161im srcima. Pale\u0107i svije\u0107e, mi, \u010dlanovi i predstavnici Udruge veterana 106. brigade Osijek, prijatelji i suborci, simboli\u010dno osvjetljavamo uspomenu na &hellip; <a href=\"https:\/\/udruga-106br.hr\/index.php\/3-12-2024-sjecanje-na-heroje-106-brigade-zng-rh-milana-dakica-i-josipa-brnica\/\" class=\"more-link\">Nastavi \u010ditati <span class=\"screen-reader-text\">3.12.2024. Sje\u0107anje na heroje 106. brigade ZNG RH &#8211; Milana Daki\u0107a i Josipa Brni\u0107a<\/span><\/a><!-- AddThis Advanced Settings generic via filter on get_the_excerpt --><!-- AddThis Share Buttons generic via filter on get_the_excerpt --><\/p>\n","protected":false},"author":1,"featured_media":0,"comment_status":"closed","ping_status":"closed","sticky":false,"template":"","format":"standard","meta":{"footnotes":""},"categories":[32],"tags":[],"class_list":["post-3838","post","type-post","status-publish","format-standard","hentry","category-iz-zivota-udruge"],"_links":{"self":[{"href":"https:\/\/udruga-106br.hr\/index.php\/wp-json\/wp\/v2\/posts\/3838","targetHints":{"allow":["GET"]}}],"collection":[{"href":"https:\/\/udruga-106br.hr\/index.php\/wp-json\/wp\/v2\/posts"}],"about":[{"href":"https:\/\/udruga-106br.hr\/index.php\/wp-json\/wp\/v2\/types\/post"}],"author":[{"embeddable":true,"href":"https:\/\/udruga-106br.hr\/index.php\/wp-json\/wp\/v2\/users\/1"}],"replies":[{"embeddable":true,"href":"https:\/\/udruga-106br.hr\/index.php\/wp-json\/wp\/v2\/comments?post=3838"}],"version-history":[{"count":1,"href":"https:\/\/udruga-106br.hr\/index.php\/wp-json\/wp\/v2\/posts\/3838\/revisions"}],"predecessor-version":[{"id":3845,"href":"https:\/\/udruga-106br.hr\/index.php\/wp-json\/wp\/v2\/posts\/3838\/revisions\/3845"}],"wp:attachment":[{"href":"https:\/\/udruga-106br.hr\/index.php\/wp-json\/wp\/v2\/media?parent=3838"}],"wp:term":[{"taxonomy":"category","embeddable":true,"href":"https:\/\/udruga-106br.hr\/index.php\/wp-json\/wp\/v2\/categories?post=3838"},{"taxonomy":"post_tag","embeddable":true,"href":"https:\/\/udruga-106br.hr\/index.php\/wp-json\/wp\/v2\/tags?post=3838"}],"curies":[{"name":"wp","href":"https:\/\/api.w.org\/{rel}","templated":true}]}}