{"id":3846,"date":"2024-12-04T13:02:31","date_gmt":"2024-12-04T12:02:31","guid":{"rendered":"https:\/\/udruga-106br.hr\/?p=3846"},"modified":"2025-10-17T19:21:36","modified_gmt":"2025-10-17T17:21:36","slug":"svecano-otkrivanje-spomen-ploce-odrzat-ce-se-sutra-5-prosinca-u-1215-sati-na-raskrizju-u-nemetinu","status":"publish","type":"post","link":"https:\/\/udruga-106br.hr\/index.php\/svecano-otkrivanje-spomen-ploce-odrzat-ce-se-sutra-5-prosinca-u-1215-sati-na-raskrizju-u-nemetinu\/","title":{"rendered":"Sve\u010dano otkrivanje spomen-plo\u010de odr\u017eat \u0107e se sutra, 5. prosinca u 12:15 sati, na raskri\u017eju u Nemetinu"},"content":{"rendered":"\n<p>S ponosom objavljujemo da je spomen-plo\u010da posve\u0107ena svim poginulima u Nemetinu izra\u0111ena i postavljena. Ovim \u010dinom \u017eelimo odati po\u010dast hrabrim suborcima koji su dali svoje \u017eivote.<\/p>\n\n\n\n<figure class=\"wp-block-image size-large\"><img loading=\"lazy\" decoding=\"async\" width=\"768\" height=\"1024\" src=\"https:\/\/udruga-106br.hr\/wp-content\/uploads\/2024\/12\/5.12.Nemetin-ploca-768x1024.jpg\" alt=\"\" class=\"wp-image-3849\" srcset=\"https:\/\/udruga-106br.hr\/wp-content\/uploads\/2024\/12\/5.12.Nemetin-ploca-768x1024.jpg 768w, https:\/\/udruga-106br.hr\/wp-content\/uploads\/2024\/12\/5.12.Nemetin-ploca-225x300.jpg 225w, https:\/\/udruga-106br.hr\/wp-content\/uploads\/2024\/12\/5.12.Nemetin-ploca-1152x1536.jpg 1152w, https:\/\/udruga-106br.hr\/wp-content\/uploads\/2024\/12\/5.12.Nemetin-ploca.jpg 1200w\" sizes=\"auto, (max-width: 768px) 100vw, 768px\" \/><\/figure>\n\n\n\n<p>Sve\u010dano otkrivanje spomen-plo\u010de odr\u017eat \u0107e se sutra, <strong>5. prosinca u 12:15 sati<\/strong>, na raskri\u017eju u Nemetinu.<\/p>\n\n\n\n<p>Pozivamo vas da zajedno iska\u017eemo zahvalnost i \u010duvamo sje\u0107anje na one koji su polo\u017eili \u017eivote za na\u0161u slobodu.<\/p>\n\n\n\n<p class=\"has-text-align-center\">&#8211; <strong>Neka njihova \u017ertva nikada ne bude zaboravljena.<\/strong> &#8211;  <\/p>\n\n\n\n<figure class=\"wp-block-image size-large\"><img loading=\"lazy\" decoding=\"async\" width=\"724\" height=\"1024\" src=\"https:\/\/udruga-106br.hr\/wp-content\/uploads\/2024\/12\/5.12.2024-1-724x1024.jpg\" alt=\"\" class=\"wp-image-3847\" srcset=\"https:\/\/udruga-106br.hr\/wp-content\/uploads\/2024\/12\/5.12.2024-1-724x1024.jpg 724w, https:\/\/udruga-106br.hr\/wp-content\/uploads\/2024\/12\/5.12.2024-1-212x300.jpg 212w, https:\/\/udruga-106br.hr\/wp-content\/uploads\/2024\/12\/5.12.2024-1-768x1086.jpg 768w, https:\/\/udruga-106br.hr\/wp-content\/uploads\/2024\/12\/5.12.2024-1-1087x1536.jpg 1087w, https:\/\/udruga-106br.hr\/wp-content\/uploads\/2024\/12\/5.12.2024-1.jpg 1132w\" sizes=\"auto, (max-width: 724px) 100vw, 724px\" \/><\/figure>\n<!-- AddThis Advanced Settings generic via filter on the_content --><!-- AddThis Share Buttons generic via filter on the_content -->","protected":false},"excerpt":{"rendered":"<p>S ponosom objavljujemo da je spomen-plo\u010da posve\u0107ena svim poginulima u Nemetinu izra\u0111ena i postavljena. Ovim \u010dinom \u017eelimo odati po\u010dast hrabrim suborcima koji su dali svoje \u017eivote. Sve\u010dano otkrivanje spomen-plo\u010de odr\u017eat \u0107e se sutra, 5. prosinca u 12:15 sati, na raskri\u017eju u Nemetinu. Pozivamo vas da zajedno iska\u017eemo zahvalnost i \u010duvamo sje\u0107anje na one koji su &hellip; <a href=\"https:\/\/udruga-106br.hr\/index.php\/svecano-otkrivanje-spomen-ploce-odrzat-ce-se-sutra-5-prosinca-u-1215-sati-na-raskrizju-u-nemetinu\/\" class=\"more-link\">Nastavi \u010ditati <span class=\"screen-reader-text\">Sve\u010dano otkrivanje spomen-plo\u010de odr\u017eat \u0107e se sutra, 5. prosinca u 12:15 sati, na raskri\u017eju u Nemetinu<\/span><\/a><!-- AddThis Advanced Settings generic via filter on get_the_excerpt --><!-- AddThis Share Buttons generic via filter on get_the_excerpt --><\/p>\n","protected":false},"author":1,"featured_media":0,"comment_status":"closed","ping_status":"closed","sticky":false,"template":"","format":"standard","meta":{"footnotes":""},"categories":[32],"tags":[],"class_list":["post-3846","post","type-post","status-publish","format-standard","hentry","category-iz-zivota-udruge"],"_links":{"self":[{"href":"https:\/\/udruga-106br.hr\/index.php\/wp-json\/wp\/v2\/posts\/3846","targetHints":{"allow":["GET"]}}],"collection":[{"href":"https:\/\/udruga-106br.hr\/index.php\/wp-json\/wp\/v2\/posts"}],"about":[{"href":"https:\/\/udruga-106br.hr\/index.php\/wp-json\/wp\/v2\/types\/post"}],"author":[{"embeddable":true,"href":"https:\/\/udruga-106br.hr\/index.php\/wp-json\/wp\/v2\/users\/1"}],"replies":[{"embeddable":true,"href":"https:\/\/udruga-106br.hr\/index.php\/wp-json\/wp\/v2\/comments?post=3846"}],"version-history":[{"count":3,"href":"https:\/\/udruga-106br.hr\/index.php\/wp-json\/wp\/v2\/posts\/3846\/revisions"}],"predecessor-version":[{"id":3869,"href":"https:\/\/udruga-106br.hr\/index.php\/wp-json\/wp\/v2\/posts\/3846\/revisions\/3869"}],"wp:attachment":[{"href":"https:\/\/udruga-106br.hr\/index.php\/wp-json\/wp\/v2\/media?parent=3846"}],"wp:term":[{"taxonomy":"category","embeddable":true,"href":"https:\/\/udruga-106br.hr\/index.php\/wp-json\/wp\/v2\/categories?post=3846"},{"taxonomy":"post_tag","embeddable":true,"href":"https:\/\/udruga-106br.hr\/index.php\/wp-json\/wp\/v2\/tags?post=3846"}],"curies":[{"name":"wp","href":"https:\/\/api.w.org\/{rel}","templated":true}]}}