{"id":3851,"date":"2024-12-04T13:52:30","date_gmt":"2024-12-04T12:52:30","guid":{"rendered":"https:\/\/udruga-106br.hr\/?p=3851"},"modified":"2025-10-17T19:21:36","modified_gmt":"2025-10-17T17:21:36","slug":"prisjecamo-se-197-poginulih-pripadnika-106-brigade-osijek","status":"publish","type":"post","link":"https:\/\/udruga-106br.hr\/index.php\/prisjecamo-se-197-poginulih-pripadnika-106-brigade-osijek\/","title":{"rendered":"Prisje\u0107amo se 197 poginulih pripadnika 106. brigade Osijek"},"content":{"rendered":"\n<p>Po\u0161tovani \u010dlanovi Udruge i sugra\u0111ani,<\/p>\n\n\n\n<p>U povodu Dana grada Osijeka (2.12.2024.) i Dana obrane grada Osijeka (5.12.2024.), s ponosom i po\u0161tovanjem prisje\u0107amo se 197 poginulih pripadnika 106. brigade Osijek.<\/p>\n\n\n\n<p> Od 2. do 5. prosinca 2024. obilazimo grobna mjesta na\u0161ih heroja i na svako pola\u017eemo vijenac i palimo svije\u0107u.<\/p>\n\n\n\n<p>Ovo je na\u0161e zajedni\u010dko sje\u0107anje i zahvala onima koji su polo\u017eili \u017eivote za slobodu na\u0161eg grada i domovine. <\/p>\n\n\n\n<p class=\"has-text-align-center\">&#8211; Nikada zaboravljeni. Zauvijek zahvalni. &#8211;<\/p>\n\n\n\n<figure class=\"wp-block-gallery has-nested-images columns-default is-cropped wp-block-gallery-1 is-layout-flex wp-block-gallery-is-layout-flex\">\n<figure class=\"wp-block-image size-large\"><img loading=\"lazy\" decoding=\"async\" width=\"768\" height=\"1024\" data-id=\"3852\" src=\"https:\/\/udruga-106br.hr\/wp-content\/uploads\/2024\/12\/vjencici_Retfala-768x1024.jpg\" alt=\"\" class=\"wp-image-3852\" srcset=\"https:\/\/udruga-106br.hr\/wp-content\/uploads\/2024\/12\/vjencici_Retfala-768x1024.jpg 768w, https:\/\/udruga-106br.hr\/wp-content\/uploads\/2024\/12\/vjencici_Retfala-225x300.jpg 225w, https:\/\/udruga-106br.hr\/wp-content\/uploads\/2024\/12\/vjencici_Retfala-1152x1536.jpg 1152w, https:\/\/udruga-106br.hr\/wp-content\/uploads\/2024\/12\/vjencici_Retfala.jpg 1200w\" sizes=\"auto, (max-width: 768px) 100vw, 768px\" \/><\/figure>\n\n\n\n<figure class=\"wp-block-image size-large\"><img loading=\"lazy\" decoding=\"async\" width=\"768\" height=\"1024\" data-id=\"3856\" src=\"https:\/\/udruga-106br.hr\/wp-content\/uploads\/2024\/12\/vjencici_Retfala1-768x1024.jpg\" alt=\"\" class=\"wp-image-3856\" srcset=\"https:\/\/udruga-106br.hr\/wp-content\/uploads\/2024\/12\/vjencici_Retfala1-768x1024.jpg 768w, https:\/\/udruga-106br.hr\/wp-content\/uploads\/2024\/12\/vjencici_Retfala1-225x300.jpg 225w, https:\/\/udruga-106br.hr\/wp-content\/uploads\/2024\/12\/vjencici_Retfala1-1152x1536.jpg 1152w, https:\/\/udruga-106br.hr\/wp-content\/uploads\/2024\/12\/vjencici_Retfala1.jpg 1200w\" sizes=\"auto, (max-width: 768px) 100vw, 768px\" \/><\/figure>\n\n\n\n<figure class=\"wp-block-image size-large\"><img loading=\"lazy\" decoding=\"async\" width=\"768\" height=\"1024\" data-id=\"3857\" src=\"https:\/\/udruga-106br.hr\/wp-content\/uploads\/2024\/12\/vjencici_Retfala2-768x1024.jpg\" alt=\"\" class=\"wp-image-3857\" srcset=\"https:\/\/udruga-106br.hr\/wp-content\/uploads\/2024\/12\/vjencici_Retfala2-768x1024.jpg 768w, https:\/\/udruga-106br.hr\/wp-content\/uploads\/2024\/12\/vjencici_Retfala2-225x300.jpg 225w, https:\/\/udruga-106br.hr\/wp-content\/uploads\/2024\/12\/vjencici_Retfala2-1152x1536.jpg 1152w, https:\/\/udruga-106br.hr\/wp-content\/uploads\/2024\/12\/vjencici_Retfala2.jpg 1200w\" sizes=\"auto, (max-width: 768px) 100vw, 768px\" \/><\/figure>\n\n\n\n<figure class=\"wp-block-image size-large\"><img loading=\"lazy\" decoding=\"async\" width=\"768\" height=\"1024\" data-id=\"3853\" src=\"https:\/\/udruga-106br.hr\/wp-content\/uploads\/2024\/12\/vjencici_Retfala3-768x1024.jpg\" alt=\"\" class=\"wp-image-3853\" srcset=\"https:\/\/udruga-106br.hr\/wp-content\/uploads\/2024\/12\/vjencici_Retfala3-768x1024.jpg 768w, https:\/\/udruga-106br.hr\/wp-content\/uploads\/2024\/12\/vjencici_Retfala3-225x300.jpg 225w, https:\/\/udruga-106br.hr\/wp-content\/uploads\/2024\/12\/vjencici_Retfala3-1152x1536.jpg 1152w, https:\/\/udruga-106br.hr\/wp-content\/uploads\/2024\/12\/vjencici_Retfala3.jpg 1200w\" sizes=\"auto, (max-width: 768px) 100vw, 768px\" \/><\/figure>\n\n\n\n<figure class=\"wp-block-image size-large\"><img loading=\"lazy\" decoding=\"async\" width=\"768\" height=\"1024\" data-id=\"3855\" src=\"https:\/\/udruga-106br.hr\/wp-content\/uploads\/2024\/12\/vjencici_Retfala4-768x1024.jpg\" alt=\"\" class=\"wp-image-3855\" srcset=\"https:\/\/udruga-106br.hr\/wp-content\/uploads\/2024\/12\/vjencici_Retfala4-768x1024.jpg 768w, https:\/\/udruga-106br.hr\/wp-content\/uploads\/2024\/12\/vjencici_Retfala4-225x300.jpg 225w, https:\/\/udruga-106br.hr\/wp-content\/uploads\/2024\/12\/vjencici_Retfala4-1152x1536.jpg 1152w, https:\/\/udruga-106br.hr\/wp-content\/uploads\/2024\/12\/vjencici_Retfala4.jpg 1200w\" sizes=\"auto, (max-width: 768px) 100vw, 768px\" \/><\/figure>\n\n\n\n<figure class=\"wp-block-image size-large\"><img loading=\"lazy\" decoding=\"async\" width=\"768\" height=\"1024\" data-id=\"3854\" src=\"https:\/\/udruga-106br.hr\/wp-content\/uploads\/2024\/12\/vjencici_Retfala6-768x1024.jpg\" alt=\"\" class=\"wp-image-3854\" srcset=\"https:\/\/udruga-106br.hr\/wp-content\/uploads\/2024\/12\/vjencici_Retfala6-768x1024.jpg 768w, https:\/\/udruga-106br.hr\/wp-content\/uploads\/2024\/12\/vjencici_Retfala6-225x300.jpg 225w, https:\/\/udruga-106br.hr\/wp-content\/uploads\/2024\/12\/vjencici_Retfala6-1152x1536.jpg 1152w, https:\/\/udruga-106br.hr\/wp-content\/uploads\/2024\/12\/vjencici_Retfala6.jpg 1200w\" sizes=\"auto, (max-width: 768px) 100vw, 768px\" \/><\/figure>\n\n\n\n<figure class=\"wp-block-image size-large\"><img loading=\"lazy\" decoding=\"async\" width=\"576\" height=\"1024\" data-id=\"3858\" src=\"https:\/\/udruga-106br.hr\/wp-content\/uploads\/2024\/12\/vjencici_Retfala5-576x1024.jpg\" alt=\"\" class=\"wp-image-3858\" srcset=\"https:\/\/udruga-106br.hr\/wp-content\/uploads\/2024\/12\/vjencici_Retfala5-576x1024.jpg 576w, https:\/\/udruga-106br.hr\/wp-content\/uploads\/2024\/12\/vjencici_Retfala5-169x300.jpg 169w, https:\/\/udruga-106br.hr\/wp-content\/uploads\/2024\/12\/vjencici_Retfala5-768x1365.jpg 768w, https:\/\/udruga-106br.hr\/wp-content\/uploads\/2024\/12\/vjencici_Retfala5-864x1536.jpg 864w, https:\/\/udruga-106br.hr\/wp-content\/uploads\/2024\/12\/vjencici_Retfala5.jpg 900w\" sizes=\"auto, (max-width: 576px) 100vw, 576px\" \/><\/figure>\n<\/figure>\n\n\n\n<figure class=\"wp-block-gallery has-nested-images columns-default is-cropped wp-block-gallery-2 is-layout-flex wp-block-gallery-is-layout-flex\">\n<figure class=\"wp-block-image size-large\"><img loading=\"lazy\" decoding=\"async\" width=\"461\" height=\"1024\" data-id=\"3859\" src=\"https:\/\/udruga-106br.hr\/wp-content\/uploads\/2024\/12\/vjencici_centralno-461x1024.jpg\" alt=\"\" class=\"wp-image-3859\" srcset=\"https:\/\/udruga-106br.hr\/wp-content\/uploads\/2024\/12\/vjencici_centralno-461x1024.jpg 461w, https:\/\/udruga-106br.hr\/wp-content\/uploads\/2024\/12\/vjencici_centralno-135x300.jpg 135w, https:\/\/udruga-106br.hr\/wp-content\/uploads\/2024\/12\/vjencici_centralno-768x1707.jpg 768w, https:\/\/udruga-106br.hr\/wp-content\/uploads\/2024\/12\/vjencici_centralno-691x1536.jpg 691w, https:\/\/udruga-106br.hr\/wp-content\/uploads\/2024\/12\/vjencici_centralno.jpg 810w\" sizes=\"auto, (max-width: 461px) 100vw, 461px\" \/><\/figure>\n\n\n\n<figure class=\"wp-block-image size-large\"><img loading=\"lazy\" decoding=\"async\" width=\"1024\" height=\"461\" data-id=\"3867\" src=\"https:\/\/udruga-106br.hr\/wp-content\/uploads\/2024\/12\/vjencici_centralno1-1024x461.jpg\" alt=\"\" class=\"wp-image-3867\" srcset=\"https:\/\/udruga-106br.hr\/wp-content\/uploads\/2024\/12\/vjencici_centralno1-1024x461.jpg 1024w, https:\/\/udruga-106br.hr\/wp-content\/uploads\/2024\/12\/vjencici_centralno1-300x135.jpg 300w, https:\/\/udruga-106br.hr\/wp-content\/uploads\/2024\/12\/vjencici_centralno1-768x346.jpg 768w, https:\/\/udruga-106br.hr\/wp-content\/uploads\/2024\/12\/vjencici_centralno1-1536x691.jpg 1536w, https:\/\/udruga-106br.hr\/wp-content\/uploads\/2024\/12\/vjencici_centralno1.jpg 1800w\" sizes=\"auto, (max-width: 1024px) 100vw, 1024px\" \/><\/figure>\n\n\n\n<figure class=\"wp-block-image size-large\"><img loading=\"lazy\" decoding=\"async\" width=\"461\" height=\"1024\" data-id=\"3862\" src=\"https:\/\/udruga-106br.hr\/wp-content\/uploads\/2024\/12\/vjencici_centralno2-461x1024.jpg\" alt=\"\" class=\"wp-image-3862\" srcset=\"https:\/\/udruga-106br.hr\/wp-content\/uploads\/2024\/12\/vjencici_centralno2-461x1024.jpg 461w, https:\/\/udruga-106br.hr\/wp-content\/uploads\/2024\/12\/vjencici_centralno2-135x300.jpg 135w, https:\/\/udruga-106br.hr\/wp-content\/uploads\/2024\/12\/vjencici_centralno2-768x1707.jpg 768w, https:\/\/udruga-106br.hr\/wp-content\/uploads\/2024\/12\/vjencici_centralno2-691x1536.jpg 691w, https:\/\/udruga-106br.hr\/wp-content\/uploads\/2024\/12\/vjencici_centralno2.jpg 810w\" sizes=\"auto, (max-width: 461px) 100vw, 461px\" \/><\/figure>\n\n\n\n<figure class=\"wp-block-image size-large\"><img loading=\"lazy\" decoding=\"async\" width=\"461\" height=\"1024\" data-id=\"3863\" src=\"https:\/\/udruga-106br.hr\/wp-content\/uploads\/2024\/12\/vjencici_centralno3-461x1024.jpg\" alt=\"\" class=\"wp-image-3863\" srcset=\"https:\/\/udruga-106br.hr\/wp-content\/uploads\/2024\/12\/vjencici_centralno3-461x1024.jpg 461w, https:\/\/udruga-106br.hr\/wp-content\/uploads\/2024\/12\/vjencici_centralno3-135x300.jpg 135w, https:\/\/udruga-106br.hr\/wp-content\/uploads\/2024\/12\/vjencici_centralno3-768x1707.jpg 768w, https:\/\/udruga-106br.hr\/wp-content\/uploads\/2024\/12\/vjencici_centralno3-691x1536.jpg 691w, https:\/\/udruga-106br.hr\/wp-content\/uploads\/2024\/12\/vjencici_centralno3.jpg 810w\" sizes=\"auto, (max-width: 461px) 100vw, 461px\" \/><\/figure>\n\n\n\n<figure class=\"wp-block-image size-large\"><img loading=\"lazy\" decoding=\"async\" width=\"1024\" height=\"461\" data-id=\"3866\" src=\"https:\/\/udruga-106br.hr\/wp-content\/uploads\/2024\/12\/vjencici_centralno4-1024x461.jpg\" alt=\"\" class=\"wp-image-3866\" srcset=\"https:\/\/udruga-106br.hr\/wp-content\/uploads\/2024\/12\/vjencici_centralno4-1024x461.jpg 1024w, https:\/\/udruga-106br.hr\/wp-content\/uploads\/2024\/12\/vjencici_centralno4-300x135.jpg 300w, https:\/\/udruga-106br.hr\/wp-content\/uploads\/2024\/12\/vjencici_centralno4-768x346.jpg 768w, https:\/\/udruga-106br.hr\/wp-content\/uploads\/2024\/12\/vjencici_centralno4-1536x691.jpg 1536w, https:\/\/udruga-106br.hr\/wp-content\/uploads\/2024\/12\/vjencici_centralno4.jpg 1800w\" sizes=\"auto, (max-width: 1024px) 100vw, 1024px\" \/><\/figure>\n\n\n\n<figure class=\"wp-block-image size-large\"><img loading=\"lazy\" decoding=\"async\" width=\"1024\" height=\"461\" data-id=\"3861\" src=\"https:\/\/udruga-106br.hr\/wp-content\/uploads\/2024\/12\/vjencici_centralno5-1024x461.jpg\" alt=\"\" class=\"wp-image-3861\" srcset=\"https:\/\/udruga-106br.hr\/wp-content\/uploads\/2024\/12\/vjencici_centralno5-1024x461.jpg 1024w, https:\/\/udruga-106br.hr\/wp-content\/uploads\/2024\/12\/vjencici_centralno5-300x135.jpg 300w, https:\/\/udruga-106br.hr\/wp-content\/uploads\/2024\/12\/vjencici_centralno5-768x346.jpg 768w, https:\/\/udruga-106br.hr\/wp-content\/uploads\/2024\/12\/vjencici_centralno5-1536x691.jpg 1536w, https:\/\/udruga-106br.hr\/wp-content\/uploads\/2024\/12\/vjencici_centralno5.jpg 1800w\" sizes=\"auto, (max-width: 1024px) 100vw, 1024px\" \/><\/figure>\n\n\n\n<figure class=\"wp-block-image size-large\"><img loading=\"lazy\" decoding=\"async\" width=\"1024\" height=\"461\" data-id=\"3864\" src=\"https:\/\/udruga-106br.hr\/wp-content\/uploads\/2024\/12\/vjencici_centralno6-1024x461.jpg\" alt=\"\" class=\"wp-image-3864\" srcset=\"https:\/\/udruga-106br.hr\/wp-content\/uploads\/2024\/12\/vjencici_centralno6-1024x461.jpg 1024w, https:\/\/udruga-106br.hr\/wp-content\/uploads\/2024\/12\/vjencici_centralno6-300x135.jpg 300w, https:\/\/udruga-106br.hr\/wp-content\/uploads\/2024\/12\/vjencici_centralno6-768x346.jpg 768w, https:\/\/udruga-106br.hr\/wp-content\/uploads\/2024\/12\/vjencici_centralno6-1536x691.jpg 1536w, https:\/\/udruga-106br.hr\/wp-content\/uploads\/2024\/12\/vjencici_centralno6.jpg 1800w\" sizes=\"auto, (max-width: 1024px) 100vw, 1024px\" \/><\/figure>\n\n\n\n<figure class=\"wp-block-image size-large\"><img loading=\"lazy\" decoding=\"async\" width=\"1024\" height=\"461\" data-id=\"3860\" src=\"https:\/\/udruga-106br.hr\/wp-content\/uploads\/2024\/12\/vjencici_centralno7-1024x461.jpg\" alt=\"\" class=\"wp-image-3860\" srcset=\"https:\/\/udruga-106br.hr\/wp-content\/uploads\/2024\/12\/vjencici_centralno7-1024x461.jpg 1024w, https:\/\/udruga-106br.hr\/wp-content\/uploads\/2024\/12\/vjencici_centralno7-300x135.jpg 300w, https:\/\/udruga-106br.hr\/wp-content\/uploads\/2024\/12\/vjencici_centralno7-768x346.jpg 768w, https:\/\/udruga-106br.hr\/wp-content\/uploads\/2024\/12\/vjencici_centralno7-1536x691.jpg 1536w, https:\/\/udruga-106br.hr\/wp-content\/uploads\/2024\/12\/vjencici_centralno7.jpg 1800w\" sizes=\"auto, (max-width: 1024px) 100vw, 1024px\" \/><\/figure>\n\n\n\n<figure class=\"wp-block-image size-large\"><img loading=\"lazy\" decoding=\"async\" width=\"461\" height=\"1024\" data-id=\"3865\" src=\"https:\/\/udruga-106br.hr\/wp-content\/uploads\/2024\/12\/vjencici_centralno8-461x1024.jpg\" alt=\"\" class=\"wp-image-3865\" srcset=\"https:\/\/udruga-106br.hr\/wp-content\/uploads\/2024\/12\/vjencici_centralno8-461x1024.jpg 461w, https:\/\/udruga-106br.hr\/wp-content\/uploads\/2024\/12\/vjencici_centralno8-135x300.jpg 135w, https:\/\/udruga-106br.hr\/wp-content\/uploads\/2024\/12\/vjencici_centralno8-768x1707.jpg 768w, https:\/\/udruga-106br.hr\/wp-content\/uploads\/2024\/12\/vjencici_centralno8-691x1536.jpg 691w, https:\/\/udruga-106br.hr\/wp-content\/uploads\/2024\/12\/vjencici_centralno8.jpg 810w\" sizes=\"auto, (max-width: 461px) 100vw, 461px\" \/><\/figure>\n<\/figure>\n<!-- AddThis Advanced Settings generic via filter on the_content --><!-- AddThis Share Buttons generic via filter on the_content -->","protected":false},"excerpt":{"rendered":"<p>Po\u0161tovani \u010dlanovi Udruge i sugra\u0111ani, U povodu Dana grada Osijeka (2.12.2024.) i Dana obrane grada Osijeka (5.12.2024.), s ponosom i po\u0161tovanjem prisje\u0107amo se 197 poginulih pripadnika 106. brigade Osijek. Od 2. do 5. prosinca 2024. obilazimo grobna mjesta na\u0161ih heroja i na svako pola\u017eemo vijenac i palimo svije\u0107u. Ovo je na\u0161e zajedni\u010dko sje\u0107anje i zahvala &hellip; <a href=\"https:\/\/udruga-106br.hr\/index.php\/prisjecamo-se-197-poginulih-pripadnika-106-brigade-osijek\/\" class=\"more-link\">Nastavi \u010ditati <span class=\"screen-reader-text\">Prisje\u0107amo se 197 poginulih pripadnika 106. brigade Osijek<\/span><\/a><!-- AddThis Advanced Settings generic via filter on get_the_excerpt --><!-- AddThis Share Buttons generic via filter on get_the_excerpt --><\/p>\n","protected":false},"author":1,"featured_media":0,"comment_status":"closed","ping_status":"closed","sticky":false,"template":"","format":"standard","meta":{"footnotes":""},"categories":[32],"tags":[],"class_list":["post-3851","post","type-post","status-publish","format-standard","hentry","category-iz-zivota-udruge"],"_links":{"self":[{"href":"https:\/\/udruga-106br.hr\/index.php\/wp-json\/wp\/v2\/posts\/3851","targetHints":{"allow":["GET"]}}],"collection":[{"href":"https:\/\/udruga-106br.hr\/index.php\/wp-json\/wp\/v2\/posts"}],"about":[{"href":"https:\/\/udruga-106br.hr\/index.php\/wp-json\/wp\/v2\/types\/post"}],"author":[{"embeddable":true,"href":"https:\/\/udruga-106br.hr\/index.php\/wp-json\/wp\/v2\/users\/1"}],"replies":[{"embeddable":true,"href":"https:\/\/udruga-106br.hr\/index.php\/wp-json\/wp\/v2\/comments?post=3851"}],"version-history":[{"count":3,"href":"https:\/\/udruga-106br.hr\/index.php\/wp-json\/wp\/v2\/posts\/3851\/revisions"}],"predecessor-version":[{"id":3871,"href":"https:\/\/udruga-106br.hr\/index.php\/wp-json\/wp\/v2\/posts\/3851\/revisions\/3871"}],"wp:attachment":[{"href":"https:\/\/udruga-106br.hr\/index.php\/wp-json\/wp\/v2\/media?parent=3851"}],"wp:term":[{"taxonomy":"category","embeddable":true,"href":"https:\/\/udruga-106br.hr\/index.php\/wp-json\/wp\/v2\/categories?post=3851"},{"taxonomy":"post_tag","embeddable":true,"href":"https:\/\/udruga-106br.hr\/index.php\/wp-json\/wp\/v2\/tags?post=3851"}],"curies":[{"name":"wp","href":"https:\/\/api.w.org\/{rel}","templated":true}]}}