{"id":3872,"date":"2024-12-07T07:04:30","date_gmt":"2024-12-07T06:04:30","guid":{"rendered":"https:\/\/udruga-106br.hr\/?p=3872"},"modified":"2025-10-17T19:21:36","modified_gmt":"2025-10-17T17:21:36","slug":"5-12-2024-obiljezavanje-obrane-grada-osijeka","status":"publish","type":"post","link":"https:\/\/udruga-106br.hr\/index.php\/5-12-2024-obiljezavanje-obrane-grada-osijeka\/","title":{"rendered":"5.12.2024. Obilje\u017eavanje obrane grada Osijeka"},"content":{"rendered":"\n<p>S dubokim po\u0161tovanjem i ponosom zapo\u010deli smo obilje\u017eavanje Dana obrane na\u0161eg voljenog grada Osijeka. Program je zapo\u010deo Svetom misom u crkvi Sv. Roka, gdje smo molitvom i zahvalno\u0161\u0107u odali po\u010dast svim herojima koji su prije 33 godine branili na\u0161 grad. Njihova hrabrost ostaje neizbrisiv temelj na\u0161e slobode.<br><br>Kod spomen-obilje\u017eja Sv. Roka, posve\u0107enog 16 pripadnika 106. brigade ZNG RH koji su svoje \u017eivote polo\u017eili u \u0161umi Rosinja\u010da, polo\u017eili smo vijence i upalili svije\u0107e. Ovi simboli svjetlosti i zahvalnosti odra\u017eavaju na\u0161u predanost o\u010duvanju sje\u0107anja na hrabre junake.<\/p>\n\n\n\n<p>Diljem grada Osijeka i okolice \u2013 na Filipovici, Brijestu, u Industrijskoj \u010detvrti, Tenji i Nemetinu \u2013 spomen-obilje\u017eja su obasjana svjetlom svije\u0107a i vijencima. Svaki \u010din sje\u0107anja govori o na\u0161em trajnom po\u0161tovanju prema svim poginulim hrvatskim braniteljima i civilima koji su dali svoje \u017eivote za domovinu.<br>U ve\u010dernjim satima, u FotoArt galeriji, imali smo \u010dast prisustvovati predstavljanju radova ratnih fotografija \u201eNeuni\u0161tivi grad\u201c autora g. Marina Topi\u0107a. Kroz objektiv njegovog fotoaparata o\u017eivljavaju trenuci i emocije iz vremena obrane grada, pru\u017eaju\u0107i neprocjenjiv uvid u snagu i jedinstvo na\u0161ih branitelja i gra\u0111ana. Ova izlo\u017eba posve\u0107ena je svima koji su sudjelovali u obrani Osijeka i okolnih podru\u010dja, a njen cilj je o\u010duvati sje\u0107anje na te\u0161ke, ali i ponosne trenutke na\u0161e povijesti. Ovaj dan, ispunjen sje\u0107anjem, zahvalno\u0161\u0107u i pijetetom, podsjetnik je na neizmjernu \u017ertvu onih koji su se borili za na\u0161u slobodu. Na\u0161a je du\u017enost \u010duvati uspomenu na te heroje i prenositi je budu\u0107im generacijama. Neka njihova hrabrost zauvijek svijetli u na\u0161im srcima.<\/p>\n\n\n\n<figure class=\"wp-block-image\"><img decoding=\"async\" src=\"https:\/\/udruga-106br.hr\/wp-content\/uploads\/2024\/12\/5_optimized.12.obilazak-mjesta2-1024x461.jpg\" alt=\"Ova slika ima prazan alt atribut ; naziv datoteke je 5_optimized.12.obilazak-mjesta2-1024x461.jpg\"\/><\/figure>\n\n\n\n<figure class=\"wp-block-gallery has-nested-images columns-default is-cropped wp-block-gallery-1 is-layout-flex wp-block-gallery-is-layout-flex\">\n<figure class=\"wp-block-image size-large\"><img loading=\"lazy\" decoding=\"async\" width=\"461\" height=\"1024\" data-id=\"3875\" src=\"https:\/\/udruga-106br.hr\/wp-content\/uploads\/2024\/12\/5_optimized.12.obilazak-mjesta-461x1024.jpg\" alt=\"\" class=\"wp-image-3875\" srcset=\"https:\/\/udruga-106br.hr\/wp-content\/uploads\/2024\/12\/5_optimized.12.obilazak-mjesta-461x1024.jpg 461w, https:\/\/udruga-106br.hr\/wp-content\/uploads\/2024\/12\/5_optimized.12.obilazak-mjesta-135x300.jpg 135w, https:\/\/udruga-106br.hr\/wp-content\/uploads\/2024\/12\/5_optimized.12.obilazak-mjesta-768x1707.jpg 768w, https:\/\/udruga-106br.hr\/wp-content\/uploads\/2024\/12\/5_optimized.12.obilazak-mjesta-691x1536.jpg 691w, https:\/\/udruga-106br.hr\/wp-content\/uploads\/2024\/12\/5_optimized.12.obilazak-mjesta.jpg 810w\" sizes=\"auto, (max-width: 461px) 100vw, 461px\" \/><\/figure>\n<\/figure>\n\n\n\n<figure class=\"wp-block-image size-large\"><img loading=\"lazy\" decoding=\"async\" width=\"1024\" height=\"461\" src=\"https:\/\/udruga-106br.hr\/wp-content\/uploads\/2024\/12\/5_optimized.12.obilazak-mjesta4-1-1024x461.jpg\" alt=\"\" class=\"wp-image-3883\" srcset=\"https:\/\/udruga-106br.hr\/wp-content\/uploads\/2024\/12\/5_optimized.12.obilazak-mjesta4-1-1024x461.jpg 1024w, https:\/\/udruga-106br.hr\/wp-content\/uploads\/2024\/12\/5_optimized.12.obilazak-mjesta4-1-300x135.jpg 300w, https:\/\/udruga-106br.hr\/wp-content\/uploads\/2024\/12\/5_optimized.12.obilazak-mjesta4-1-768x346.jpg 768w, https:\/\/udruga-106br.hr\/wp-content\/uploads\/2024\/12\/5_optimized.12.obilazak-mjesta4-1-1536x691.jpg 1536w, https:\/\/udruga-106br.hr\/wp-content\/uploads\/2024\/12\/5_optimized.12.obilazak-mjesta4-1.jpg 1800w\" sizes=\"auto, (max-width: 1024px) 100vw, 1024px\" \/><\/figure>\n\n\n\n<figure class=\"wp-block-image size-large\"><img loading=\"lazy\" decoding=\"async\" width=\"1024\" height=\"461\" src=\"https:\/\/udruga-106br.hr\/wp-content\/uploads\/2024\/12\/5_optimized.12.obilazak-mjesta5-1-1024x461.jpg\" alt=\"\" class=\"wp-image-3884\" srcset=\"https:\/\/udruga-106br.hr\/wp-content\/uploads\/2024\/12\/5_optimized.12.obilazak-mjesta5-1-1024x461.jpg 1024w, https:\/\/udruga-106br.hr\/wp-content\/uploads\/2024\/12\/5_optimized.12.obilazak-mjesta5-1-300x135.jpg 300w, https:\/\/udruga-106br.hr\/wp-content\/uploads\/2024\/12\/5_optimized.12.obilazak-mjesta5-1-768x346.jpg 768w, https:\/\/udruga-106br.hr\/wp-content\/uploads\/2024\/12\/5_optimized.12.obilazak-mjesta5-1-1536x691.jpg 1536w, https:\/\/udruga-106br.hr\/wp-content\/uploads\/2024\/12\/5_optimized.12.obilazak-mjesta5-1.jpg 1800w\" sizes=\"auto, (max-width: 1024px) 100vw, 1024px\" \/><\/figure>\n\n\n\n<figure class=\"wp-block-gallery has-nested-images columns-default is-cropped wp-block-gallery-2 is-layout-flex wp-block-gallery-is-layout-flex\">\n<figure class=\"wp-block-image size-large\"><img loading=\"lazy\" decoding=\"async\" width=\"1024\" height=\"768\" data-id=\"3885\" src=\"https:\/\/udruga-106br.hr\/wp-content\/uploads\/2024\/12\/5_optimized.12.fotoart-1-1024x768.jpg\" alt=\"\" class=\"wp-image-3885\" srcset=\"https:\/\/udruga-106br.hr\/wp-content\/uploads\/2024\/12\/5_optimized.12.fotoart-1-1024x768.jpg 1024w, https:\/\/udruga-106br.hr\/wp-content\/uploads\/2024\/12\/5_optimized.12.fotoart-1-300x225.jpg 300w, https:\/\/udruga-106br.hr\/wp-content\/uploads\/2024\/12\/5_optimized.12.fotoart-1-768x576.jpg 768w, https:\/\/udruga-106br.hr\/wp-content\/uploads\/2024\/12\/5_optimized.12.fotoart-1-1536x1152.jpg 1536w, https:\/\/udruga-106br.hr\/wp-content\/uploads\/2024\/12\/5_optimized.12.fotoart-1.jpg 1600w\" sizes=\"auto, (max-width: 1024px) 100vw, 1024px\" \/><\/figure>\n\n\n\n<figure class=\"wp-block-image size-large\"><img loading=\"lazy\" decoding=\"async\" width=\"1024\" height=\"768\" data-id=\"3886\" src=\"https:\/\/udruga-106br.hr\/wp-content\/uploads\/2024\/12\/5_optimized.12.fotoart2-1-1024x768.jpg\" alt=\"\" class=\"wp-image-3886\" srcset=\"https:\/\/udruga-106br.hr\/wp-content\/uploads\/2024\/12\/5_optimized.12.fotoart2-1-1024x768.jpg 1024w, https:\/\/udruga-106br.hr\/wp-content\/uploads\/2024\/12\/5_optimized.12.fotoart2-1-300x225.jpg 300w, https:\/\/udruga-106br.hr\/wp-content\/uploads\/2024\/12\/5_optimized.12.fotoart2-1-768x576.jpg 768w, https:\/\/udruga-106br.hr\/wp-content\/uploads\/2024\/12\/5_optimized.12.fotoart2-1-1536x1152.jpg 1536w, https:\/\/udruga-106br.hr\/wp-content\/uploads\/2024\/12\/5_optimized.12.fotoart2-1.jpg 1600w\" sizes=\"auto, (max-width: 1024px) 100vw, 1024px\" \/><\/figure>\n\n\n\n<figure class=\"wp-block-image size-large\"><img loading=\"lazy\" decoding=\"async\" width=\"1024\" height=\"768\" data-id=\"3889\" src=\"https:\/\/udruga-106br.hr\/wp-content\/uploads\/2024\/12\/5_optimized.12.fotoart6-1-1024x768.jpg\" alt=\"\" class=\"wp-image-3889\" srcset=\"https:\/\/udruga-106br.hr\/wp-content\/uploads\/2024\/12\/5_optimized.12.fotoart6-1-1024x768.jpg 1024w, https:\/\/udruga-106br.hr\/wp-content\/uploads\/2024\/12\/5_optimized.12.fotoart6-1-300x225.jpg 300w, https:\/\/udruga-106br.hr\/wp-content\/uploads\/2024\/12\/5_optimized.12.fotoart6-1-768x576.jpg 768w, https:\/\/udruga-106br.hr\/wp-content\/uploads\/2024\/12\/5_optimized.12.fotoart6-1-1536x1152.jpg 1536w, https:\/\/udruga-106br.hr\/wp-content\/uploads\/2024\/12\/5_optimized.12.fotoart6-1.jpg 1600w\" sizes=\"auto, (max-width: 1024px) 100vw, 1024px\" \/><\/figure>\n\n\n\n<figure class=\"wp-block-image size-large\"><img loading=\"lazy\" decoding=\"async\" width=\"1024\" height=\"768\" data-id=\"3888\" src=\"https:\/\/udruga-106br.hr\/wp-content\/uploads\/2024\/12\/5_optimized.12.fotoart5-1-1024x768.jpg\" alt=\"\" class=\"wp-image-3888\" srcset=\"https:\/\/udruga-106br.hr\/wp-content\/uploads\/2024\/12\/5_optimized.12.fotoart5-1-1024x768.jpg 1024w, https:\/\/udruga-106br.hr\/wp-content\/uploads\/2024\/12\/5_optimized.12.fotoart5-1-300x225.jpg 300w, https:\/\/udruga-106br.hr\/wp-content\/uploads\/2024\/12\/5_optimized.12.fotoart5-1-768x576.jpg 768w, https:\/\/udruga-106br.hr\/wp-content\/uploads\/2024\/12\/5_optimized.12.fotoart5-1-1536x1152.jpg 1536w, https:\/\/udruga-106br.hr\/wp-content\/uploads\/2024\/12\/5_optimized.12.fotoart5-1.jpg 1600w\" sizes=\"auto, (max-width: 1024px) 100vw, 1024px\" \/><\/figure>\n\n\n\n<figure class=\"wp-block-image size-large\"><img loading=\"lazy\" decoding=\"async\" width=\"1024\" height=\"768\" data-id=\"3887\" src=\"https:\/\/udruga-106br.hr\/wp-content\/uploads\/2024\/12\/5_optimized.12.fotoart4-1-1024x768.jpg\" alt=\"\" class=\"wp-image-3887\" srcset=\"https:\/\/udruga-106br.hr\/wp-content\/uploads\/2024\/12\/5_optimized.12.fotoart4-1-1024x768.jpg 1024w, https:\/\/udruga-106br.hr\/wp-content\/uploads\/2024\/12\/5_optimized.12.fotoart4-1-300x225.jpg 300w, https:\/\/udruga-106br.hr\/wp-content\/uploads\/2024\/12\/5_optimized.12.fotoart4-1-768x576.jpg 768w, https:\/\/udruga-106br.hr\/wp-content\/uploads\/2024\/12\/5_optimized.12.fotoart4-1-1536x1152.jpg 1536w, https:\/\/udruga-106br.hr\/wp-content\/uploads\/2024\/12\/5_optimized.12.fotoart4-1.jpg 1600w\" sizes=\"auto, (max-width: 1024px) 100vw, 1024px\" \/><\/figure>\n<\/figure>\n\n\n\n<figure class=\"wp-block-gallery has-nested-images columns-default is-cropped wp-block-gallery-3 is-layout-flex wp-block-gallery-is-layout-flex\">\n<figure class=\"wp-block-image size-large\"><img loading=\"lazy\" decoding=\"async\" width=\"1024\" height=\"768\" data-id=\"3890\" src=\"https:\/\/udruga-106br.hr\/wp-content\/uploads\/2024\/12\/5.12.fotoart3-1024x768.jpg\" alt=\"\" class=\"wp-image-3890\" srcset=\"https:\/\/udruga-106br.hr\/wp-content\/uploads\/2024\/12\/5.12.fotoart3-1024x768.jpg 1024w, https:\/\/udruga-106br.hr\/wp-content\/uploads\/2024\/12\/5.12.fotoart3-300x225.jpg 300w, https:\/\/udruga-106br.hr\/wp-content\/uploads\/2024\/12\/5.12.fotoart3-768x576.jpg 768w, https:\/\/udruga-106br.hr\/wp-content\/uploads\/2024\/12\/5.12.fotoart3-1536x1152.jpg 1536w, https:\/\/udruga-106br.hr\/wp-content\/uploads\/2024\/12\/5.12.fotoart3.jpg 1600w\" sizes=\"auto, (max-width: 1024px) 100vw, 1024px\" \/><\/figure>\n\n\n\n<figure class=\"wp-block-image size-large\"><img loading=\"lazy\" decoding=\"async\" width=\"1024\" height=\"768\" data-id=\"3891\" src=\"https:\/\/udruga-106br.hr\/wp-content\/uploads\/2024\/12\/5.12.fotoart7-1024x768.jpg\" alt=\"\" class=\"wp-image-3891\" srcset=\"https:\/\/udruga-106br.hr\/wp-content\/uploads\/2024\/12\/5.12.fotoart7-1024x768.jpg 1024w, https:\/\/udruga-106br.hr\/wp-content\/uploads\/2024\/12\/5.12.fotoart7-300x225.jpg 300w, https:\/\/udruga-106br.hr\/wp-content\/uploads\/2024\/12\/5.12.fotoart7-768x576.jpg 768w, https:\/\/udruga-106br.hr\/wp-content\/uploads\/2024\/12\/5.12.fotoart7-1536x1152.jpg 1536w, https:\/\/udruga-106br.hr\/wp-content\/uploads\/2024\/12\/5.12.fotoart7.jpg 1600w\" sizes=\"auto, (max-width: 1024px) 100vw, 1024px\" \/><\/figure>\n<\/figure>\n<!-- AddThis Advanced Settings generic via filter on the_content --><!-- AddThis Share Buttons generic via filter on the_content -->","protected":false},"excerpt":{"rendered":"<p>S dubokim po\u0161tovanjem i ponosom zapo\u010deli smo obilje\u017eavanje Dana obrane na\u0161eg voljenog grada Osijeka. Program je zapo\u010deo Svetom misom u crkvi Sv. Roka, gdje smo molitvom i zahvalno\u0161\u0107u odali po\u010dast svim herojima koji su prije 33 godine branili na\u0161 grad. Njihova hrabrost ostaje neizbrisiv temelj na\u0161e slobode. Kod spomen-obilje\u017eja Sv. Roka, posve\u0107enog 16 pripadnika 106. &hellip; <a href=\"https:\/\/udruga-106br.hr\/index.php\/5-12-2024-obiljezavanje-obrane-grada-osijeka\/\" class=\"more-link\">Nastavi \u010ditati <span class=\"screen-reader-text\">5.12.2024. Obilje\u017eavanje obrane grada Osijeka<\/span><\/a><!-- AddThis Advanced Settings generic via filter on get_the_excerpt --><!-- AddThis Share Buttons generic via filter on get_the_excerpt --><\/p>\n","protected":false},"author":1,"featured_media":0,"comment_status":"closed","ping_status":"closed","sticky":false,"template":"","format":"standard","meta":{"footnotes":""},"categories":[32],"tags":[],"class_list":["post-3872","post","type-post","status-publish","format-standard","hentry","category-iz-zivota-udruge"],"_links":{"self":[{"href":"https:\/\/udruga-106br.hr\/index.php\/wp-json\/wp\/v2\/posts\/3872","targetHints":{"allow":["GET"]}}],"collection":[{"href":"https:\/\/udruga-106br.hr\/index.php\/wp-json\/wp\/v2\/posts"}],"about":[{"href":"https:\/\/udruga-106br.hr\/index.php\/wp-json\/wp\/v2\/types\/post"}],"author":[{"embeddable":true,"href":"https:\/\/udruga-106br.hr\/index.php\/wp-json\/wp\/v2\/users\/1"}],"replies":[{"embeddable":true,"href":"https:\/\/udruga-106br.hr\/index.php\/wp-json\/wp\/v2\/comments?post=3872"}],"version-history":[{"count":1,"href":"https:\/\/udruga-106br.hr\/index.php\/wp-json\/wp\/v2\/posts\/3872\/revisions"}],"predecessor-version":[{"id":3892,"href":"https:\/\/udruga-106br.hr\/index.php\/wp-json\/wp\/v2\/posts\/3872\/revisions\/3892"}],"wp:attachment":[{"href":"https:\/\/udruga-106br.hr\/index.php\/wp-json\/wp\/v2\/media?parent=3872"}],"wp:term":[{"taxonomy":"category","embeddable":true,"href":"https:\/\/udruga-106br.hr\/index.php\/wp-json\/wp\/v2\/categories?post=3872"},{"taxonomy":"post_tag","embeddable":true,"href":"https:\/\/udruga-106br.hr\/index.php\/wp-json\/wp\/v2\/tags?post=3872"}],"curies":[{"name":"wp","href":"https:\/\/api.w.org\/{rel}","templated":true}]}}