{"id":4745,"date":"2025-03-05T08:10:59","date_gmt":"2025-03-05T07:10:59","guid":{"rendered":"https:\/\/udruga-106br.hr\/?p=4745"},"modified":"2025-10-17T19:21:20","modified_gmt":"2025-10-17T17:21:20","slug":"izlozba-osjecki-nokturno-veljka-dordevica","status":"publish","type":"post","link":"https:\/\/udruga-106br.hr\/index.php\/izlozba-osjecki-nokturno-veljka-dordevica\/","title":{"rendered":"Izlo\u017eba &#8220;Osje\u010dki nokturno&#8221; Veljka \u0110or\u0111evi\u0107a"},"content":{"rendered":"\n<figure class=\"wp-block-image size-large\"><img loading=\"lazy\" decoding=\"async\" width=\"1024\" height=\"771\" src=\"https:\/\/udruga-106br.hr\/wp-content\/uploads\/2025\/03\/IMG_20250304_131041587-1024x771.jpg\" alt=\"\" class=\"wp-image-4746\"\/><\/figure>\n\n\n\n<p>Predsjednik Udruge veterana 106. brigade Osijek, Dubravko Panci\u0107, 3. o\u017eujka 2025. godine posjetio je izlo\u017ebu slikarskih radova prof. prim. dr. sc. Veljka \u0110or\u0111evi\u0107a pod nazivom <em>Osje\u010dki nokturno<\/em>. Izlo\u017eba je postavljena u prostorijama Ministarstva hrvatskih branitelja (biv\u0161i Hotel Mursa) u sklopu projekta <em>Mala galerija GISKO<\/em>.<\/p>\n\n\n\n<p>Veljko \u0110or\u0111evi\u0107, ugledni psihijatar i profesor, ve\u0107 desetlje\u0107ima doprinosi knji\u017eevnosti i umjetnosti, a u posljednjim godinama intenzivno se posvetio slikarstvu. Njegovi radovi odi\u0161u nostalgijom i ljubavlju prema rodnom Osijeku, \u0161to je posebno dojmilo na\u0161e \u010dlanove.<\/p>\n\n\n\n<p>Zahvaljujemo organizatoricama izlo\u017ebe iz Udruge hrvatskih braniteljica Osje\u010dko-baranjske \u017eupanije na gostoprimstvu i prilici da u\u017eivamo u djelima koja povezuju umjetnost, emocije i sje\u0107anja na grad koji nosimo u srcu.<\/p>\n\n\n\n<figure class=\"wp-block-image size-large\"><img loading=\"lazy\" decoding=\"async\" width=\"1024\" height=\"771\" src=\"https:\/\/udruga-106br.hr\/wp-content\/uploads\/2025\/03\/IMG_20250304_133510703-1024x771.jpg\" alt=\"\" class=\"wp-image-4747\"\/><\/figure>\n\n\n\n<figure class=\"wp-block-image size-large\"><img loading=\"lazy\" decoding=\"async\" width=\"1024\" height=\"771\" src=\"https:\/\/udruga-106br.hr\/wp-content\/uploads\/2025\/03\/IMG_20250304_133528553-1024x771.jpg\" alt=\"\" class=\"wp-image-4748\"\/><\/figure>\n<!-- AddThis Advanced Settings generic via filter on the_content --><!-- AddThis Share Buttons generic via filter on the_content -->","protected":false},"excerpt":{"rendered":"<p>Predsjednik Udruge veterana 106. brigade Osijek, Dubravko Panci\u0107, 3. o\u017eujka 2025. godine posjetio je izlo\u017ebu slikarskih radova prof. prim. dr. sc. Veljka \u0110or\u0111evi\u0107a pod nazivom Osje\u010dki nokturno. Izlo\u017eba je postavljena u prostorijama Ministarstva hrvatskih branitelja (biv\u0161i Hotel Mursa) u sklopu projekta Mala galerija GISKO. Veljko \u0110or\u0111evi\u0107, ugledni psihijatar i profesor, ve\u0107 desetlje\u0107ima doprinosi knji\u017eevnosti i &hellip; <a href=\"https:\/\/udruga-106br.hr\/index.php\/izlozba-osjecki-nokturno-veljka-dordevica\/\" class=\"more-link\">Nastavi \u010ditati <span class=\"screen-reader-text\">Izlo\u017eba &#8220;Osje\u010dki nokturno&#8221; Veljka \u0110or\u0111evi\u0107a<\/span><\/a><!-- AddThis Advanced Settings generic via filter on get_the_excerpt --><!-- AddThis Share Buttons generic via filter on get_the_excerpt --><\/p>\n","protected":false},"author":2,"featured_media":0,"comment_status":"closed","ping_status":"closed","sticky":false,"template":"","format":"standard","meta":{"footnotes":""},"categories":[32],"tags":[],"class_list":["post-4745","post","type-post","status-publish","format-standard","hentry","category-iz-zivota-udruge"],"_links":{"self":[{"href":"https:\/\/udruga-106br.hr\/index.php\/wp-json\/wp\/v2\/posts\/4745","targetHints":{"allow":["GET"]}}],"collection":[{"href":"https:\/\/udruga-106br.hr\/index.php\/wp-json\/wp\/v2\/posts"}],"about":[{"href":"https:\/\/udruga-106br.hr\/index.php\/wp-json\/wp\/v2\/types\/post"}],"author":[{"embeddable":true,"href":"https:\/\/udruga-106br.hr\/index.php\/wp-json\/wp\/v2\/users\/2"}],"replies":[{"embeddable":true,"href":"https:\/\/udruga-106br.hr\/index.php\/wp-json\/wp\/v2\/comments?post=4745"}],"version-history":[{"count":1,"href":"https:\/\/udruga-106br.hr\/index.php\/wp-json\/wp\/v2\/posts\/4745\/revisions"}],"predecessor-version":[{"id":4749,"href":"https:\/\/udruga-106br.hr\/index.php\/wp-json\/wp\/v2\/posts\/4745\/revisions\/4749"}],"wp:attachment":[{"href":"https:\/\/udruga-106br.hr\/index.php\/wp-json\/wp\/v2\/media?parent=4745"}],"wp:term":[{"taxonomy":"category","embeddable":true,"href":"https:\/\/udruga-106br.hr\/index.php\/wp-json\/wp\/v2\/categories?post=4745"},{"taxonomy":"post_tag","embeddable":true,"href":"https:\/\/udruga-106br.hr\/index.php\/wp-json\/wp\/v2\/tags?post=4745"}],"curies":[{"name":"wp","href":"https:\/\/api.w.org\/{rel}","templated":true}]}}