{"id":5245,"date":"2025-05-28T08:37:19","date_gmt":"2025-05-28T06:37:19","guid":{"rendered":"https:\/\/udruga-106br.hr\/?p=5245"},"modified":"2025-10-17T19:21:19","modified_gmt":"2025-10-17T17:21:19","slug":"cestitka-povodom-dana-oruzanih-snaga-republike-hrvatske-i-dana-hrvatske-kopnene-vojske","status":"publish","type":"post","link":"https:\/\/udruga-106br.hr\/index.php\/cestitka-povodom-dana-oruzanih-snaga-republike-hrvatske-i-dana-hrvatske-kopnene-vojske\/","title":{"rendered":"\u010cestitka povodom Dana Oru\u017eanih snaga Republike Hrvatske i Dana Hrvatske kopnene vojske"},"content":{"rendered":"\n<figure class=\"wp-block-image size-full\"><img loading=\"lazy\" decoding=\"async\" width=\"717\" height=\"478\" src=\"https:\/\/udruga-106br.hr\/wp-content\/uploads\/2025\/05\/PXL_090224_109826205-717x478-1.jpg\" alt=\"\" class=\"wp-image-5247\" srcset=\"https:\/\/udruga-106br.hr\/wp-content\/uploads\/2025\/05\/PXL_090224_109826205-717x478-1.jpg 717w, https:\/\/udruga-106br.hr\/wp-content\/uploads\/2025\/05\/PXL_090224_109826205-717x478-1-300x200.jpg 300w\" sizes=\"auto, (max-width: 717px) 100vw, 717px\" \/><\/figure>\n\n\n\n<p>Udruga veterana 106. brigade Osijek s ponosom upu\u0107uje iskrene \u010destitke svim pripadnicima i pripadnicama Hrvatske vojske, a osobito djelatnicima i veteranima Hrvatske kopnene vojske koji i danas svojim radom i primjerom \u010duvaju vrijednosti Domovinskog rata.<\/p>\n\n\n\n<p>Ovaj dan podsje\u0107a nas na hrabrost, zajedni\u0161tvo i odlu\u010dnost hrvatskih branitelja koji su 1991. godine stali u obranu domovine, kao i na trajnu ulogu Hrvatske vojske u o\u010duvanju mira, slobode i suvereniteta Republike Hrvatske.<\/p>\n\n\n\n<p>S posebnim pijetetom prisje\u0107amo se svih poginulih i nestalih hrvatskih branitelja \u2013 neka im je vje\u010dna slava i hvala.<\/p>\n\n\n\n<p><strong>Sretan Dan Oru\u017eanih snaga i Dan Hrvatske kopnene vojske!<\/strong><\/p>\n<!-- AddThis Advanced Settings generic via filter on the_content --><!-- AddThis Share Buttons generic via filter on the_content -->","protected":false},"excerpt":{"rendered":"<p>Udruga veterana 106. brigade Osijek s ponosom upu\u0107uje iskrene \u010destitke svim pripadnicima i pripadnicama Hrvatske vojske, a osobito djelatnicima i veteranima Hrvatske kopnene vojske koji i danas svojim radom i primjerom \u010duvaju vrijednosti Domovinskog rata. Ovaj dan podsje\u0107a nas na hrabrost, zajedni\u0161tvo i odlu\u010dnost hrvatskih branitelja koji su 1991. godine stali u obranu domovine, kao &hellip; <a href=\"https:\/\/udruga-106br.hr\/index.php\/cestitka-povodom-dana-oruzanih-snaga-republike-hrvatske-i-dana-hrvatske-kopnene-vojske\/\" class=\"more-link\">Nastavi \u010ditati <span class=\"screen-reader-text\">\u010cestitka povodom Dana Oru\u017eanih snaga Republike Hrvatske i Dana Hrvatske kopnene vojske<\/span><\/a><!-- AddThis Advanced Settings generic via filter on get_the_excerpt --><!-- AddThis Share Buttons generic via filter on get_the_excerpt --><\/p>\n","protected":false},"author":2,"featured_media":0,"comment_status":"closed","ping_status":"closed","sticky":false,"template":"","format":"standard","meta":{"footnotes":""},"categories":[32],"tags":[],"class_list":["post-5245","post","type-post","status-publish","format-standard","hentry","category-iz-zivota-udruge"],"_links":{"self":[{"href":"https:\/\/udruga-106br.hr\/index.php\/wp-json\/wp\/v2\/posts\/5245","targetHints":{"allow":["GET"]}}],"collection":[{"href":"https:\/\/udruga-106br.hr\/index.php\/wp-json\/wp\/v2\/posts"}],"about":[{"href":"https:\/\/udruga-106br.hr\/index.php\/wp-json\/wp\/v2\/types\/post"}],"author":[{"embeddable":true,"href":"https:\/\/udruga-106br.hr\/index.php\/wp-json\/wp\/v2\/users\/2"}],"replies":[{"embeddable":true,"href":"https:\/\/udruga-106br.hr\/index.php\/wp-json\/wp\/v2\/comments?post=5245"}],"version-history":[{"count":3,"href":"https:\/\/udruga-106br.hr\/index.php\/wp-json\/wp\/v2\/posts\/5245\/revisions"}],"predecessor-version":[{"id":5249,"href":"https:\/\/udruga-106br.hr\/index.php\/wp-json\/wp\/v2\/posts\/5245\/revisions\/5249"}],"wp:attachment":[{"href":"https:\/\/udruga-106br.hr\/index.php\/wp-json\/wp\/v2\/media?parent=5245"}],"wp:term":[{"taxonomy":"category","embeddable":true,"href":"https:\/\/udruga-106br.hr\/index.php\/wp-json\/wp\/v2\/categories?post=5245"},{"taxonomy":"post_tag","embeddable":true,"href":"https:\/\/udruga-106br.hr\/index.php\/wp-json\/wp\/v2\/tags?post=5245"}],"curies":[{"name":"wp","href":"https:\/\/api.w.org\/{rel}","templated":true}]}}