{"id":5298,"date":"2025-06-13T10:36:23","date_gmt":"2025-06-13T08:36:23","guid":{"rendered":"https:\/\/udruga-106br.hr\/?p=5298"},"modified":"2025-10-17T19:07:10","modified_gmt":"2025-10-17T17:07:10","slug":"ekoloska-akcija-ciscenja-osjecke-copacabane-nastavak-inicijative-ocuvanje-priobalja-i-vodotokova","status":"publish","type":"post","link":"https:\/\/udruga-106br.hr\/index.php\/ekoloska-akcija-ciscenja-osjecke-copacabane-nastavak-inicijative-ocuvanje-priobalja-i-vodotokova\/","title":{"rendered":"Ekolo\u0161ka akcija \u010di\u0161\u0107enja osje\u010dke Copacabane \u2013 nastavak inicijative \u201cO\u010duvanje priobalja i vodotokova\u201d"},"content":{"rendered":"<div class=\"wp-block-image\">\n<figure class=\"aligncenter size-large is-resized\"><img loading=\"lazy\" decoding=\"async\" width=\"1024\" height=\"771\" src=\"https:\/\/udruga-106br.hr\/wp-content\/uploads\/2025\/06\/1-2-1024x771.jpg\" alt=\"\" class=\"wp-image-5300\" style=\"width:481px;height:auto\"\/><\/figure><\/div>\n\n\n<p>U \u010detvrtak, 12. lipnja 2025. godine, Udruga veterana 106. brigade Osijek organizirala je ekolo\u0161ku akciju \u010di\u0161\u0107enja rijeke Drave kod osje\u010dkog kupali\u0161ta Copacabana, kao nastavak \u0161ire inicijative <strong>\u201cO\u010duvanje priobalja i vodotokova\u201d,<\/strong> pokrenute u suradnji s brojnim partnerima i <strong>uz potporu tvrtke JANAF d.d.<\/strong><\/p>\n\n\n\n<p>Nakon <strong>uspje\u0161nog \u010di\u0161\u0107enja Bajera<\/strong> povodom Dana dr\u017eavnosti i Dana Gradske \u010detvrti Jug 2, te \u010d<strong>i\u0161\u0107enja priobalja u Senju 7. lipnja 2025.<\/strong>, ova tre\u0107a po redu akcija usmjerena je na u<strong>re\u0111enje i za\u0161titu rije\u010dnog dijela kupali\u0161ta Copacabana<\/strong> \u2013 jednog od najomiljenijih osje\u010dkih okupljali\u0161ta tijekom ljeta.<\/p>\n\n\n\n<figure class=\"wp-block-image size-large\"><img loading=\"lazy\" decoding=\"async\" width=\"1024\" height=\"478\" src=\"https:\/\/udruga-106br.hr\/wp-content\/uploads\/2025\/06\/3-2-1024x478.jpg\" alt=\"\" class=\"wp-image-5301\"\/><\/figure>\n\n\n\n<p>U provo\u0111enju akcije sudjelovali su:<\/p>\n\n\n\n<ul class=\"wp-block-list\">\n<li>Podru\u010dni ured civilne za\u0161tite Osijek<\/li>\n\n\n\n<li>Ronila\u010dki klub Osijek<\/li>\n\n\n\n<li>Dr\u017eavna intervencijska postrojba civilne za\u0161tite<\/li>\n\n\n\n<li>Tim za spa\u0161avanje iz vode<\/li>\n\n\n\n<li>Unikom d.o.o. Osijek<\/li>\n\n\n\n<li>te brojni gra\u0111ani i volonteri<\/li>\n<\/ul>\n\n\n\n<p>Osim uklanjanja otpada, poseban naglasak stavljen je na provjeru i osiguranje sigurnosnih uvjeta za kupanje, u suradnji s profesionalnim roniocima i timovima za spa\u0161avanje. Time je Copacabana <strong>dodatno pripremljena za ljetnu sezonu, a kupa\u010dima omogu\u0107eno sigurno kori\u0161tenje rije\u010dnog prostora.<\/strong><\/p>\n\n\n\n<figure class=\"wp-block-image size-large\"><img loading=\"lazy\" decoding=\"async\" width=\"1024\" height=\"771\" src=\"https:\/\/udruga-106br.hr\/wp-content\/uploads\/2025\/06\/8-1-1024x771.jpg\" alt=\"\" class=\"wp-image-5302\"\/><\/figure>\n\n\n\n<p>Predsjednik Udruge, Dubravko Panci\u0107, <strong>zahvalio je svim partnerima i sudionicima<\/strong> te istaknuo kako <strong>Udruga ne \u010duva samo vrijednosti i sje\u0107anja iz Domovinskog rata, ve\u0107 i aktivno doprinosi o\u010duvanju prirode, dru\u0161tvenom anga\u017emanu i razvoju lokalne zajednice<\/strong>.<\/p>\n\n\n\n<p><strong>Zajedno za \u010di\u0161\u0107i Osijek, sigurno kupali\u0161te i sna\u017enu zajednicu!<\/strong><\/p>\n\n\n\n<figure class=\"wp-block-image size-large\"><img loading=\"lazy\" decoding=\"async\" width=\"1024\" height=\"478\" src=\"https:\/\/udruga-106br.hr\/wp-content\/uploads\/2025\/06\/4-1-1024x478.jpg\" alt=\"\" class=\"wp-image-5304\"\/><\/figure>\n\n\n<div class=\"wp-block-image\">\n<figure class=\"aligncenter size-large is-resized\"><img loading=\"lazy\" decoding=\"async\" width=\"478\" height=\"1024\" src=\"https:\/\/udruga-106br.hr\/wp-content\/uploads\/2025\/06\/2-2-478x1024.jpg\" alt=\"\" class=\"wp-image-5303\" style=\"width:297px;height:auto\"\/><\/figure><\/div><!-- AddThis Advanced Settings generic via filter on the_content --><!-- AddThis Share Buttons generic via filter on the_content -->","protected":false},"excerpt":{"rendered":"<p>U \u010detvrtak, 12. lipnja 2025. godine, Udruga veterana 106. brigade Osijek organizirala je ekolo\u0161ku akciju \u010di\u0161\u0107enja rijeke Drave kod osje\u010dkog kupali\u0161ta Copacabana, kao nastavak \u0161ire inicijative \u201cO\u010duvanje priobalja i vodotokova\u201d, pokrenute u suradnji s brojnim partnerima i uz potporu tvrtke JANAF d.d. Nakon uspje\u0161nog \u010di\u0161\u0107enja Bajera povodom Dana dr\u017eavnosti i Dana Gradske \u010detvrti Jug 2, &hellip; <a href=\"https:\/\/udruga-106br.hr\/index.php\/ekoloska-akcija-ciscenja-osjecke-copacabane-nastavak-inicijative-ocuvanje-priobalja-i-vodotokova\/\" class=\"more-link\">Nastavi \u010ditati <span class=\"screen-reader-text\">Ekolo\u0161ka akcija \u010di\u0161\u0107enja osje\u010dke Copacabane \u2013 nastavak inicijative \u201cO\u010duvanje priobalja i vodotokova\u201d<\/span><\/a><!-- AddThis Advanced Settings generic via filter on get_the_excerpt --><!-- AddThis Share Buttons generic via filter on get_the_excerpt --><\/p>\n","protected":false},"author":2,"featured_media":0,"comment_status":"closed","ping_status":"closed","sticky":false,"template":"","format":"standard","meta":{"footnotes":""},"categories":[32],"tags":[],"class_list":["post-5298","post","type-post","status-publish","format-standard","hentry","category-iz-zivota-udruge"],"_links":{"self":[{"href":"https:\/\/udruga-106br.hr\/index.php\/wp-json\/wp\/v2\/posts\/5298","targetHints":{"allow":["GET"]}}],"collection":[{"href":"https:\/\/udruga-106br.hr\/index.php\/wp-json\/wp\/v2\/posts"}],"about":[{"href":"https:\/\/udruga-106br.hr\/index.php\/wp-json\/wp\/v2\/types\/post"}],"author":[{"embeddable":true,"href":"https:\/\/udruga-106br.hr\/index.php\/wp-json\/wp\/v2\/users\/2"}],"replies":[{"embeddable":true,"href":"https:\/\/udruga-106br.hr\/index.php\/wp-json\/wp\/v2\/comments?post=5298"}],"version-history":[{"count":2,"href":"https:\/\/udruga-106br.hr\/index.php\/wp-json\/wp\/v2\/posts\/5298\/revisions"}],"predecessor-version":[{"id":5305,"href":"https:\/\/udruga-106br.hr\/index.php\/wp-json\/wp\/v2\/posts\/5298\/revisions\/5305"}],"wp:attachment":[{"href":"https:\/\/udruga-106br.hr\/index.php\/wp-json\/wp\/v2\/media?parent=5298"}],"wp:term":[{"taxonomy":"category","embeddable":true,"href":"https:\/\/udruga-106br.hr\/index.php\/wp-json\/wp\/v2\/categories?post=5298"},{"taxonomy":"post_tag","embeddable":true,"href":"https:\/\/udruga-106br.hr\/index.php\/wp-json\/wp\/v2\/tags?post=5298"}],"curies":[{"name":"wp","href":"https:\/\/api.w.org\/{rel}","templated":true}]}}