{"id":5323,"date":"2025-06-23T09:58:51","date_gmt":"2025-06-23T07:58:51","guid":{"rendered":"https:\/\/udruga-106br.hr\/?p=5323"},"modified":"2025-10-17T19:07:10","modified_gmt":"2025-10-17T17:07:10","slug":"odrzan-7-memorijalni-turnir-u-streljastvu-branko-vekic-cuvamo-uspomenu-i-domoljubni-duh","status":"publish","type":"post","link":"https:\/\/udruga-106br.hr\/index.php\/odrzan-7-memorijalni-turnir-u-streljastvu-branko-vekic-cuvamo-uspomenu-i-domoljubni-duh\/","title":{"rendered":"Odr\u017ean 7. memorijalni turnir u strelja\u0161tvu &#8220;Branko Veki\u0107&#8221; \u2013 \u010duvamo uspomenu i domoljubni duh"},"content":{"rendered":"\n<figure class=\"wp-block-image size-full\"><img loading=\"lazy\" decoding=\"async\" width=\"793\" height=\"857\" src=\"https:\/\/udruga-106br.hr\/wp-content\/uploads\/2025\/06\/viber_slika_2025-06-22_18-06-31-399.jpg\" alt=\"\" class=\"wp-image-5326\" srcset=\"https:\/\/udruga-106br.hr\/wp-content\/uploads\/2025\/06\/viber_slika_2025-06-22_18-06-31-399.jpg 793w, https:\/\/udruga-106br.hr\/wp-content\/uploads\/2025\/06\/viber_slika_2025-06-22_18-06-31-399-278x300.jpg 278w, https:\/\/udruga-106br.hr\/wp-content\/uploads\/2025\/06\/viber_slika_2025-06-22_18-06-31-399-768x830.jpg 768w\" sizes=\"auto, (max-width: 793px) 100vw, 793px\" \/><\/figure>\n\n\n\n<p>U povodu Dana 106. brigade ZNG RH, Dana hrvatskih branitelja Osje\u010dko-baranjske \u017eupanije i Dana dragovoljaca, na streli\u0161tu Pampas 22. lipnja 2025. s po\u010detkom u 10 sati odr\u017ean je <strong>7. memorijalni turnir u strelja\u0161tvu \u201eBranko Veki\u0107\u201c<\/strong>, pod pokroviteljstvom <strong>Ministarstva hrvatskih branitelja<\/strong>.<\/p>\n\n\n\n<figure class=\"wp-block-image size-large\"><img loading=\"lazy\" decoding=\"async\" width=\"1024\" height=\"577\" src=\"https:\/\/udruga-106br.hr\/wp-content\/uploads\/2025\/06\/viber_slika_2025-06-22_18-06-31-836-1024x577.jpg\" alt=\"\" class=\"wp-image-5327\"\/><\/figure>\n\n\n\n<p>Turnir su zajedni\u010dki organizirali <strong>Udruga veterana 106. brigade Osijek<\/strong> i <strong>GSK Centar 1786.<\/strong><br>Na turniru je sudjelovalo <strong>9 ekipa<\/strong> iz Osijeka, Slavonskog Broda, Valpova, Beli\u0161\u0107a, Zagreba, Splita i Virovitice s ukupno <strong>34 natjecatelja<\/strong>.<\/p>\n\n\n\n<p>Za regularnost natjecanja pobrinuli su se suci: <strong>Dario Kuzmanovi\u0107<\/strong>, <strong>Vjekoslav Vu\u010demilovi\u0107<\/strong> i <strong>Radoslav Brlo\u0161i\u0107<\/strong>.<\/p>\n\n\n\n<h4 class=\"wp-block-heading\">Najuspje\u0161niji natjecatelji:<\/h4>\n\n\n\n<p><strong>Pojedina\u010dno \u2013 disciplina: pi\u0161tolj veliki kalibar<\/strong><br><strong>Toma\u0161 Slobodan<\/strong> (SK Frankopan) \u2013 281 bod<br><strong>\u017dupani\u0107 Sa\u0161a<\/strong> (SK Metak) \u2013 279 bodova<br><strong>\u017dami\u0107 Tomislav<\/strong> (SK Centar Split) \u2013 278 bodova<\/p>\n\n\n\n<p><strong>Ekipno poredak:<\/strong><br><strong>SK Frankopan<\/strong> \u2013 812 bodova<br>(\u0160imunec, Toma\u0161, Belen)<br><strong>SK Centar Split<\/strong> \u2013 801 bod<br>(\u017dami\u0107, Isajlovi\u0107, Isajlovi\u0107)<br><strong>SK Sveti Mihovil SB<\/strong> \u2013 786 bodova<br>(\u0160etina, Kri\u017eman, Milo\u0161evi\u0107)<\/p>\n\n\n\n<p>Posebno isti\u010demo da je <strong>Toma\u0161 Slobodan<\/strong>, \u010dlan pobjedni\u010dke ekipe SK Frankopan, osvojio veliki prijelazni pehar te umjetni\u010dku sliku \u2013 posebni dar Udruge veterana 106. brigade Osijek \u2013 kao ukupni pobjednik turnira.<\/p>\n\n\n<div class=\"wp-block-image\">\n<figure class=\"aligncenter size-full is-resized\"><img loading=\"lazy\" decoding=\"async\" width=\"745\" height=\"1000\" src=\"https:\/\/udruga-106br.hr\/wp-content\/uploads\/2025\/06\/viber_slika_2025-06-22_18-06-31-434.jpg\" alt=\"\" class=\"wp-image-5329\" style=\"width:510px;height:auto\" srcset=\"https:\/\/udruga-106br.hr\/wp-content\/uploads\/2025\/06\/viber_slika_2025-06-22_18-06-31-434.jpg 745w, https:\/\/udruga-106br.hr\/wp-content\/uploads\/2025\/06\/viber_slika_2025-06-22_18-06-31-434-224x300.jpg 224w\" sizes=\"auto, (max-width: 745px) 100vw, 745px\" \/><\/figure><\/div>\n\n\n<p>Turnir \u201eBranko Veki\u0107\u201c nije samo sportsko natjecanje \u2013 on je \u017eiv i sna\u017ean podsjetnik na \u017ertvu i hrabrost hrvatskih branitelja, na\u0161a trajna obveza da \u010duvamo uspomenu na pale heroje i prenosimo istinu o Domovinskom ratu mladim generacijama.<\/p>\n\n\n\n<p>Zahvaljujemo svim sudionicima, sucima, organizatorima i pokroviteljima na uspje\u0161noj provedbi memorijalnog turnira, kojim \u010duvamo uspomenu na na\u0161eg suborca Branka Veki\u0107a i doprinosimo o\u010duvanju vrijednosti Domovinskog rata.<\/p>\n\n\n\n<figure class=\"wp-block-gallery has-nested-images columns-default is-cropped wp-block-gallery-1 is-layout-flex wp-block-gallery-is-layout-flex\">\n<figure class=\"wp-block-image size-large\"><img loading=\"lazy\" decoding=\"async\" width=\"1024\" height=\"577\" data-id=\"5339\" src=\"https:\/\/udruga-106br.hr\/wp-content\/uploads\/2025\/06\/viber_slika_2025-06-22_18-06-31-427-1024x577.jpg\" alt=\"\" class=\"wp-image-5339\" srcset=\"https:\/\/udruga-106br.hr\/wp-content\/uploads\/2025\/06\/viber_slika_2025-06-22_18-06-31-427-1024x577.jpg 1024w, https:\/\/udruga-106br.hr\/wp-content\/uploads\/2025\/06\/viber_slika_2025-06-22_18-06-31-427-300x169.jpg 300w, https:\/\/udruga-106br.hr\/wp-content\/uploads\/2025\/06\/viber_slika_2025-06-22_18-06-31-427-768x432.jpg 768w, https:\/\/udruga-106br.hr\/wp-content\/uploads\/2025\/06\/viber_slika_2025-06-22_18-06-31-427-1536x865.jpg 1536w, https:\/\/udruga-106br.hr\/wp-content\/uploads\/2025\/06\/viber_slika_2025-06-22_18-06-31-427.jpg 1600w\" sizes=\"auto, (max-width: 1024px) 100vw, 1024px\" \/><\/figure>\n\n\n\n<figure class=\"wp-block-image size-large\"><img loading=\"lazy\" decoding=\"async\" width=\"577\" height=\"1024\" data-id=\"5341\" src=\"https:\/\/udruga-106br.hr\/wp-content\/uploads\/2025\/06\/viber_slika_2025-06-22_18-06-31-412-577x1024.jpg\" alt=\"\" class=\"wp-image-5341\" srcset=\"https:\/\/udruga-106br.hr\/wp-content\/uploads\/2025\/06\/viber_slika_2025-06-22_18-06-31-412-577x1024.jpg 577w, https:\/\/udruga-106br.hr\/wp-content\/uploads\/2025\/06\/viber_slika_2025-06-22_18-06-31-412-169x300.jpg 169w, https:\/\/udruga-106br.hr\/wp-content\/uploads\/2025\/06\/viber_slika_2025-06-22_18-06-31-412-768x1364.jpg 768w, https:\/\/udruga-106br.hr\/wp-content\/uploads\/2025\/06\/viber_slika_2025-06-22_18-06-31-412-865x1536.jpg 865w, https:\/\/udruga-106br.hr\/wp-content\/uploads\/2025\/06\/viber_slika_2025-06-22_18-06-31-412.jpg 901w\" sizes=\"auto, (max-width: 577px) 100vw, 577px\" \/><\/figure>\n\n\n\n<figure class=\"wp-block-image size-large\"><img loading=\"lazy\" decoding=\"async\" width=\"1024\" height=\"577\" data-id=\"5345\" src=\"https:\/\/udruga-106br.hr\/wp-content\/uploads\/2025\/06\/viber_slika_2025-06-22_18-06-31-460-1024x577.jpg\" alt=\"\" class=\"wp-image-5345\" srcset=\"https:\/\/udruga-106br.hr\/wp-content\/uploads\/2025\/06\/viber_slika_2025-06-22_18-06-31-460-1024x577.jpg 1024w, https:\/\/udruga-106br.hr\/wp-content\/uploads\/2025\/06\/viber_slika_2025-06-22_18-06-31-460-300x169.jpg 300w, https:\/\/udruga-106br.hr\/wp-content\/uploads\/2025\/06\/viber_slika_2025-06-22_18-06-31-460-768x432.jpg 768w, https:\/\/udruga-106br.hr\/wp-content\/uploads\/2025\/06\/viber_slika_2025-06-22_18-06-31-460-1536x865.jpg 1536w, https:\/\/udruga-106br.hr\/wp-content\/uploads\/2025\/06\/viber_slika_2025-06-22_18-06-31-460.jpg 1600w\" sizes=\"auto, (max-width: 1024px) 100vw, 1024px\" \/><\/figure>\n\n\n\n<figure class=\"wp-block-image size-large\"><img loading=\"lazy\" decoding=\"async\" width=\"1024\" height=\"577\" data-id=\"5350\" src=\"https:\/\/udruga-106br.hr\/wp-content\/uploads\/2025\/06\/viber_slika_2025-06-22_18-06-31-795-1-1024x577.jpg\" alt=\"\" class=\"wp-image-5350\" srcset=\"https:\/\/udruga-106br.hr\/wp-content\/uploads\/2025\/06\/viber_slika_2025-06-22_18-06-31-795-1-1024x577.jpg 1024w, https:\/\/udruga-106br.hr\/wp-content\/uploads\/2025\/06\/viber_slika_2025-06-22_18-06-31-795-1-300x169.jpg 300w, https:\/\/udruga-106br.hr\/wp-content\/uploads\/2025\/06\/viber_slika_2025-06-22_18-06-31-795-1-768x432.jpg 768w, https:\/\/udruga-106br.hr\/wp-content\/uploads\/2025\/06\/viber_slika_2025-06-22_18-06-31-795-1-1536x865.jpg 1536w, https:\/\/udruga-106br.hr\/wp-content\/uploads\/2025\/06\/viber_slika_2025-06-22_18-06-31-795-1.jpg 1600w\" sizes=\"auto, (max-width: 1024px) 100vw, 1024px\" \/><\/figure>\n\n\n\n<figure class=\"wp-block-image size-large\"><img loading=\"lazy\" decoding=\"async\" width=\"1024\" height=\"577\" data-id=\"5342\" src=\"https:\/\/udruga-106br.hr\/wp-content\/uploads\/2025\/06\/viber_slika_2025-06-22_18-06-31-596-1024x577.jpg\" alt=\"\" class=\"wp-image-5342\" srcset=\"https:\/\/udruga-106br.hr\/wp-content\/uploads\/2025\/06\/viber_slika_2025-06-22_18-06-31-596-1024x577.jpg 1024w, https:\/\/udruga-106br.hr\/wp-content\/uploads\/2025\/06\/viber_slika_2025-06-22_18-06-31-596-300x169.jpg 300w, https:\/\/udruga-106br.hr\/wp-content\/uploads\/2025\/06\/viber_slika_2025-06-22_18-06-31-596-768x432.jpg 768w, https:\/\/udruga-106br.hr\/wp-content\/uploads\/2025\/06\/viber_slika_2025-06-22_18-06-31-596-1536x865.jpg 1536w, https:\/\/udruga-106br.hr\/wp-content\/uploads\/2025\/06\/viber_slika_2025-06-22_18-06-31-596.jpg 1600w\" sizes=\"auto, (max-width: 1024px) 100vw, 1024px\" \/><\/figure>\n\n\n\n<figure class=\"wp-block-image size-large\"><img loading=\"lazy\" decoding=\"async\" width=\"1024\" height=\"473\" data-id=\"5343\" src=\"https:\/\/udruga-106br.hr\/wp-content\/uploads\/2025\/06\/viber_slika_2025-06-22_18-06-31-690-1-1024x473.jpg\" alt=\"\" class=\"wp-image-5343\" srcset=\"https:\/\/udruga-106br.hr\/wp-content\/uploads\/2025\/06\/viber_slika_2025-06-22_18-06-31-690-1-1024x473.jpg 1024w, https:\/\/udruga-106br.hr\/wp-content\/uploads\/2025\/06\/viber_slika_2025-06-22_18-06-31-690-1-300x139.jpg 300w, https:\/\/udruga-106br.hr\/wp-content\/uploads\/2025\/06\/viber_slika_2025-06-22_18-06-31-690-1-768x355.jpg 768w, https:\/\/udruga-106br.hr\/wp-content\/uploads\/2025\/06\/viber_slika_2025-06-22_18-06-31-690-1-1536x709.jpg 1536w, https:\/\/udruga-106br.hr\/wp-content\/uploads\/2025\/06\/viber_slika_2025-06-22_18-06-31-690-1.jpg 1600w\" sizes=\"auto, (max-width: 1024px) 100vw, 1024px\" \/><\/figure>\n\n\n\n<figure class=\"wp-block-image size-large\"><img loading=\"lazy\" decoding=\"async\" width=\"1024\" height=\"577\" data-id=\"5351\" src=\"https:\/\/udruga-106br.hr\/wp-content\/uploads\/2025\/06\/viber_slika_2025-06-22_18-06-31-743-1-1024x577.jpg\" alt=\"\" class=\"wp-image-5351\" srcset=\"https:\/\/udruga-106br.hr\/wp-content\/uploads\/2025\/06\/viber_slika_2025-06-22_18-06-31-743-1-1024x577.jpg 1024w, https:\/\/udruga-106br.hr\/wp-content\/uploads\/2025\/06\/viber_slika_2025-06-22_18-06-31-743-1-300x169.jpg 300w, https:\/\/udruga-106br.hr\/wp-content\/uploads\/2025\/06\/viber_slika_2025-06-22_18-06-31-743-1-768x432.jpg 768w, https:\/\/udruga-106br.hr\/wp-content\/uploads\/2025\/06\/viber_slika_2025-06-22_18-06-31-743-1-1536x865.jpg 1536w, https:\/\/udruga-106br.hr\/wp-content\/uploads\/2025\/06\/viber_slika_2025-06-22_18-06-31-743-1.jpg 1600w\" sizes=\"auto, (max-width: 1024px) 100vw, 1024px\" \/><\/figure>\n\n\n\n<figure class=\"wp-block-image size-large\"><img loading=\"lazy\" decoding=\"async\" width=\"1024\" height=\"577\" data-id=\"5349\" src=\"https:\/\/udruga-106br.hr\/wp-content\/uploads\/2025\/06\/viber_slika_2025-06-22_18-06-31-774-1-1024x577.jpg\" alt=\"\" class=\"wp-image-5349\" srcset=\"https:\/\/udruga-106br.hr\/wp-content\/uploads\/2025\/06\/viber_slika_2025-06-22_18-06-31-774-1-1024x577.jpg 1024w, https:\/\/udruga-106br.hr\/wp-content\/uploads\/2025\/06\/viber_slika_2025-06-22_18-06-31-774-1-300x169.jpg 300w, https:\/\/udruga-106br.hr\/wp-content\/uploads\/2025\/06\/viber_slika_2025-06-22_18-06-31-774-1-768x432.jpg 768w, https:\/\/udruga-106br.hr\/wp-content\/uploads\/2025\/06\/viber_slika_2025-06-22_18-06-31-774-1-1536x865.jpg 1536w, https:\/\/udruga-106br.hr\/wp-content\/uploads\/2025\/06\/viber_slika_2025-06-22_18-06-31-774-1.jpg 1600w\" sizes=\"auto, (max-width: 1024px) 100vw, 1024px\" \/><\/figure>\n\n\n\n<figure class=\"wp-block-image size-large\"><img loading=\"lazy\" decoding=\"async\" width=\"1024\" height=\"577\" data-id=\"5344\" src=\"https:\/\/udruga-106br.hr\/wp-content\/uploads\/2025\/06\/viber_slika_2025-06-22_18-06-31-826-1-1024x577.jpg\" alt=\"\" class=\"wp-image-5344\" srcset=\"https:\/\/udruga-106br.hr\/wp-content\/uploads\/2025\/06\/viber_slika_2025-06-22_18-06-31-826-1-1024x577.jpg 1024w, https:\/\/udruga-106br.hr\/wp-content\/uploads\/2025\/06\/viber_slika_2025-06-22_18-06-31-826-1-300x169.jpg 300w, https:\/\/udruga-106br.hr\/wp-content\/uploads\/2025\/06\/viber_slika_2025-06-22_18-06-31-826-1-768x432.jpg 768w, https:\/\/udruga-106br.hr\/wp-content\/uploads\/2025\/06\/viber_slika_2025-06-22_18-06-31-826-1-1536x865.jpg 1536w, https:\/\/udruga-106br.hr\/wp-content\/uploads\/2025\/06\/viber_slika_2025-06-22_18-06-31-826-1.jpg 1600w\" sizes=\"auto, (max-width: 1024px) 100vw, 1024px\" \/><\/figure>\n\n\n\n<figure class=\"wp-block-image size-large\"><img loading=\"lazy\" decoding=\"async\" width=\"1024\" height=\"577\" data-id=\"5348\" src=\"https:\/\/udruga-106br.hr\/wp-content\/uploads\/2025\/06\/viber_slika_2025-06-22_18-06-31-836-2-1024x577.jpg\" alt=\"\" class=\"wp-image-5348\" srcset=\"https:\/\/udruga-106br.hr\/wp-content\/uploads\/2025\/06\/viber_slika_2025-06-22_18-06-31-836-2-1024x577.jpg 1024w, https:\/\/udruga-106br.hr\/wp-content\/uploads\/2025\/06\/viber_slika_2025-06-22_18-06-31-836-2-300x169.jpg 300w, https:\/\/udruga-106br.hr\/wp-content\/uploads\/2025\/06\/viber_slika_2025-06-22_18-06-31-836-2-768x432.jpg 768w, https:\/\/udruga-106br.hr\/wp-content\/uploads\/2025\/06\/viber_slika_2025-06-22_18-06-31-836-2-1536x865.jpg 1536w, https:\/\/udruga-106br.hr\/wp-content\/uploads\/2025\/06\/viber_slika_2025-06-22_18-06-31-836-2.jpg 1600w\" sizes=\"auto, (max-width: 1024px) 100vw, 1024px\" \/><\/figure>\n\n\n\n<figure class=\"wp-block-image size-large\"><img loading=\"lazy\" decoding=\"async\" width=\"1024\" height=\"577\" data-id=\"5352\" src=\"https:\/\/udruga-106br.hr\/wp-content\/uploads\/2025\/06\/viber_slika_2025-06-22_18-06-31-868-1-1024x577.jpg\" alt=\"\" class=\"wp-image-5352\" srcset=\"https:\/\/udruga-106br.hr\/wp-content\/uploads\/2025\/06\/viber_slika_2025-06-22_18-06-31-868-1-1024x577.jpg 1024w, https:\/\/udruga-106br.hr\/wp-content\/uploads\/2025\/06\/viber_slika_2025-06-22_18-06-31-868-1-300x169.jpg 300w, https:\/\/udruga-106br.hr\/wp-content\/uploads\/2025\/06\/viber_slika_2025-06-22_18-06-31-868-1-768x432.jpg 768w, https:\/\/udruga-106br.hr\/wp-content\/uploads\/2025\/06\/viber_slika_2025-06-22_18-06-31-868-1-1536x865.jpg 1536w, https:\/\/udruga-106br.hr\/wp-content\/uploads\/2025\/06\/viber_slika_2025-06-22_18-06-31-868-1.jpg 1600w\" sizes=\"auto, (max-width: 1024px) 100vw, 1024px\" \/><\/figure>\n\n\n\n<figure class=\"wp-block-image size-large\"><img loading=\"lazy\" decoding=\"async\" width=\"1024\" height=\"473\" data-id=\"5338\" src=\"https:\/\/udruga-106br.hr\/wp-content\/uploads\/2025\/06\/viber_slika_2025-06-22_18-06-31-715-1-1024x473.jpg\" alt=\"\" class=\"wp-image-5338\" srcset=\"https:\/\/udruga-106br.hr\/wp-content\/uploads\/2025\/06\/viber_slika_2025-06-22_18-06-31-715-1-1024x473.jpg 1024w, https:\/\/udruga-106br.hr\/wp-content\/uploads\/2025\/06\/viber_slika_2025-06-22_18-06-31-715-1-300x139.jpg 300w, https:\/\/udruga-106br.hr\/wp-content\/uploads\/2025\/06\/viber_slika_2025-06-22_18-06-31-715-1-768x355.jpg 768w, https:\/\/udruga-106br.hr\/wp-content\/uploads\/2025\/06\/viber_slika_2025-06-22_18-06-31-715-1-1536x709.jpg 1536w, https:\/\/udruga-106br.hr\/wp-content\/uploads\/2025\/06\/viber_slika_2025-06-22_18-06-31-715-1.jpg 1600w\" sizes=\"auto, (max-width: 1024px) 100vw, 1024px\" \/><\/figure>\n<\/figure>\n<!-- AddThis Advanced Settings generic via filter on the_content --><!-- AddThis Share Buttons generic via filter on the_content -->","protected":false},"excerpt":{"rendered":"<p>U povodu Dana 106. brigade ZNG RH, Dana hrvatskih branitelja Osje\u010dko-baranjske \u017eupanije i Dana dragovoljaca, na streli\u0161tu Pampas 22. lipnja 2025. s po\u010detkom u 10 sati odr\u017ean je 7. memorijalni turnir u strelja\u0161tvu \u201eBranko Veki\u0107\u201c, pod pokroviteljstvom Ministarstva hrvatskih branitelja. Turnir su zajedni\u010dki organizirali Udruga veterana 106. brigade Osijek i GSK Centar 1786.Na turniru je &hellip; <a href=\"https:\/\/udruga-106br.hr\/index.php\/odrzan-7-memorijalni-turnir-u-streljastvu-branko-vekic-cuvamo-uspomenu-i-domoljubni-duh\/\" class=\"more-link\">Nastavi \u010ditati <span class=\"screen-reader-text\">Odr\u017ean 7. memorijalni turnir u strelja\u0161tvu &#8220;Branko Veki\u0107&#8221; \u2013 \u010duvamo uspomenu i domoljubni duh<\/span><\/a><!-- AddThis Advanced Settings generic via filter on get_the_excerpt --><!-- AddThis Share Buttons generic via filter on get_the_excerpt --><\/p>\n","protected":false},"author":2,"featured_media":0,"comment_status":"closed","ping_status":"closed","sticky":false,"template":"","format":"standard","meta":{"footnotes":""},"categories":[32],"tags":[],"class_list":["post-5323","post","type-post","status-publish","format-standard","hentry","category-iz-zivota-udruge"],"_links":{"self":[{"href":"https:\/\/udruga-106br.hr\/index.php\/wp-json\/wp\/v2\/posts\/5323","targetHints":{"allow":["GET"]}}],"collection":[{"href":"https:\/\/udruga-106br.hr\/index.php\/wp-json\/wp\/v2\/posts"}],"about":[{"href":"https:\/\/udruga-106br.hr\/index.php\/wp-json\/wp\/v2\/types\/post"}],"author":[{"embeddable":true,"href":"https:\/\/udruga-106br.hr\/index.php\/wp-json\/wp\/v2\/users\/2"}],"replies":[{"embeddable":true,"href":"https:\/\/udruga-106br.hr\/index.php\/wp-json\/wp\/v2\/comments?post=5323"}],"version-history":[{"count":3,"href":"https:\/\/udruga-106br.hr\/index.php\/wp-json\/wp\/v2\/posts\/5323\/revisions"}],"predecessor-version":[{"id":5353,"href":"https:\/\/udruga-106br.hr\/index.php\/wp-json\/wp\/v2\/posts\/5323\/revisions\/5353"}],"wp:attachment":[{"href":"https:\/\/udruga-106br.hr\/index.php\/wp-json\/wp\/v2\/media?parent=5323"}],"wp:term":[{"taxonomy":"category","embeddable":true,"href":"https:\/\/udruga-106br.hr\/index.php\/wp-json\/wp\/v2\/categories?post=5323"},{"taxonomy":"post_tag","embeddable":true,"href":"https:\/\/udruga-106br.hr\/index.php\/wp-json\/wp\/v2\/tags?post=5323"}],"curies":[{"name":"wp","href":"https:\/\/api.w.org\/{rel}","templated":true}]}}