{"id":5556,"date":"2025-08-04T17:28:47","date_gmt":"2025-08-04T15:28:47","guid":{"rendered":"https:\/\/udruga-106br.hr\/?p=5556"},"modified":"2025-10-17T19:07:10","modified_gmt":"2025-10-17T17:07:10","slug":"obiljezena-obljetnica-tragicnog-napada-na-policijsku-postaju-dalj","status":"publish","type":"post","link":"https:\/\/udruga-106br.hr\/index.php\/obiljezena-obljetnica-tragicnog-napada-na-policijsku-postaju-dalj\/","title":{"rendered":"Obilje\u017eena obljetnica tragi\u010dnog napada na Policijsku postaju Dalj"},"content":{"rendered":"\n<figure class=\"wp-block-image size-large\"><img loading=\"lazy\" decoding=\"async\" width=\"683\" height=\"1024\" src=\"https:\/\/udruga-106br.hr\/wp-content\/uploads\/2025\/08\/DSC_3629-683x1024.jpg\" alt=\"\" class=\"wp-image-5557\"\/><\/figure>\n\n\n\n<p>Dana 1. kolovoza 2025. godine, u Dalju je odr\u017eana sve\u010danost obilje\u017eavanja obljetnice jednog od najtragi\u010dnijih dana u novijoj hrvatskoj povijesti \u2013 napada na Policijsku postaju Dalj 1991. godine.<\/p>\n\n\n\n<p>Na taj krvavi \u010detvrtak, 1. kolovoza 1991., \u017eivot su izgubila 20 policajaca, 15 pripadnika Zbora narodne garde i 4 pripadnika Civilne za\u0161tite \u2013 hrabri ljudi koji su do posljednjeg daha branili institucije Republike Hrvatske.<\/p>\n\n\n\n<p>U znak sje\u0107anja i odavanja po\u010dasti tim herojima, brojni su se gra\u0111ani, predstavnici institucija, braniteljskih i stradalni\u010dkih udruga okupili u Dalju. Me\u0111u njima su bili i predstavnici Udruge veterana 106. brigade Osijek, koji su svojom nazo\u010dno\u0161\u0107u izrazili pijetet, solidarnost i trajnu zahvalnost \u017ertvi poginulih branitelja.<\/p>\n\n\n\n<p>Sje\u0107anje na ovu tragediju i \u017ertvu koju su hrvatski branitelji podnijeli za slobodu na\u0161e domovine, temelj su na\u0161eg zajedni\u0161tva, istine i budu\u0107nosti u miru.<\/p>\n\n\n\n<p>Po\u010divali u miru i vje\u010dna im hvala!<\/p>\n\n\n\n<figure class=\"wp-block-gallery has-nested-images columns-default is-cropped wp-block-gallery-1 is-layout-flex wp-block-gallery-is-layout-flex\">\n<figure class=\"wp-block-image size-large\"><img loading=\"lazy\" decoding=\"async\" width=\"1024\" height=\"683\" data-id=\"5558\" src=\"https:\/\/udruga-106br.hr\/wp-content\/uploads\/2025\/08\/DSC_3644-1024x683.jpg\" alt=\"\" class=\"wp-image-5558\" srcset=\"https:\/\/udruga-106br.hr\/wp-content\/uploads\/2025\/08\/DSC_3644-1024x683.jpg 1024w, https:\/\/udruga-106br.hr\/wp-content\/uploads\/2025\/08\/DSC_3644-300x200.jpg 300w, https:\/\/udruga-106br.hr\/wp-content\/uploads\/2025\/08\/DSC_3644-768x512.jpg 768w, https:\/\/udruga-106br.hr\/wp-content\/uploads\/2025\/08\/DSC_3644-1536x1024.jpg 1536w, https:\/\/udruga-106br.hr\/wp-content\/uploads\/2025\/08\/DSC_3644-2048x1365.jpg 2048w\" sizes=\"auto, (max-width: 1024px) 100vw, 1024px\" \/><\/figure>\n\n\n\n<figure class=\"wp-block-image size-large\"><img loading=\"lazy\" decoding=\"async\" width=\"1024\" height=\"683\" data-id=\"5559\" src=\"https:\/\/udruga-106br.hr\/wp-content\/uploads\/2025\/08\/DSC_3688-1024x683.jpg\" alt=\"\" class=\"wp-image-5559\" srcset=\"https:\/\/udruga-106br.hr\/wp-content\/uploads\/2025\/08\/DSC_3688-1024x683.jpg 1024w, https:\/\/udruga-106br.hr\/wp-content\/uploads\/2025\/08\/DSC_3688-300x200.jpg 300w, https:\/\/udruga-106br.hr\/wp-content\/uploads\/2025\/08\/DSC_3688-768x512.jpg 768w, https:\/\/udruga-106br.hr\/wp-content\/uploads\/2025\/08\/DSC_3688-1536x1024.jpg 1536w, https:\/\/udruga-106br.hr\/wp-content\/uploads\/2025\/08\/DSC_3688-2048x1365.jpg 2048w\" sizes=\"auto, (max-width: 1024px) 100vw, 1024px\" \/><\/figure>\n\n\n\n<figure class=\"wp-block-image size-large\"><img loading=\"lazy\" decoding=\"async\" width=\"1024\" height=\"683\" data-id=\"5560\" src=\"https:\/\/udruga-106br.hr\/wp-content\/uploads\/2025\/08\/DSC_3717-1024x683.jpg\" alt=\"\" class=\"wp-image-5560\" srcset=\"https:\/\/udruga-106br.hr\/wp-content\/uploads\/2025\/08\/DSC_3717-1024x683.jpg 1024w, https:\/\/udruga-106br.hr\/wp-content\/uploads\/2025\/08\/DSC_3717-300x200.jpg 300w, https:\/\/udruga-106br.hr\/wp-content\/uploads\/2025\/08\/DSC_3717-768x512.jpg 768w, https:\/\/udruga-106br.hr\/wp-content\/uploads\/2025\/08\/DSC_3717-1536x1024.jpg 1536w, https:\/\/udruga-106br.hr\/wp-content\/uploads\/2025\/08\/DSC_3717-2048x1365.jpg 2048w\" sizes=\"auto, (max-width: 1024px) 100vw, 1024px\" \/><\/figure>\n\n\n\n<figure class=\"wp-block-image size-large\"><img loading=\"lazy\" decoding=\"async\" width=\"1024\" height=\"683\" data-id=\"5561\" src=\"https:\/\/udruga-106br.hr\/wp-content\/uploads\/2025\/08\/DSC_3866-1024x683.jpg\" alt=\"\" class=\"wp-image-5561\" srcset=\"https:\/\/udruga-106br.hr\/wp-content\/uploads\/2025\/08\/DSC_3866-1024x683.jpg 1024w, https:\/\/udruga-106br.hr\/wp-content\/uploads\/2025\/08\/DSC_3866-300x200.jpg 300w, https:\/\/udruga-106br.hr\/wp-content\/uploads\/2025\/08\/DSC_3866-768x512.jpg 768w, https:\/\/udruga-106br.hr\/wp-content\/uploads\/2025\/08\/DSC_3866-1536x1024.jpg 1536w, https:\/\/udruga-106br.hr\/wp-content\/uploads\/2025\/08\/DSC_3866-2048x1365.jpg 2048w\" sizes=\"auto, (max-width: 1024px) 100vw, 1024px\" \/><\/figure>\n<\/figure>\n<!-- AddThis Advanced Settings generic via filter on the_content --><!-- AddThis Share Buttons generic via filter on the_content -->","protected":false},"excerpt":{"rendered":"<p>Dana 1. kolovoza 2025. godine, u Dalju je odr\u017eana sve\u010danost obilje\u017eavanja obljetnice jednog od najtragi\u010dnijih dana u novijoj hrvatskoj povijesti \u2013 napada na Policijsku postaju Dalj 1991. godine. Na taj krvavi \u010detvrtak, 1. kolovoza 1991., \u017eivot su izgubila 20 policajaca, 15 pripadnika Zbora narodne garde i 4 pripadnika Civilne za\u0161tite \u2013 hrabri ljudi koji su &hellip; <a href=\"https:\/\/udruga-106br.hr\/index.php\/obiljezena-obljetnica-tragicnog-napada-na-policijsku-postaju-dalj\/\" class=\"more-link\">Nastavi \u010ditati <span class=\"screen-reader-text\">Obilje\u017eena obljetnica tragi\u010dnog napada na Policijsku postaju Dalj<\/span><\/a><!-- AddThis Advanced Settings generic via filter on get_the_excerpt --><!-- AddThis Share Buttons generic via filter on get_the_excerpt --><\/p>\n","protected":false},"author":2,"featured_media":0,"comment_status":"closed","ping_status":"closed","sticky":false,"template":"","format":"standard","meta":{"footnotes":""},"categories":[32],"tags":[],"class_list":["post-5556","post","type-post","status-publish","format-standard","hentry","category-iz-zivota-udruge"],"_links":{"self":[{"href":"https:\/\/udruga-106br.hr\/index.php\/wp-json\/wp\/v2\/posts\/5556","targetHints":{"allow":["GET"]}}],"collection":[{"href":"https:\/\/udruga-106br.hr\/index.php\/wp-json\/wp\/v2\/posts"}],"about":[{"href":"https:\/\/udruga-106br.hr\/index.php\/wp-json\/wp\/v2\/types\/post"}],"author":[{"embeddable":true,"href":"https:\/\/udruga-106br.hr\/index.php\/wp-json\/wp\/v2\/users\/2"}],"replies":[{"embeddable":true,"href":"https:\/\/udruga-106br.hr\/index.php\/wp-json\/wp\/v2\/comments?post=5556"}],"version-history":[{"count":1,"href":"https:\/\/udruga-106br.hr\/index.php\/wp-json\/wp\/v2\/posts\/5556\/revisions"}],"predecessor-version":[{"id":5562,"href":"https:\/\/udruga-106br.hr\/index.php\/wp-json\/wp\/v2\/posts\/5556\/revisions\/5562"}],"wp:attachment":[{"href":"https:\/\/udruga-106br.hr\/index.php\/wp-json\/wp\/v2\/media?parent=5556"}],"wp:term":[{"taxonomy":"category","embeddable":true,"href":"https:\/\/udruga-106br.hr\/index.php\/wp-json\/wp\/v2\/categories?post=5556"},{"taxonomy":"post_tag","embeddable":true,"href":"https:\/\/udruga-106br.hr\/index.php\/wp-json\/wp\/v2\/tags?post=5556"}],"curies":[{"name":"wp","href":"https:\/\/api.w.org\/{rel}","templated":true}]}}