{"id":5640,"date":"2025-08-22T09:08:53","date_gmt":"2025-08-22T07:08:53","guid":{"rendered":"https:\/\/udruga-106br.hr\/?p=5640"},"modified":"2025-10-17T16:43:36","modified_gmt":"2025-10-17T14:43:36","slug":"sjecanje-na-zeljka-bumbaka","status":"publish","type":"post","link":"https:\/\/udruga-106br.hr\/index.php\/sjecanje-na-zeljka-bumbaka\/","title":{"rendered":"Sje\u0107anje na \u017deljka Bumbaka"},"content":{"rendered":"<div class=\"wp-block-image\">\n<figure class=\"aligncenter size-large is-resized\"><img loading=\"lazy\" decoding=\"async\" width=\"683\" height=\"1024\" src=\"https:\/\/udruga-106br.hr\/wp-content\/uploads\/2025\/04\/Svijeca-683x1024.jpg\" alt=\"\" class=\"wp-image-4914\" style=\"width:560px;height:auto\"\/><\/figure><\/div>\n\n\n<p>Na dana\u0161nji dan, <strong>22. kolovoza<\/strong>, prisje\u0107amo se na\u0161eg suborca, <strong>\u017deljka Bumbaka<\/strong>, pripadnika 106. brigade ZNG RH Osijek, koji je polo\u017eio svoj \u017eivot brane\u0107i Domovinu.<\/p>\n\n\n\n<p>Njegova \u017ertva ostaje trajna opomena o cijeni slobode koju danas \u017eivimo, a njegovo ime \u017eivi u srcima svih nas koji nismo zaboravili.<\/p>\n\n\n\n<p>Pozivamo sve koji mogu, da danas zapale svije\u0107u na mjestu njegova po\u010divali\u0161ta, <strong>&#8220;GROBLJE KRAVICE&#8221; I,12,8,77<\/strong> ili u svom domu \u2013 u ti\u0161ini i zahvalnosti. Neka svjetlost plamena bude znak da i dalje bdijemo nad uspomenom na na\u0161e heroje.<\/p>\n\n\n\n<p class=\"has-text-align-center\"><strong>\u017deljko Bumbak \u2013 hvala ti. Tvoja \u017ertva ne\u0107e biti zaboravljena.<\/strong><br>Neka mu je vje\u010dna slava i mir.<\/p>\n\n\n<div class=\"wp-block-image\">\n<figure class=\"aligncenter size-large\"><img loading=\"lazy\" decoding=\"async\" width=\"577\" height=\"1024\" src=\"https:\/\/udruga-106br.hr\/wp-content\/uploads\/2025\/08\/viber_slika_2025-08-21_17-37-16-664-577x1024.jpg\" alt=\"\" class=\"wp-image-5641\"\/><\/figure><\/div><!-- AddThis Advanced Settings generic via filter on the_content --><!-- AddThis Share Buttons generic via filter on the_content -->","protected":false},"excerpt":{"rendered":"<p>Na dana\u0161nji dan, 22. kolovoza, prisje\u0107amo se na\u0161eg suborca, \u017deljka Bumbaka, pripadnika 106. brigade ZNG RH Osijek, koji je polo\u017eio svoj \u017eivot brane\u0107i Domovinu. Njegova \u017ertva ostaje trajna opomena o cijeni slobode koju danas \u017eivimo, a njegovo ime \u017eivi u srcima svih nas koji nismo zaboravili. Pozivamo sve koji mogu, da danas zapale svije\u0107u na &hellip; <a href=\"https:\/\/udruga-106br.hr\/index.php\/sjecanje-na-zeljka-bumbaka\/\" class=\"more-link\">Nastavi \u010ditati <span class=\"screen-reader-text\">Sje\u0107anje na \u017deljka Bumbaka<\/span><\/a><!-- AddThis Advanced Settings generic via filter on get_the_excerpt --><!-- AddThis Share Buttons generic via filter on get_the_excerpt --><\/p>\n","protected":false},"author":2,"featured_media":0,"comment_status":"closed","ping_status":"closed","sticky":false,"template":"","format":"standard","meta":{"footnotes":""},"categories":[29],"tags":[],"class_list":["post-5640","post","type-post","status-publish","format-standard","hentry","category-obiljezavanje-godisnjice-pogibije"],"_links":{"self":[{"href":"https:\/\/udruga-106br.hr\/index.php\/wp-json\/wp\/v2\/posts\/5640","targetHints":{"allow":["GET"]}}],"collection":[{"href":"https:\/\/udruga-106br.hr\/index.php\/wp-json\/wp\/v2\/posts"}],"about":[{"href":"https:\/\/udruga-106br.hr\/index.php\/wp-json\/wp\/v2\/types\/post"}],"author":[{"embeddable":true,"href":"https:\/\/udruga-106br.hr\/index.php\/wp-json\/wp\/v2\/users\/2"}],"replies":[{"embeddable":true,"href":"https:\/\/udruga-106br.hr\/index.php\/wp-json\/wp\/v2\/comments?post=5640"}],"version-history":[{"count":1,"href":"https:\/\/udruga-106br.hr\/index.php\/wp-json\/wp\/v2\/posts\/5640\/revisions"}],"predecessor-version":[{"id":5642,"href":"https:\/\/udruga-106br.hr\/index.php\/wp-json\/wp\/v2\/posts\/5640\/revisions\/5642"}],"wp:attachment":[{"href":"https:\/\/udruga-106br.hr\/index.php\/wp-json\/wp\/v2\/media?parent=5640"}],"wp:term":[{"taxonomy":"category","embeddable":true,"href":"https:\/\/udruga-106br.hr\/index.php\/wp-json\/wp\/v2\/categories?post=5640"},{"taxonomy":"post_tag","embeddable":true,"href":"https:\/\/udruga-106br.hr\/index.php\/wp-json\/wp\/v2\/tags?post=5640"}],"curies":[{"name":"wp","href":"https:\/\/api.w.org\/{rel}","templated":true}]}}