{"id":5986,"date":"2025-10-08T07:47:29","date_gmt":"2025-10-08T05:47:29","guid":{"rendered":"https:\/\/udruga-106br.hr\/?p=5986"},"modified":"2025-10-17T10:27:40","modified_gmt":"2025-10-17T08:27:40","slug":"sjecanje-na-dragana-vagnera","status":"publish","type":"post","link":"https:\/\/udruga-106br.hr\/index.php\/sjecanje-na-dragana-vagnera\/","title":{"rendered":"Sje\u0107anje na Dragana Vagnera"},"content":{"rendered":"<div class=\"wp-block-image\">\n<figure class=\"aligncenter size-full is-resized\"><img loading=\"lazy\" decoding=\"async\" width=\"683\" height=\"541\" src=\"https:\/\/udruga-106br.hr\/wp-content\/uploads\/2025\/10\/Svijeca-683x1024-2.jpg\" alt=\"\" class=\"wp-image-5989\" style=\"width:502px;height:auto\" srcset=\"https:\/\/udruga-106br.hr\/wp-content\/uploads\/2025\/10\/Svijeca-683x1024-2.jpg 683w, https:\/\/udruga-106br.hr\/wp-content\/uploads\/2025\/10\/Svijeca-683x1024-2-300x238.jpg 300w\" sizes=\"auto, (max-width: 683px) 100vw, 683px\" \/><\/figure><\/div>\n\n\n<p>Na dana\u0161nji dan, <strong>8. listopada<\/strong>, prisje\u0107amo se na\u0161eg suborca, <strong>Dragana Vagnera<\/strong>, pripadnika 106. brigade ZNG RH Osijek, koji je polo\u017eio svoj \u017eivot brane\u0107i Domovinu.<\/p>\n\n\n\n<p>Njegova \u017ertva ostaje trajna opomena o cijeni slobode koju danas \u017eivimo, a njegovo ime \u017eivi u srcima svih nas koji nismo zaboravili.<\/p>\n\n\n\n<p>Pozivamo sve koji mogu, da danas zapale svije\u0107u na mjestu njegova po\u010divali\u0161ta, <strong>&#8220;GROBLJE SVETE ANE&#8221; XV,21,37,5420<\/strong> ili u svom domu \u2013 u ti\u0161ini i zahvalnosti. Neka svjetlost plamena bude znak da i dalje bdijemo nad uspomenom na na\u0161e heroje.<\/p>\n\n\n\n<p class=\"has-text-align-center\"><strong>Dragan Vagner \u2013 hvala ti. Tvoja \u017ertva ne\u0107e biti zaboravljena.<\/strong><br>Neka mu je vje\u010dna slava i mir.<\/p>\n\n\n<div class=\"wp-block-image\">\n<figure class=\"aligncenter size-large\"><img loading=\"lazy\" decoding=\"async\" width=\"577\" height=\"1024\" src=\"https:\/\/udruga-106br.hr\/wp-content\/uploads\/2025\/10\/viber_slika_2025-10-07_17-02-11-418-577x1024.jpg\" alt=\"\" class=\"wp-image-6041\" srcset=\"https:\/\/udruga-106br.hr\/wp-content\/uploads\/2025\/10\/viber_slika_2025-10-07_17-02-11-418-577x1024.jpg 577w, https:\/\/udruga-106br.hr\/wp-content\/uploads\/2025\/10\/viber_slika_2025-10-07_17-02-11-418-169x300.jpg 169w, https:\/\/udruga-106br.hr\/wp-content\/uploads\/2025\/10\/viber_slika_2025-10-07_17-02-11-418-768x1364.jpg 768w, https:\/\/udruga-106br.hr\/wp-content\/uploads\/2025\/10\/viber_slika_2025-10-07_17-02-11-418-865x1536.jpg 865w, https:\/\/udruga-106br.hr\/wp-content\/uploads\/2025\/10\/viber_slika_2025-10-07_17-02-11-418.jpg 901w\" sizes=\"auto, (max-width: 577px) 100vw, 577px\" \/><\/figure><\/div><!-- AddThis Advanced Settings generic via filter on the_content --><!-- AddThis Share Buttons generic via filter on the_content -->","protected":false},"excerpt":{"rendered":"<p>Na dana\u0161nji dan, 8. listopada, prisje\u0107amo se na\u0161eg suborca, Dragana Vagnera, pripadnika 106. brigade ZNG RH Osijek, koji je polo\u017eio svoj \u017eivot brane\u0107i Domovinu. Njegova \u017ertva ostaje trajna opomena o cijeni slobode koju danas \u017eivimo, a njegovo ime \u017eivi u srcima svih nas koji nismo zaboravili. Pozivamo sve koji mogu, da danas zapale svije\u0107u na &hellip; <a href=\"https:\/\/udruga-106br.hr\/index.php\/sjecanje-na-dragana-vagnera\/\" class=\"more-link\">Nastavi \u010ditati <span class=\"screen-reader-text\">Sje\u0107anje na Dragana Vagnera<\/span><\/a><!-- AddThis Advanced Settings generic via filter on get_the_excerpt --><!-- AddThis Share Buttons generic via filter on get_the_excerpt --><\/p>\n","protected":false},"author":2,"featured_media":0,"comment_status":"closed","ping_status":"closed","sticky":false,"template":"","format":"standard","meta":{"footnotes":""},"categories":[29],"tags":[],"class_list":["post-5986","post","type-post","status-publish","format-standard","hentry","category-obiljezavanje-godisnjice-pogibije"],"_links":{"self":[{"href":"https:\/\/udruga-106br.hr\/index.php\/wp-json\/wp\/v2\/posts\/5986","targetHints":{"allow":["GET"]}}],"collection":[{"href":"https:\/\/udruga-106br.hr\/index.php\/wp-json\/wp\/v2\/posts"}],"about":[{"href":"https:\/\/udruga-106br.hr\/index.php\/wp-json\/wp\/v2\/types\/post"}],"author":[{"embeddable":true,"href":"https:\/\/udruga-106br.hr\/index.php\/wp-json\/wp\/v2\/users\/2"}],"replies":[{"embeddable":true,"href":"https:\/\/udruga-106br.hr\/index.php\/wp-json\/wp\/v2\/comments?post=5986"}],"version-history":[{"count":31,"href":"https:\/\/udruga-106br.hr\/index.php\/wp-json\/wp\/v2\/posts\/5986\/revisions"}],"predecessor-version":[{"id":6044,"href":"https:\/\/udruga-106br.hr\/index.php\/wp-json\/wp\/v2\/posts\/5986\/revisions\/6044"}],"wp:attachment":[{"href":"https:\/\/udruga-106br.hr\/index.php\/wp-json\/wp\/v2\/media?parent=5986"}],"wp:term":[{"taxonomy":"category","embeddable":true,"href":"https:\/\/udruga-106br.hr\/index.php\/wp-json\/wp\/v2\/categories?post=5986"},{"taxonomy":"post_tag","embeddable":true,"href":"https:\/\/udruga-106br.hr\/index.php\/wp-json\/wp\/v2\/tags?post=5986"}],"curies":[{"name":"wp","href":"https:\/\/api.w.org\/{rel}","templated":true}]}}