{"id":6045,"date":"2025-10-10T09:54:48","date_gmt":"2025-10-10T07:54:48","guid":{"rendered":"https:\/\/udruga-106br.hr\/?p=6045"},"modified":"2025-10-17T10:27:40","modified_gmt":"2025-10-17T08:27:40","slug":"sjecanje-na-ivana-senka","status":"publish","type":"post","link":"https:\/\/udruga-106br.hr\/index.php\/sjecanje-na-ivana-senka\/","title":{"rendered":"Sje\u0107anje na Ivana \u0160enka"},"content":{"rendered":"<div class=\"wp-block-image\">\n<figure class=\"aligncenter size-full is-resized\"><img loading=\"lazy\" decoding=\"async\" width=\"683\" height=\"541\" src=\"https:\/\/udruga-106br.hr\/wp-content\/uploads\/2025\/10\/Svijeca-683x1024-2.jpg\" alt=\"\" class=\"wp-image-5989\" style=\"width:502px;height:auto\" srcset=\"https:\/\/udruga-106br.hr\/wp-content\/uploads\/2025\/10\/Svijeca-683x1024-2.jpg 683w, https:\/\/udruga-106br.hr\/wp-content\/uploads\/2025\/10\/Svijeca-683x1024-2-300x238.jpg 300w\" sizes=\"auto, (max-width: 683px) 100vw, 683px\" \/><\/figure><\/div>\n\n\n<p>Na dana\u0161nji dan, <strong>10. listopada<\/strong>, prisje\u0107amo se na\u0161eg suborca, <strong>Ivana \u0160enka<\/strong>, pripadnika 106. brigade ZNG RH Osijek, koji je polo\u017eio svoj \u017eivot brane\u0107i Domovinu.<\/p>\n\n\n\n<p>Njegova \u017ertva ostaje trajna opomena o cijeni slobode koju danas \u017eivimo, a njegovo ime \u017eivi u srcima svih nas koji nismo zaboravili.<\/p>\n\n\n\n<p>Pozivamo sve koji mogu, da danas zapale svije\u0107u na mjestu njegova po\u010divali\u0161ta, <strong>&#8220;RETFALA\u010cKO GROBLJE&#8221; XIII,2,4,2293<\/strong> ili u svom domu \u2013 u ti\u0161ini i zahvalnosti. Neka svjetlost plamena bude znak da i dalje bdijemo nad uspomenom na na\u0161e heroje.<\/p>\n\n\n\n<p class=\"has-text-align-center\"><strong>Ivan \u0160enk \u2013 hvala ti. Tvoja \u017ertva ne\u0107e biti zaboravljena.<\/strong><br>Neka mu je vje\u010dna slava i mir.<\/p>\n\n\n\n<figure class=\"wp-block-image size-large\"><img loading=\"lazy\" decoding=\"async\" width=\"577\" height=\"1024\" src=\"https:\/\/udruga-106br.hr\/wp-content\/uploads\/2025\/10\/Ivan_Senk-577x1024.jpg\" alt=\"\" class=\"wp-image-6049\" srcset=\"https:\/\/udruga-106br.hr\/wp-content\/uploads\/2025\/10\/Ivan_Senk-577x1024.jpg 577w, https:\/\/udruga-106br.hr\/wp-content\/uploads\/2025\/10\/Ivan_Senk-169x300.jpg 169w, https:\/\/udruga-106br.hr\/wp-content\/uploads\/2025\/10\/Ivan_Senk-768x1364.jpg 768w, https:\/\/udruga-106br.hr\/wp-content\/uploads\/2025\/10\/Ivan_Senk-865x1536.jpg 865w, https:\/\/udruga-106br.hr\/wp-content\/uploads\/2025\/10\/Ivan_Senk.jpg 901w\" sizes=\"auto, (max-width: 577px) 100vw, 577px\" \/><\/figure>\n<!-- AddThis Advanced Settings generic via filter on the_content --><!-- AddThis Share Buttons generic via filter on the_content -->","protected":false},"excerpt":{"rendered":"<p>Na dana\u0161nji dan, 10. listopada, prisje\u0107amo se na\u0161eg suborca, Ivana \u0160enka, pripadnika 106. brigade ZNG RH Osijek, koji je polo\u017eio svoj \u017eivot brane\u0107i Domovinu. Njegova \u017ertva ostaje trajna opomena o cijeni slobode koju danas \u017eivimo, a njegovo ime \u017eivi u srcima svih nas koji nismo zaboravili. Pozivamo sve koji mogu, da danas zapale svije\u0107u na &hellip; <a href=\"https:\/\/udruga-106br.hr\/index.php\/sjecanje-na-ivana-senka\/\" class=\"more-link\">Nastavi \u010ditati <span class=\"screen-reader-text\">Sje\u0107anje na Ivana \u0160enka<\/span><\/a><!-- AddThis Advanced Settings generic via filter on get_the_excerpt --><!-- AddThis Share Buttons generic via filter on get_the_excerpt --><\/p>\n","protected":false},"author":2,"featured_media":0,"comment_status":"closed","ping_status":"closed","sticky":false,"template":"","format":"standard","meta":{"footnotes":""},"categories":[29],"tags":[],"class_list":["post-6045","post","type-post","status-publish","format-standard","hentry","category-obiljezavanje-godisnjice-pogibije"],"_links":{"self":[{"href":"https:\/\/udruga-106br.hr\/index.php\/wp-json\/wp\/v2\/posts\/6045","targetHints":{"allow":["GET"]}}],"collection":[{"href":"https:\/\/udruga-106br.hr\/index.php\/wp-json\/wp\/v2\/posts"}],"about":[{"href":"https:\/\/udruga-106br.hr\/index.php\/wp-json\/wp\/v2\/types\/post"}],"author":[{"embeddable":true,"href":"https:\/\/udruga-106br.hr\/index.php\/wp-json\/wp\/v2\/users\/2"}],"replies":[{"embeddable":true,"href":"https:\/\/udruga-106br.hr\/index.php\/wp-json\/wp\/v2\/comments?post=6045"}],"version-history":[{"count":3,"href":"https:\/\/udruga-106br.hr\/index.php\/wp-json\/wp\/v2\/posts\/6045\/revisions"}],"predecessor-version":[{"id":6050,"href":"https:\/\/udruga-106br.hr\/index.php\/wp-json\/wp\/v2\/posts\/6045\/revisions\/6050"}],"wp:attachment":[{"href":"https:\/\/udruga-106br.hr\/index.php\/wp-json\/wp\/v2\/media?parent=6045"}],"wp:term":[{"taxonomy":"category","embeddable":true,"href":"https:\/\/udruga-106br.hr\/index.php\/wp-json\/wp\/v2\/categories?post=6045"},{"taxonomy":"post_tag","embeddable":true,"href":"https:\/\/udruga-106br.hr\/index.php\/wp-json\/wp\/v2\/tags?post=6045"}],"curies":[{"name":"wp","href":"https:\/\/api.w.org\/{rel}","templated":true}]}}