{"id":6071,"date":"2025-10-16T07:22:06","date_gmt":"2025-10-16T05:22:06","guid":{"rendered":"https:\/\/udruga-106br.hr\/?p=6071"},"modified":"2025-10-17T10:27:40","modified_gmt":"2025-10-17T08:27:40","slug":"sjecanje-na-sinisu-tadijanovica","status":"publish","type":"post","link":"https:\/\/udruga-106br.hr\/index.php\/sjecanje-na-sinisu-tadijanovica\/","title":{"rendered":"Sje\u0107anje na Sini\u0161u Tadijanovi\u0107a"},"content":{"rendered":"<div class=\"wp-block-image\">\n<figure class=\"aligncenter size-full is-resized\"><img loading=\"lazy\" decoding=\"async\" width=\"603\" height=\"1080\" src=\"https:\/\/udruga-106br.hr\/wp-content\/uploads\/2025\/10\/3_Vjecni_plamen_GIF.gif\" alt=\"\" class=\"wp-image-6062\" style=\"width:194px;height:auto\"\/><\/figure><\/div>\n\n\n<p>Na dana\u0161nji dan, <strong>16. listopada<\/strong>, prisje\u0107amo se na\u0161eg suborca, <strong>Sini\u0161e Tadijanovi\u0107a<\/strong>, pripadnika 106. brigade ZNG RH Osijek, koji je polo\u017eio svoj \u017eivot brane\u0107i Domovinu.<\/p>\n\n\n\n<p>Njegova \u017ertva ostaje trajna opomena o cijeni slobode koju danas \u017eivimo, a njegovo ime \u017eivi u srcima svih nas koji nismo zaboravili.<\/p>\n\n\n\n<p>Pozivamo sve koji mogu, da danas zapale svije\u0107u na mjestu njegova po\u010divali\u0161ta, <strong>&#8220;CENTRALNO GROBLJE&#8221;,E1,XVI,1,9,3627<\/strong> ili u svom domu \u2013 u ti\u0161ini i zahvalnosti. Neka svjetlost plamena bude znak da i dalje bdijemo nad uspomenom na na\u0161e heroje.<\/p>\n\n\n\n<p class=\"has-text-align-center\"><strong>Sini\u0161a Tadijanovi\u0107 \u2013 hvala ti. Tvoja \u017ertva ne\u0107e biti zaboravljena.<\/strong><br>Neka mu je vje\u010dna slava i mir.<\/p>\n\n\n<div class=\"wp-block-image\">\n<figure class=\"aligncenter size-large\"><img loading=\"lazy\" decoding=\"async\" width=\"768\" height=\"1024\" src=\"https:\/\/udruga-106br.hr\/wp-content\/uploads\/2025\/10\/Sinisa_Tadijanovic-768x1024.jpg\" alt=\"\" class=\"wp-image-6072\" srcset=\"https:\/\/udruga-106br.hr\/wp-content\/uploads\/2025\/10\/Sinisa_Tadijanovic-768x1024.jpg 768w, https:\/\/udruga-106br.hr\/wp-content\/uploads\/2025\/10\/Sinisa_Tadijanovic-225x300.jpg 225w, https:\/\/udruga-106br.hr\/wp-content\/uploads\/2025\/10\/Sinisa_Tadijanovic-1152x1536.jpg 1152w, https:\/\/udruga-106br.hr\/wp-content\/uploads\/2025\/10\/Sinisa_Tadijanovic.jpg 1200w\" sizes=\"auto, (max-width: 768px) 100vw, 768px\" \/><\/figure><\/div><!-- AddThis Advanced Settings generic via filter on the_content --><!-- AddThis Share Buttons generic via filter on the_content -->","protected":false},"excerpt":{"rendered":"<p>Na dana\u0161nji dan, 16. listopada, prisje\u0107amo se na\u0161eg suborca, Sini\u0161e Tadijanovi\u0107a, pripadnika 106. brigade ZNG RH Osijek, koji je polo\u017eio svoj \u017eivot brane\u0107i Domovinu. Njegova \u017ertva ostaje trajna opomena o cijeni slobode koju danas \u017eivimo, a njegovo ime \u017eivi u srcima svih nas koji nismo zaboravili. Pozivamo sve koji mogu, da danas zapale svije\u0107u na &hellip; <a href=\"https:\/\/udruga-106br.hr\/index.php\/sjecanje-na-sinisu-tadijanovica\/\" class=\"more-link\">Nastavi \u010ditati <span class=\"screen-reader-text\">Sje\u0107anje na Sini\u0161u Tadijanovi\u0107a<\/span><\/a><!-- AddThis Advanced Settings generic via filter on get_the_excerpt --><!-- AddThis Share Buttons generic via filter on get_the_excerpt --><\/p>\n","protected":false},"author":2,"featured_media":0,"comment_status":"closed","ping_status":"closed","sticky":false,"template":"","format":"standard","meta":{"footnotes":""},"categories":[29],"tags":[],"class_list":["post-6071","post","type-post","status-publish","format-standard","hentry","category-obiljezavanje-godisnjice-pogibije"],"_links":{"self":[{"href":"https:\/\/udruga-106br.hr\/index.php\/wp-json\/wp\/v2\/posts\/6071","targetHints":{"allow":["GET"]}}],"collection":[{"href":"https:\/\/udruga-106br.hr\/index.php\/wp-json\/wp\/v2\/posts"}],"about":[{"href":"https:\/\/udruga-106br.hr\/index.php\/wp-json\/wp\/v2\/types\/post"}],"author":[{"embeddable":true,"href":"https:\/\/udruga-106br.hr\/index.php\/wp-json\/wp\/v2\/users\/2"}],"replies":[{"embeddable":true,"href":"https:\/\/udruga-106br.hr\/index.php\/wp-json\/wp\/v2\/comments?post=6071"}],"version-history":[{"count":1,"href":"https:\/\/udruga-106br.hr\/index.php\/wp-json\/wp\/v2\/posts\/6071\/revisions"}],"predecessor-version":[{"id":6073,"href":"https:\/\/udruga-106br.hr\/index.php\/wp-json\/wp\/v2\/posts\/6071\/revisions\/6073"}],"wp:attachment":[{"href":"https:\/\/udruga-106br.hr\/index.php\/wp-json\/wp\/v2\/media?parent=6071"}],"wp:term":[{"taxonomy":"category","embeddable":true,"href":"https:\/\/udruga-106br.hr\/index.php\/wp-json\/wp\/v2\/categories?post=6071"},{"taxonomy":"post_tag","embeddable":true,"href":"https:\/\/udruga-106br.hr\/index.php\/wp-json\/wp\/v2\/tags?post=6071"}],"curies":[{"name":"wp","href":"https:\/\/api.w.org\/{rel}","templated":true}]}}