{"id":6416,"date":"2025-11-15T09:44:31","date_gmt":"2025-11-15T08:44:31","guid":{"rendered":"https:\/\/udruga-106br.hr\/?p=6416"},"modified":"2025-11-16T11:08:56","modified_gmt":"2025-11-16T10:08:56","slug":"braniteljska-liga-zavrseno-jesensko-natjecanje-u-beli","status":"publish","type":"post","link":"https:\/\/udruga-106br.hr\/index.php\/braniteljska-liga-zavrseno-jesensko-natjecanje-u-beli\/","title":{"rendered":"Zavr\u0161eno jesensko natjecanje u beli"},"content":{"rendered":"\n<p>U sklopu <strong>Braniteljske lige Udruge veterana 106. brigade<\/strong>, uspje\u0161no je zavr\u0161en jesenski dio natjecanja u beli. Tijekom proteklih tjedana dru\u017eili smo se u sportskom i prijateljskom duhu, uz puno dobre igre, natjecateljskog \u017eara i zajedni\u0161tva koje \u010dini temelj na\u0161e Udruge.<\/p>\n\n\n\n<p>Sudionici su pokazali zavidno znanje i fair-play, a zavr\u0161ni susreti donijeli su napetu i uzbudljivu zavr\u0161nicu. \u010cestitamo svim ekipama na sudjelovanju, a posebno najboljima koji su se svojim rezultatima istaknuli u jesenskom ciklusu.<\/p>\n\n\n\n<p class=\"has-dark-gray-color has-text-color has-link-color wp-elements-0d9b93adf16cd2d4d685ac5361ecb26a\" style=\"font-style:normal;font-weight:600\">Rezultati natjecanja:<br>1. mjesto DARDA 2<br>2. mjesto 106-2<br>3. mjesto SVETI ROK<\/p>\n\n\n\n<p>Zahvaljujemo svima koji su sudjelovali, kao i onima koji su pomogli u organizaciji. Veselimo se nastavku natjecanja u proljetnom dijelu Braniteljske lige te pozivamo \u010dlanove da nam se i dalje pridru\u017ee u dru\u017eenju i susretima koji \u010duvaju tradiciju zajedni\u0161tva braniteljske populacije.<\/p>\n\n\n\n<p class=\"has-text-align-center\"><strong>&#8220;Snaga zajedni\u0161tva traje.&#8221;<\/strong><\/p>\n\n\n<div class=\"wp-block-image\">\n<figure class=\"aligncenter size-large\"><img loading=\"lazy\" decoding=\"async\" width=\"1024\" height=\"577\" src=\"https:\/\/udruga-106br.hr\/wp-content\/uploads\/2025\/11\/viber_slika_2025-10-22_07-12-56-595-1024x577.jpg\" alt=\"\" class=\"wp-image-6419\" srcset=\"https:\/\/udruga-106br.hr\/wp-content\/uploads\/2025\/11\/viber_slika_2025-10-22_07-12-56-595-1024x577.jpg 1024w, https:\/\/udruga-106br.hr\/wp-content\/uploads\/2025\/11\/viber_slika_2025-10-22_07-12-56-595-300x169.jpg 300w, https:\/\/udruga-106br.hr\/wp-content\/uploads\/2025\/11\/viber_slika_2025-10-22_07-12-56-595-768x432.jpg 768w, https:\/\/udruga-106br.hr\/wp-content\/uploads\/2025\/11\/viber_slika_2025-10-22_07-12-56-595-1536x865.jpg 1536w, https:\/\/udruga-106br.hr\/wp-content\/uploads\/2025\/11\/viber_slika_2025-10-22_07-12-56-595.jpg 1600w\" sizes=\"auto, (max-width: 1024px) 100vw, 1024px\" \/><\/figure><\/div>\n\n<!-- AddThis Advanced Settings generic via filter on the_content --><!-- AddThis Share Buttons generic via filter on the_content -->","protected":false},"excerpt":{"rendered":"<p>U sklopu Braniteljske lige Udruge veterana 106. brigade, uspje\u0161no je zavr\u0161en jesenski dio natjecanja u beli. Tijekom proteklih tjedana dru\u017eili smo se u sportskom i prijateljskom duhu, uz puno dobre igre, natjecateljskog \u017eara i zajedni\u0161tva koje \u010dini temelj na\u0161e Udruge. Sudionici su pokazali zavidno znanje i fair-play, a zavr\u0161ni susreti donijeli su napetu i uzbudljivu &hellip; <a href=\"https:\/\/udruga-106br.hr\/index.php\/braniteljska-liga-zavrseno-jesensko-natjecanje-u-beli\/\" class=\"more-link\">Nastavi \u010ditati <span class=\"screen-reader-text\">Zavr\u0161eno jesensko natjecanje u beli<\/span><\/a><!-- AddThis Advanced Settings generic via filter on get_the_excerpt --><!-- AddThis Share Buttons generic via filter on get_the_excerpt --><\/p>\n","protected":false},"author":2,"featured_media":0,"comment_status":"open","ping_status":"closed","sticky":false,"template":"","format":"standard","meta":{"footnotes":"[]"},"categories":[27],"tags":[],"class_list":["post-6416","post","type-post","status-publish","format-standard","hentry","category-braniteljska-liga"],"_links":{"self":[{"href":"https:\/\/udruga-106br.hr\/index.php\/wp-json\/wp\/v2\/posts\/6416","targetHints":{"allow":["GET"]}}],"collection":[{"href":"https:\/\/udruga-106br.hr\/index.php\/wp-json\/wp\/v2\/posts"}],"about":[{"href":"https:\/\/udruga-106br.hr\/index.php\/wp-json\/wp\/v2\/types\/post"}],"author":[{"embeddable":true,"href":"https:\/\/udruga-106br.hr\/index.php\/wp-json\/wp\/v2\/users\/2"}],"replies":[{"embeddable":true,"href":"https:\/\/udruga-106br.hr\/index.php\/wp-json\/wp\/v2\/comments?post=6416"}],"version-history":[{"count":6,"href":"https:\/\/udruga-106br.hr\/index.php\/wp-json\/wp\/v2\/posts\/6416\/revisions"}],"predecessor-version":[{"id":6453,"href":"https:\/\/udruga-106br.hr\/index.php\/wp-json\/wp\/v2\/posts\/6416\/revisions\/6453"}],"wp:attachment":[{"href":"https:\/\/udruga-106br.hr\/index.php\/wp-json\/wp\/v2\/media?parent=6416"}],"wp:term":[{"taxonomy":"category","embeddable":true,"href":"https:\/\/udruga-106br.hr\/index.php\/wp-json\/wp\/v2\/categories?post=6416"},{"taxonomy":"post_tag","embeddable":true,"href":"https:\/\/udruga-106br.hr\/index.php\/wp-json\/wp\/v2\/tags?post=6416"}],"curies":[{"name":"wp","href":"https:\/\/api.w.org\/{rel}","templated":true}]}}