{"id":6427,"date":"2025-11-15T15:56:12","date_gmt":"2025-11-15T14:56:12","guid":{"rendered":"https:\/\/udruga-106br.hr\/?p=6427"},"modified":"2025-11-15T15:56:13","modified_gmt":"2025-11-15T14:56:13","slug":"svjetlost-za-heroja-sjecanje-na-damira-sustica","status":"publish","type":"post","link":"https:\/\/udruga-106br.hr\/index.php\/svjetlost-za-heroja-sjecanje-na-damira-sustica\/","title":{"rendered":"Svjetlost Za Heroja: Sje\u0107anje na Damira \u0160usti\u0107a"},"content":{"rendered":"<div class=\"wp-block-image\">\n<figure class=\"aligncenter size-large\"><img loading=\"lazy\" decoding=\"async\" width=\"1024\" height=\"577\" src=\"https:\/\/udruga-106br.hr\/wp-content\/uploads\/2025\/11\/Sestra_sogi_Damir_Sustic-1024x577.jpg\" alt=\"\" class=\"wp-image-6428\" srcset=\"https:\/\/udruga-106br.hr\/wp-content\/uploads\/2025\/11\/Sestra_sogi_Damir_Sustic-1024x577.jpg 1024w, https:\/\/udruga-106br.hr\/wp-content\/uploads\/2025\/11\/Sestra_sogi_Damir_Sustic-300x169.jpg 300w, https:\/\/udruga-106br.hr\/wp-content\/uploads\/2025\/11\/Sestra_sogi_Damir_Sustic-768x432.jpg 768w, https:\/\/udruga-106br.hr\/wp-content\/uploads\/2025\/11\/Sestra_sogi_Damir_Sustic-1536x865.jpg 1536w, https:\/\/udruga-106br.hr\/wp-content\/uploads\/2025\/11\/Sestra_sogi_Damir_Sustic.jpg 1600w\" sizes=\"auto, (max-width: 1024px) 100vw, 1024px\" \/><\/figure><\/div>\n\n\n<p><strong>Danas, 15. studenog 2025. godine, dva dana prije godi\u0161njice pogibije na\u0161eg suborca Damira \u0160usti\u0107a, \u010dlanovi Udruge veterana 106. brigade Osijek zapalili su svije\u0107u, na mjestu njegova po\u010divali\u0161ta, na Retfala\u010dkom groblju (VIII, 2, 9, 2298).<\/strong><br>U ti\u0161ini jutra, pred njegovim po\u010divali\u0161tem, ponovno smo osjetili onu istu te\u017einu i ponos koji nas obuzmu svaki put kada stanemo pred grob hrvatskog branitelja \u2013 \u010dovjeka koji je bez oklijevanja dao sve za slobodu svoga naroda.<\/p>\n\n\n\n<p>U trenutku dolaska susreli smo njegovu sestru, gospo\u0111u Zrinjku Danani\u0107  sa suprugom. Taj susret bio je duboko emotivan, gotovo nijemi podsjetnik koliko je rana ostalo u obiteljima na\u0161ih heroja.<br><strong>Te\u0161ko je rije\u010dima opisati emocije koje su nas preplavile \u2013 tuga, ponos, zahvalnost, ali i osje\u0107aj zajedni\u0161tva koji nikada ne blijedi.<\/strong><br>Gospo\u0111a Zrinjka izrazila je iskreno divljenje svemu \u0161to Udruga \u010dini u \u010duvanju uspomene na njenog brata i sve poginule pripadnike 106. brigade. Te rije\u010di bile su za nas najve\u0107e priznanje \u2013 potvrda da se svaka zapaljena svije\u0107a, svaki spomen i svaki napor ne zaboravlja, nego \u017eivi u srcima njihovih najbli\u017eih.<\/p>\n\n\n\n<p>Pozvali smo ih da posjete Spomen sobu 106. brigade \u2013 mjesto gdje uspomene di\u0161u, gdje fotografije na\u0161ih suboraca \u010duvaju pri\u010du o hrabrosti, ljubavi prema Domovini i \u017ertvi koja je iznad svega.<br>Gospo\u0111a Zrinjka istaknula je svoju \u017eelju da do\u0111e, zajedno sa svojom majkom \u2013 ponosnom majkom hrvatskog branitelja. Ta najava, izgovorena tiho, ali odlu\u010dno, dotaknula nas je duboko. To je trenutak u kojem shva\u0107amo da na\u0161a misija nije samo \u010duvati uspomene, nego biti oslonac i \u010dvrsta ruka obiteljima na\u0161ih poginulih suboraca.<\/p>\n\n\n\n<p><strong>Pozivamo sve koji mogu da 17. studenog upale svije\u0107u \u2013 na njegovu grobnom mjestu ili u toplini svoga doma.<\/strong><br>Neka plamen bude na\u0161 zavjet da \u0107emo i dalje bdjeti nad uspomenom na Damira i sve hrvatske branitelje.<br>Neka svjetlost poka\u017ee da njihova \u017ertva nije bila uzalud i da njihova imena trajno \u017eive u nama.<\/p>\n\n\n\n<p><strong>Damire \u0160usti\u0107u \u2013 hvala ti za sve. Tvoja \u017ertva ne\u0107e biti zaboravljena.<\/strong><br>Neka ti je vje\u010dna slava i mir.<\/p>\n<!-- AddThis Advanced Settings generic via filter on the_content --><!-- AddThis Share Buttons generic via filter on the_content -->","protected":false},"excerpt":{"rendered":"<p>Danas, 15. studenog 2025. godine, dva dana prije godi\u0161njice pogibije na\u0161eg suborca Damira \u0160usti\u0107a, \u010dlanovi Udruge veterana 106. brigade Osijek zapalili su svije\u0107u, na mjestu njegova po\u010divali\u0161ta, na Retfala\u010dkom groblju (VIII, 2, 9, 2298).U ti\u0161ini jutra, pred njegovim po\u010divali\u0161tem, ponovno smo osjetili onu istu te\u017einu i ponos koji nas obuzmu svaki put kada stanemo pred &hellip; <a href=\"https:\/\/udruga-106br.hr\/index.php\/svjetlost-za-heroja-sjecanje-na-damira-sustica\/\" class=\"more-link\">Nastavi \u010ditati <span class=\"screen-reader-text\">Svjetlost Za Heroja: Sje\u0107anje na Damira \u0160usti\u0107a<\/span><\/a><!-- AddThis Advanced Settings generic via filter on get_the_excerpt --><!-- AddThis Share Buttons generic via filter on get_the_excerpt --><\/p>\n","protected":false},"author":2,"featured_media":0,"comment_status":"open","ping_status":"closed","sticky":false,"template":"","format":"standard","meta":{"footnotes":""},"categories":[32],"tags":[],"class_list":["post-6427","post","type-post","status-publish","format-standard","hentry","category-iz-zivota-udruge"],"_links":{"self":[{"href":"https:\/\/udruga-106br.hr\/index.php\/wp-json\/wp\/v2\/posts\/6427","targetHints":{"allow":["GET"]}}],"collection":[{"href":"https:\/\/udruga-106br.hr\/index.php\/wp-json\/wp\/v2\/posts"}],"about":[{"href":"https:\/\/udruga-106br.hr\/index.php\/wp-json\/wp\/v2\/types\/post"}],"author":[{"embeddable":true,"href":"https:\/\/udruga-106br.hr\/index.php\/wp-json\/wp\/v2\/users\/2"}],"replies":[{"embeddable":true,"href":"https:\/\/udruga-106br.hr\/index.php\/wp-json\/wp\/v2\/comments?post=6427"}],"version-history":[{"count":5,"href":"https:\/\/udruga-106br.hr\/index.php\/wp-json\/wp\/v2\/posts\/6427\/revisions"}],"predecessor-version":[{"id":6433,"href":"https:\/\/udruga-106br.hr\/index.php\/wp-json\/wp\/v2\/posts\/6427\/revisions\/6433"}],"wp:attachment":[{"href":"https:\/\/udruga-106br.hr\/index.php\/wp-json\/wp\/v2\/media?parent=6427"}],"wp:term":[{"taxonomy":"category","embeddable":true,"href":"https:\/\/udruga-106br.hr\/index.php\/wp-json\/wp\/v2\/categories?post=6427"},{"taxonomy":"post_tag","embeddable":true,"href":"https:\/\/udruga-106br.hr\/index.php\/wp-json\/wp\/v2\/tags?post=6427"}],"curies":[{"name":"wp","href":"https:\/\/api.w.org\/{rel}","templated":true}]}}