{"id":6540,"date":"2025-12-02T19:07:48","date_gmt":"2025-12-02T18:07:48","guid":{"rendered":"https:\/\/udruga-106br.hr\/?p=6540"},"modified":"2025-12-03T19:59:52","modified_gmt":"2025-12-03T18:59:52","slug":"zavrsen-jesenski-dio-braniteljske-lige-u-pikadu","status":"publish","type":"post","link":"https:\/\/udruga-106br.hr\/index.php\/zavrsen-jesenski-dio-braniteljske-lige-u-pikadu\/","title":{"rendered":"Zavr\u0161en jesenski dio Braniteljske lige u pikadu"},"content":{"rendered":"<div class=\"wp-block-image\">\n<figure class=\"aligncenter size-large is-resized\"><img loading=\"lazy\" decoding=\"async\" width=\"577\" height=\"1024\" src=\"https:\/\/udruga-106br.hr\/wp-content\/uploads\/2025\/11\/viber_slika_2025-11-26_19-12-19-568-577x1024.jpg\" alt=\"\" class=\"wp-image-6543\" style=\"width:436px;height:auto\" srcset=\"https:\/\/udruga-106br.hr\/wp-content\/uploads\/2025\/11\/viber_slika_2025-11-26_19-12-19-568-577x1024.jpg 577w, https:\/\/udruga-106br.hr\/wp-content\/uploads\/2025\/11\/viber_slika_2025-11-26_19-12-19-568-169x300.jpg 169w, https:\/\/udruga-106br.hr\/wp-content\/uploads\/2025\/11\/viber_slika_2025-11-26_19-12-19-568-768x1364.jpg 768w, https:\/\/udruga-106br.hr\/wp-content\/uploads\/2025\/11\/viber_slika_2025-11-26_19-12-19-568-865x1536.jpg 865w, https:\/\/udruga-106br.hr\/wp-content\/uploads\/2025\/11\/viber_slika_2025-11-26_19-12-19-568.jpg 901w\" sizes=\"auto, (max-width: 577px) 100vw, 577px\" \/><\/figure><\/div>\n\n\n<p>Jesenski dio Braniteljske lige u pikadu uspje\u0161no je zavr\u0161en uz odli\u010dan odaziv i sportski duh svih sudionika. Tijekom proteklih mjeseci natjecalo se vi\u0161e ekipa braniteljskih udruga, a svaki susret protekao je u prijateljskoj, ali natjecateljskoj atmosferi koja je jo\u0161 jednom pokazala koliko je ovaj sport va\u017ean za dru\u017eenje, rekreaciju i o\u010duvanje zajedni\u0161tva me\u0111u hrvatskim braniteljima.<\/p>\n\n\n\n<p><strong>Rezultati natjecanja:<br>1. mjesto ORAO 2<br>2. mjesto DARDA 1<br>3. mjesto ORAO 3<\/strong><\/p>\n\n\n\n<p>Udruga veterana 106. brigade Osijek ponosna je na svoje predstavnike, koji su i ovoga puta pokazali borbenost, fair-play i me\u0111usobno po\u0161tovanje.<\/p>\n\n\n\n<p>Zahvaljujemo svim sudionicima, organizatorima i doma\u0107inima natjecanja koji su doprinijeli da jesenski dio lige bude uspje\u0161no proveden.<\/p>\n\n\n\n<p>Pred nama je proljetni nastavak lige u kojem o\u010dekujemo jo\u0161 bolju igru, jo\u0161 vi\u0161e dru\u017eenja i jo\u0161 sna\u017enije zajedni\u0161tvo.<\/p>\n\n\n\n<p>\u010cestitamo svim natjecateljima na ostvarenim rezultatima i zahvaljujemo na sudjelovanju!<\/p>\n\n\n\n<figure class=\"wp-block-gallery has-nested-images columns-default is-cropped wp-block-gallery-1 is-layout-flex wp-block-gallery-is-layout-flex\">\n<figure class=\"wp-block-image size-large\"><img loading=\"lazy\" decoding=\"async\" width=\"577\" height=\"1024\" data-id=\"6545\" src=\"https:\/\/udruga-106br.hr\/wp-content\/uploads\/2025\/11\/viber_slika_2025-11-26_19-12-19-548-577x1024.jpg\" alt=\"\" class=\"wp-image-6545\" srcset=\"https:\/\/udruga-106br.hr\/wp-content\/uploads\/2025\/11\/viber_slika_2025-11-26_19-12-19-548-577x1024.jpg 577w, https:\/\/udruga-106br.hr\/wp-content\/uploads\/2025\/11\/viber_slika_2025-11-26_19-12-19-548-169x300.jpg 169w, https:\/\/udruga-106br.hr\/wp-content\/uploads\/2025\/11\/viber_slika_2025-11-26_19-12-19-548-768x1364.jpg 768w, https:\/\/udruga-106br.hr\/wp-content\/uploads\/2025\/11\/viber_slika_2025-11-26_19-12-19-548-865x1536.jpg 865w, https:\/\/udruga-106br.hr\/wp-content\/uploads\/2025\/11\/viber_slika_2025-11-26_19-12-19-548.jpg 901w\" sizes=\"auto, (max-width: 577px) 100vw, 577px\" \/><\/figure>\n\n\n\n<figure class=\"wp-block-image size-large\"><img loading=\"lazy\" decoding=\"async\" width=\"1024\" height=\"577\" data-id=\"6546\" src=\"https:\/\/udruga-106br.hr\/wp-content\/uploads\/2025\/11\/viber_slika_2025-11-26_19-12-19-586-1024x577.jpg\" alt=\"\" class=\"wp-image-6546\" srcset=\"https:\/\/udruga-106br.hr\/wp-content\/uploads\/2025\/11\/viber_slika_2025-11-26_19-12-19-586-1024x577.jpg 1024w, https:\/\/udruga-106br.hr\/wp-content\/uploads\/2025\/11\/viber_slika_2025-11-26_19-12-19-586-300x169.jpg 300w, https:\/\/udruga-106br.hr\/wp-content\/uploads\/2025\/11\/viber_slika_2025-11-26_19-12-19-586-768x432.jpg 768w, https:\/\/udruga-106br.hr\/wp-content\/uploads\/2025\/11\/viber_slika_2025-11-26_19-12-19-586-1536x865.jpg 1536w, https:\/\/udruga-106br.hr\/wp-content\/uploads\/2025\/11\/viber_slika_2025-11-26_19-12-19-586.jpg 1600w\" sizes=\"auto, (max-width: 1024px) 100vw, 1024px\" \/><\/figure>\n\n\n\n<figure class=\"wp-block-image size-large\"><img loading=\"lazy\" decoding=\"async\" width=\"1024\" height=\"577\" data-id=\"6547\" src=\"https:\/\/udruga-106br.hr\/wp-content\/uploads\/2025\/11\/viber_slika_2025-11-26_19-12-19-605-1024x577.jpg\" alt=\"\" class=\"wp-image-6547\" srcset=\"https:\/\/udruga-106br.hr\/wp-content\/uploads\/2025\/11\/viber_slika_2025-11-26_19-12-19-605-1024x577.jpg 1024w, https:\/\/udruga-106br.hr\/wp-content\/uploads\/2025\/11\/viber_slika_2025-11-26_19-12-19-605-300x169.jpg 300w, https:\/\/udruga-106br.hr\/wp-content\/uploads\/2025\/11\/viber_slika_2025-11-26_19-12-19-605-768x432.jpg 768w, https:\/\/udruga-106br.hr\/wp-content\/uploads\/2025\/11\/viber_slika_2025-11-26_19-12-19-605-1536x865.jpg 1536w, https:\/\/udruga-106br.hr\/wp-content\/uploads\/2025\/11\/viber_slika_2025-11-26_19-12-19-605.jpg 1600w\" sizes=\"auto, (max-width: 1024px) 100vw, 1024px\" \/><\/figure>\n\n\n\n<figure class=\"wp-block-image size-large\"><img loading=\"lazy\" decoding=\"async\" width=\"1024\" height=\"577\" data-id=\"6548\" src=\"https:\/\/udruga-106br.hr\/wp-content\/uploads\/2025\/11\/viber_slika_2025-11-26_19-12-19-642-1024x577.jpg\" alt=\"\" class=\"wp-image-6548\" srcset=\"https:\/\/udruga-106br.hr\/wp-content\/uploads\/2025\/11\/viber_slika_2025-11-26_19-12-19-642-1024x577.jpg 1024w, https:\/\/udruga-106br.hr\/wp-content\/uploads\/2025\/11\/viber_slika_2025-11-26_19-12-19-642-300x169.jpg 300w, https:\/\/udruga-106br.hr\/wp-content\/uploads\/2025\/11\/viber_slika_2025-11-26_19-12-19-642-768x432.jpg 768w, https:\/\/udruga-106br.hr\/wp-content\/uploads\/2025\/11\/viber_slika_2025-11-26_19-12-19-642-1536x865.jpg 1536w, https:\/\/udruga-106br.hr\/wp-content\/uploads\/2025\/11\/viber_slika_2025-11-26_19-12-19-642.jpg 1600w\" sizes=\"auto, (max-width: 1024px) 100vw, 1024px\" \/><\/figure>\n<\/figure>\n<!-- AddThis Advanced Settings generic via filter on the_content --><!-- AddThis Share Buttons generic via filter on the_content -->","protected":false},"excerpt":{"rendered":"<p>Jesenski dio Braniteljske lige u pikadu uspje\u0161no je zavr\u0161en uz odli\u010dan odaziv i sportski duh svih sudionika. Tijekom proteklih mjeseci natjecalo se vi\u0161e ekipa braniteljskih udruga, a svaki susret protekao je u prijateljskoj, ali natjecateljskoj atmosferi koja je jo\u0161 jednom pokazala koliko je ovaj sport va\u017ean za dru\u017eenje, rekreaciju i o\u010duvanje zajedni\u0161tva me\u0111u hrvatskim braniteljima. &hellip; <a href=\"https:\/\/udruga-106br.hr\/index.php\/zavrsen-jesenski-dio-braniteljske-lige-u-pikadu\/\" class=\"more-link\">Nastavi \u010ditati <span class=\"screen-reader-text\">Zavr\u0161en jesenski dio Braniteljske lige u pikadu<\/span><\/a><!-- AddThis Advanced Settings generic via filter on get_the_excerpt --><!-- AddThis Share Buttons generic via filter on get_the_excerpt --><\/p>\n","protected":false},"author":2,"featured_media":0,"comment_status":"open","ping_status":"closed","sticky":false,"template":"","format":"standard","meta":{"footnotes":""},"categories":[27],"tags":[],"class_list":["post-6540","post","type-post","status-publish","format-standard","hentry","category-braniteljska-liga"],"_links":{"self":[{"href":"https:\/\/udruga-106br.hr\/index.php\/wp-json\/wp\/v2\/posts\/6540","targetHints":{"allow":["GET"]}}],"collection":[{"href":"https:\/\/udruga-106br.hr\/index.php\/wp-json\/wp\/v2\/posts"}],"about":[{"href":"https:\/\/udruga-106br.hr\/index.php\/wp-json\/wp\/v2\/types\/post"}],"author":[{"embeddable":true,"href":"https:\/\/udruga-106br.hr\/index.php\/wp-json\/wp\/v2\/users\/2"}],"replies":[{"embeddable":true,"href":"https:\/\/udruga-106br.hr\/index.php\/wp-json\/wp\/v2\/comments?post=6540"}],"version-history":[{"count":6,"href":"https:\/\/udruga-106br.hr\/index.php\/wp-json\/wp\/v2\/posts\/6540\/revisions"}],"predecessor-version":[{"id":6761,"href":"https:\/\/udruga-106br.hr\/index.php\/wp-json\/wp\/v2\/posts\/6540\/revisions\/6761"}],"wp:attachment":[{"href":"https:\/\/udruga-106br.hr\/index.php\/wp-json\/wp\/v2\/media?parent=6540"}],"wp:term":[{"taxonomy":"category","embeddable":true,"href":"https:\/\/udruga-106br.hr\/index.php\/wp-json\/wp\/v2\/categories?post=6540"},{"taxonomy":"post_tag","embeddable":true,"href":"https:\/\/udruga-106br.hr\/index.php\/wp-json\/wp\/v2\/tags?post=6540"}],"curies":[{"name":"wp","href":"https:\/\/api.w.org\/{rel}","templated":true}]}}