{"id":6569,"date":"2025-11-27T08:48:53","date_gmt":"2025-11-27T07:48:53","guid":{"rendered":"https:\/\/udruga-106br.hr\/?p=6569"},"modified":"2025-11-27T09:06:28","modified_gmt":"2025-11-27T08:06:28","slug":"na-braniku-grada-da-se-ne-zaboravi","status":"publish","type":"post","link":"https:\/\/udruga-106br.hr\/index.php\/na-braniku-grada-da-se-ne-zaboravi\/","title":{"rendered":"NA BRANIKU GRADA \u2013 DA SE NE ZABORAVI"},"content":{"rendered":"\n<p class=\"has-text-align-center\"><strong>Pozivamo Vas <\/strong>da zajedno iska\u017eemo po\u0161tovanje braniteljima koji su vjerovali u slobodu, onda kada je bila najskuplja.<\/p>\n\n\n\n<figure class=\"wp-block-image size-large\"><img loading=\"lazy\" decoding=\"async\" width=\"1024\" height=\"498\" src=\"https:\/\/udruga-106br.hr\/wp-content\/uploads\/2025\/11\/Pozivnica-2025-1024x498.jpg\" alt=\"\" class=\"wp-image-6570\" srcset=\"https:\/\/udruga-106br.hr\/wp-content\/uploads\/2025\/11\/Pozivnica-2025-1024x498.jpg 1024w, https:\/\/udruga-106br.hr\/wp-content\/uploads\/2025\/11\/Pozivnica-2025-300x146.jpg 300w, https:\/\/udruga-106br.hr\/wp-content\/uploads\/2025\/11\/Pozivnica-2025-768x373.jpg 768w, https:\/\/udruga-106br.hr\/wp-content\/uploads\/2025\/11\/Pozivnica-2025-1536x747.jpg 1536w, https:\/\/udruga-106br.hr\/wp-content\/uploads\/2025\/11\/Pozivnica-2025.jpg 1563w\" sizes=\"auto, (max-width: 1024px) 100vw, 1024px\" \/><\/figure>\n\n\n\n<p class=\"has-text-align-center\"><strong>Posveta neimenovanim herojima obrane Osijeka<\/strong><\/p>\n\n\n\n<p class=\"has-text-align-center\"><strong>U najte\u017eim godinama Domovinskog rata<\/strong>, kada je Osijek bio izlo\u017een neprekidnim napadima, a cijeli je istok Hrvatske pro\u017eivljavao svoje najte\u017ee trenutke, <strong>106. brigada ZNG Osijek bila je oslonac obrane grada<\/strong>. Bila je \u0161tit pred kojim se lomila agresija, i srce koje je kucalo za slobodu.<br>Izlo\u017eba <strong>NA BRANIKU GRADA \u2013 DA SE NE ZABORAVI<\/strong> upravo zato ima osobitu te\u017einu i zna\u010denje. Ona nije samo povijesni zapis \u2014 ona je spomenik hrabrosti, zrcalo istine i zalog budu\u0107im nara\u0161tajima.<\/p>\n\n\n\n<p class=\"has-text-align-center\">Ovo je <strong>sedma izlo\u017eba posve\u0107ena \u010duvanju uspomena<\/strong>, ali prvi put predstavljamo jedinstvenu i dosad javnosti gotovo nepoznatu zbirku portreta branitelja 106. brigade ZNG. <strong>Zahvaljuju\u0107i gospodinu Zdravku Naliu, predsjedniku UHDDR-a gradskog ogranka Osijek, Udruga veterana 106. brigade do\u0161la je u posjed vi\u0161e od 3000 originalnih portreta pripadnika brigade.<\/strong> Ove fotografije nastale su 1992. godine, u vrijeme kada je grad svakodnevno \u017eivio na rubu, na inicijativu Kre\u0161imira Kalafati\u0107a, zapovjednika Voda informativno-propagandne djelatnosti 106. brigade ZNG. Rije\u010d je o sustavno snimljenim portretima branitelja, kojima je dodijeljena broj\u010dana oznaka, kao tihi podsjetnik na red, ustroj i golemu snagu zajedni\u0161tva. Ti portreti nisu samo fotografije \u2014 to su lica obrane grada, lica domoljublja, lica hrvatske povijesti u nastajanju.<\/p>\n\n\n\n<p class=\"has-text-align-center\">U o\u010dima tih mladih ljudi vidi se sve \u0161to je stvaralo slobodnu Hrvatsku: <strong>odlu\u010dnost <\/strong>unato\u010d strahu, <strong>prkos<\/strong> unato\u010d nadmo\u0107nijem neprijatelju, <strong>ljubav prema gradu i Domovini<\/strong> koja je bila ve\u0107a od svakog rizika. Ove fotograje svjedo\u010de o generaciji koja je znala da <strong>sloboda nema cijenu i da se dom \u010duva srcem<\/strong>.<\/p>\n\n\n\n<p class=\"has-text-align-center\"><strong>Sloboda nije dar. Sloboda je izbor. Sloboda je \u017ertva. <\/strong><\/p>\n\n\n\n<p class=\"has-text-align-center\">Na\u0161a je du\u017enost prenositi istinu i \u010duvati uspomenu na one koji su je izborili.<\/p>\n\n\n\n<p><\/p>\n\n\n\n<p class=\"has-text-align-center\"><\/p>\n\n\n\n<p><\/p>\n<!-- AddThis Advanced Settings generic via filter on the_content --><!-- AddThis Share Buttons generic via filter on the_content -->","protected":false},"excerpt":{"rendered":"<p>Pozivamo Vas da zajedno iska\u017eemo po\u0161tovanje braniteljima koji su vjerovali u slobodu, onda kada je bila najskuplja. Posveta neimenovanim herojima obrane Osijeka U najte\u017eim godinama Domovinskog rata, kada je Osijek bio izlo\u017een neprekidnim napadima, a cijeli je istok Hrvatske pro\u017eivljavao svoje najte\u017ee trenutke, 106. brigada ZNG Osijek bila je oslonac obrane grada. Bila je \u0161tit &hellip; <a href=\"https:\/\/udruga-106br.hr\/index.php\/na-braniku-grada-da-se-ne-zaboravi\/\" class=\"more-link\">Nastavi \u010ditati <span class=\"screen-reader-text\">NA BRANIKU GRADA \u2013 DA SE NE ZABORAVI<\/span><\/a><!-- AddThis Advanced Settings generic via filter on get_the_excerpt --><!-- AddThis Share Buttons generic via filter on get_the_excerpt --><\/p>\n","protected":false},"author":2,"featured_media":0,"comment_status":"open","ping_status":"closed","sticky":false,"template":"","format":"standard","meta":{"footnotes":""},"categories":[32],"tags":[],"class_list":["post-6569","post","type-post","status-publish","format-standard","hentry","category-iz-zivota-udruge"],"_links":{"self":[{"href":"https:\/\/udruga-106br.hr\/index.php\/wp-json\/wp\/v2\/posts\/6569","targetHints":{"allow":["GET"]}}],"collection":[{"href":"https:\/\/udruga-106br.hr\/index.php\/wp-json\/wp\/v2\/posts"}],"about":[{"href":"https:\/\/udruga-106br.hr\/index.php\/wp-json\/wp\/v2\/types\/post"}],"author":[{"embeddable":true,"href":"https:\/\/udruga-106br.hr\/index.php\/wp-json\/wp\/v2\/users\/2"}],"replies":[{"embeddable":true,"href":"https:\/\/udruga-106br.hr\/index.php\/wp-json\/wp\/v2\/comments?post=6569"}],"version-history":[{"count":10,"href":"https:\/\/udruga-106br.hr\/index.php\/wp-json\/wp\/v2\/posts\/6569\/revisions"}],"predecessor-version":[{"id":6584,"href":"https:\/\/udruga-106br.hr\/index.php\/wp-json\/wp\/v2\/posts\/6569\/revisions\/6584"}],"wp:attachment":[{"href":"https:\/\/udruga-106br.hr\/index.php\/wp-json\/wp\/v2\/media?parent=6569"}],"wp:term":[{"taxonomy":"category","embeddable":true,"href":"https:\/\/udruga-106br.hr\/index.php\/wp-json\/wp\/v2\/categories?post=6569"},{"taxonomy":"post_tag","embeddable":true,"href":"https:\/\/udruga-106br.hr\/index.php\/wp-json\/wp\/v2\/tags?post=6569"}],"curies":[{"name":"wp","href":"https:\/\/api.w.org\/{rel}","templated":true}]}}