{"id":6627,"date":"2025-12-02T12:10:08","date_gmt":"2025-12-02T11:10:08","guid":{"rendered":"https:\/\/udruga-106br.hr\/?p=6627"},"modified":"2025-12-02T12:10:09","modified_gmt":"2025-12-02T11:10:09","slug":"izlozba-na-braniku-grada-da-se-ne-zaboravi-svecano-otvorena-u-osijeku","status":"publish","type":"post","link":"https:\/\/udruga-106br.hr\/index.php\/izlozba-na-braniku-grada-da-se-ne-zaboravi-svecano-otvorena-u-osijeku\/","title":{"rendered":"Izlo\u017eba \u201cNa braniku grada \u2013 da se ne zaboravi\u201d sve\u010dano otvorena u Osijeku"},"content":{"rendered":"<div class=\"wp-block-image\">\n<figure class=\"aligncenter size-large\"><img loading=\"lazy\" decoding=\"async\" width=\"1024\" height=\"771\" src=\"https:\/\/udruga-106br.hr\/wp-content\/uploads\/2025\/12\/viber_slika_2025-12-02_12-05-24-928-1024x771.jpg\" alt=\"\" class=\"wp-image-6629\" srcset=\"https:\/\/udruga-106br.hr\/wp-content\/uploads\/2025\/12\/viber_slika_2025-12-02_12-05-24-928-1024x771.jpg 1024w, https:\/\/udruga-106br.hr\/wp-content\/uploads\/2025\/12\/viber_slika_2025-12-02_12-05-24-928-300x226.jpg 300w, https:\/\/udruga-106br.hr\/wp-content\/uploads\/2025\/12\/viber_slika_2025-12-02_12-05-24-928-768x578.jpg 768w, https:\/\/udruga-106br.hr\/wp-content\/uploads\/2025\/12\/viber_slika_2025-12-02_12-05-24-928-1536x1157.jpg 1536w, https:\/\/udruga-106br.hr\/wp-content\/uploads\/2025\/12\/viber_slika_2025-12-02_12-05-24-928.jpg 1600w\" sizes=\"auto, (max-width: 1024px) 100vw, 1024px\" \/><\/figure><\/div>\n\n\n<p>U ponedjeljak, <strong>1. prosinca 2025. godine<\/strong>, sve\u010dano je otvorena izlo\u017eba <strong>NA BRANIKU GRADA \u2013 DA SE NE ZABORAVI<\/strong>, posve\u0107ena neimenovanim herojima obrane Osijeka i o\u010duvanju uspomena na 106. brigadu ZNG Osijek. <\/p>\n\n\n\n<p>Izlo\u017ebu je otvorio <strong>zamjenik gradona\u010delnika Grada Osijeka, gospodin Dragan Vulin<\/strong>.<\/p>\n\n\n\n<p>Sve\u010danom otvorenju nazo\u010dili su i mnogi uva\u017eeni gosti, me\u0111u kojima:<\/p>\n\n\n\n<ul class=\"wp-block-list\">\n<li><strong>Boris Abi\u010di\u0107<\/strong>, pomo\u0107nik pro\u010delnice za hrvatske branitelje Osje\u010dko-baranjske \u017eupanije<\/li>\n\n\n\n<li><strong>Jurica Tolj<\/strong>, predsjednik Odbora za branitelje Grada Osijeka<\/li>\n\n\n\n<li><strong>gospodin Franjo Kor\u017einek<\/strong>, ratni zapovjednik 106. brigade ZNG Osijek<\/li>\n\n\n\n<li><strong>Zolt\u00e1n Cs\u00e1sz\u00e1r<\/strong>, konzul Republike Ma\u0111arske<\/li>\n\n\n\n<li>predstavnici braniteljskih i stradalni\u010dkih udruga<\/li>\n\n\n\n<li>suborci, \u010dlanovi obitelji te brojni gra\u0111ani<\/li>\n<\/ul>\n\n\n\n<p>Po prvi put javnosti je predstavljena iznimno vrijedna i dosad gotovo nepoznata zbirka s vi\u0161e od <strong>3000 originalnih portreta pripadnika 106. brigade ZNG Osijek<\/strong>, snimljenih 1992. godine u najte\u017eim danima Domovinskog rata. Zbirka je nastala zahvaljuju\u0107i inicijativi <strong>Kre\u0161imira Kalafati\u0107a<\/strong>, tada\u0161njeg zapovjednika Voda informativno-propagandne djelatnosti, a u posjed Udruge stigla je zalaganjem <strong>gospodina Zdravka Nalia<\/strong>, predsjednika UHDDR-a gradskog ogranka Osijek.<\/p>\n\n\n\n<figure class=\"wp-block-gallery has-nested-images columns-default is-cropped wp-block-gallery-1 is-layout-flex wp-block-gallery-is-layout-flex\">\n<figure class=\"wp-block-image size-large\"><img loading=\"lazy\" decoding=\"async\" width=\"768\" height=\"1024\" data-id=\"6632\" src=\"https:\/\/udruga-106br.hr\/wp-content\/uploads\/2025\/12\/viber_slika_2025-12-02_11-17-15-196-768x1024.jpg\" alt=\"\" class=\"wp-image-6632\" srcset=\"https:\/\/udruga-106br.hr\/wp-content\/uploads\/2025\/12\/viber_slika_2025-12-02_11-17-15-196-768x1024.jpg 768w, https:\/\/udruga-106br.hr\/wp-content\/uploads\/2025\/12\/viber_slika_2025-12-02_11-17-15-196-225x300.jpg 225w, https:\/\/udruga-106br.hr\/wp-content\/uploads\/2025\/12\/viber_slika_2025-12-02_11-17-15-196-1152x1536.jpg 1152w, https:\/\/udruga-106br.hr\/wp-content\/uploads\/2025\/12\/viber_slika_2025-12-02_11-17-15-196.jpg 1200w\" sizes=\"auto, (max-width: 768px) 100vw, 768px\" \/><\/figure>\n\n\n\n<figure class=\"wp-block-image size-large\"><img loading=\"lazy\" decoding=\"async\" width=\"768\" height=\"1024\" data-id=\"6637\" src=\"https:\/\/udruga-106br.hr\/wp-content\/uploads\/2025\/12\/viber_slika_2025-12-02_11-17-16-142-768x1024.jpg\" alt=\"\" class=\"wp-image-6637\" srcset=\"https:\/\/udruga-106br.hr\/wp-content\/uploads\/2025\/12\/viber_slika_2025-12-02_11-17-16-142-768x1024.jpg 768w, https:\/\/udruga-106br.hr\/wp-content\/uploads\/2025\/12\/viber_slika_2025-12-02_11-17-16-142-225x300.jpg 225w, https:\/\/udruga-106br.hr\/wp-content\/uploads\/2025\/12\/viber_slika_2025-12-02_11-17-16-142-1152x1536.jpg 1152w, https:\/\/udruga-106br.hr\/wp-content\/uploads\/2025\/12\/viber_slika_2025-12-02_11-17-16-142.jpg 1200w\" sizes=\"auto, (max-width: 768px) 100vw, 768px\" \/><\/figure>\n\n\n\n<figure class=\"wp-block-image size-large\"><img loading=\"lazy\" decoding=\"async\" width=\"768\" height=\"1024\" data-id=\"6631\" src=\"https:\/\/udruga-106br.hr\/wp-content\/uploads\/2025\/12\/viber_slika_2025-12-02_11-17-15-649-768x1024.jpg\" alt=\"\" class=\"wp-image-6631\" srcset=\"https:\/\/udruga-106br.hr\/wp-content\/uploads\/2025\/12\/viber_slika_2025-12-02_11-17-15-649-768x1024.jpg 768w, https:\/\/udruga-106br.hr\/wp-content\/uploads\/2025\/12\/viber_slika_2025-12-02_11-17-15-649-225x300.jpg 225w, https:\/\/udruga-106br.hr\/wp-content\/uploads\/2025\/12\/viber_slika_2025-12-02_11-17-15-649-1152x1536.jpg 1152w, https:\/\/udruga-106br.hr\/wp-content\/uploads\/2025\/12\/viber_slika_2025-12-02_11-17-15-649.jpg 1200w\" sizes=\"auto, (max-width: 768px) 100vw, 768px\" \/><\/figure>\n\n\n\n<figure class=\"wp-block-image size-large\"><img loading=\"lazy\" decoding=\"async\" width=\"768\" height=\"1024\" data-id=\"6633\" src=\"https:\/\/udruga-106br.hr\/wp-content\/uploads\/2025\/12\/viber_slika_2025-12-02_11-17-16-498-768x1024.jpg\" alt=\"\" class=\"wp-image-6633\" srcset=\"https:\/\/udruga-106br.hr\/wp-content\/uploads\/2025\/12\/viber_slika_2025-12-02_11-17-16-498-768x1024.jpg 768w, https:\/\/udruga-106br.hr\/wp-content\/uploads\/2025\/12\/viber_slika_2025-12-02_11-17-16-498-225x300.jpg 225w, https:\/\/udruga-106br.hr\/wp-content\/uploads\/2025\/12\/viber_slika_2025-12-02_11-17-16-498-1152x1536.jpg 1152w, https:\/\/udruga-106br.hr\/wp-content\/uploads\/2025\/12\/viber_slika_2025-12-02_11-17-16-498.jpg 1200w\" sizes=\"auto, (max-width: 768px) 100vw, 768px\" \/><\/figure>\n\n\n\n<figure class=\"wp-block-image size-large\"><img loading=\"lazy\" decoding=\"async\" width=\"1024\" height=\"768\" data-id=\"6640\" src=\"https:\/\/udruga-106br.hr\/wp-content\/uploads\/2025\/12\/viber_slika_2025-12-02_11-17-16-873-1024x768.jpg\" alt=\"\" class=\"wp-image-6640\" srcset=\"https:\/\/udruga-106br.hr\/wp-content\/uploads\/2025\/12\/viber_slika_2025-12-02_11-17-16-873-1024x768.jpg 1024w, https:\/\/udruga-106br.hr\/wp-content\/uploads\/2025\/12\/viber_slika_2025-12-02_11-17-16-873-300x225.jpg 300w, https:\/\/udruga-106br.hr\/wp-content\/uploads\/2025\/12\/viber_slika_2025-12-02_11-17-16-873-768x576.jpg 768w, https:\/\/udruga-106br.hr\/wp-content\/uploads\/2025\/12\/viber_slika_2025-12-02_11-17-16-873-1536x1152.jpg 1536w, https:\/\/udruga-106br.hr\/wp-content\/uploads\/2025\/12\/viber_slika_2025-12-02_11-17-16-873.jpg 1600w\" sizes=\"auto, (max-width: 1024px) 100vw, 1024px\" \/><\/figure>\n\n\n\n<figure class=\"wp-block-image size-large\"><img loading=\"lazy\" decoding=\"async\" width=\"1024\" height=\"768\" data-id=\"6639\" src=\"https:\/\/udruga-106br.hr\/wp-content\/uploads\/2025\/12\/viber_slika_2025-12-02_11-17-17-331-1024x768.jpg\" alt=\"\" class=\"wp-image-6639\" srcset=\"https:\/\/udruga-106br.hr\/wp-content\/uploads\/2025\/12\/viber_slika_2025-12-02_11-17-17-331-1024x768.jpg 1024w, https:\/\/udruga-106br.hr\/wp-content\/uploads\/2025\/12\/viber_slika_2025-12-02_11-17-17-331-300x225.jpg 300w, https:\/\/udruga-106br.hr\/wp-content\/uploads\/2025\/12\/viber_slika_2025-12-02_11-17-17-331-768x576.jpg 768w, https:\/\/udruga-106br.hr\/wp-content\/uploads\/2025\/12\/viber_slika_2025-12-02_11-17-17-331-1536x1152.jpg 1536w, https:\/\/udruga-106br.hr\/wp-content\/uploads\/2025\/12\/viber_slika_2025-12-02_11-17-17-331.jpg 1600w\" sizes=\"auto, (max-width: 1024px) 100vw, 1024px\" \/><\/figure>\n\n\n\n<figure class=\"wp-block-image size-large\"><img loading=\"lazy\" decoding=\"async\" width=\"1024\" height=\"768\" data-id=\"6635\" src=\"https:\/\/udruga-106br.hr\/wp-content\/uploads\/2025\/12\/viber_slika_2025-12-02_11-17-17-771-1024x768.jpg\" alt=\"\" class=\"wp-image-6635\" srcset=\"https:\/\/udruga-106br.hr\/wp-content\/uploads\/2025\/12\/viber_slika_2025-12-02_11-17-17-771-1024x768.jpg 1024w, https:\/\/udruga-106br.hr\/wp-content\/uploads\/2025\/12\/viber_slika_2025-12-02_11-17-17-771-300x225.jpg 300w, https:\/\/udruga-106br.hr\/wp-content\/uploads\/2025\/12\/viber_slika_2025-12-02_11-17-17-771-768x576.jpg 768w, https:\/\/udruga-106br.hr\/wp-content\/uploads\/2025\/12\/viber_slika_2025-12-02_11-17-17-771-1536x1152.jpg 1536w, https:\/\/udruga-106br.hr\/wp-content\/uploads\/2025\/12\/viber_slika_2025-12-02_11-17-17-771.jpg 1600w\" sizes=\"auto, (max-width: 1024px) 100vw, 1024px\" \/><\/figure>\n\n\n\n<figure class=\"wp-block-image size-large\"><img loading=\"lazy\" decoding=\"async\" width=\"1024\" height=\"768\" data-id=\"6636\" src=\"https:\/\/udruga-106br.hr\/wp-content\/uploads\/2025\/12\/viber_slika_2025-12-02_11-17-18-222-1024x768.jpg\" alt=\"\" class=\"wp-image-6636\" srcset=\"https:\/\/udruga-106br.hr\/wp-content\/uploads\/2025\/12\/viber_slika_2025-12-02_11-17-18-222-1024x768.jpg 1024w, https:\/\/udruga-106br.hr\/wp-content\/uploads\/2025\/12\/viber_slika_2025-12-02_11-17-18-222-300x225.jpg 300w, https:\/\/udruga-106br.hr\/wp-content\/uploads\/2025\/12\/viber_slika_2025-12-02_11-17-18-222-768x576.jpg 768w, https:\/\/udruga-106br.hr\/wp-content\/uploads\/2025\/12\/viber_slika_2025-12-02_11-17-18-222-1536x1152.jpg 1536w, https:\/\/udruga-106br.hr\/wp-content\/uploads\/2025\/12\/viber_slika_2025-12-02_11-17-18-222.jpg 1600w\" sizes=\"auto, (max-width: 1024px) 100vw, 1024px\" \/><\/figure>\n\n\n\n<figure class=\"wp-block-image size-large\"><img loading=\"lazy\" decoding=\"async\" width=\"768\" height=\"1024\" data-id=\"6630\" src=\"https:\/\/udruga-106br.hr\/wp-content\/uploads\/2025\/12\/viber_slika_2025-12-02_11-44-05-855-768x1024.jpg\" alt=\"\" class=\"wp-image-6630\" srcset=\"https:\/\/udruga-106br.hr\/wp-content\/uploads\/2025\/12\/viber_slika_2025-12-02_11-44-05-855-768x1024.jpg 768w, https:\/\/udruga-106br.hr\/wp-content\/uploads\/2025\/12\/viber_slika_2025-12-02_11-44-05-855-225x300.jpg 225w, https:\/\/udruga-106br.hr\/wp-content\/uploads\/2025\/12\/viber_slika_2025-12-02_11-44-05-855-1152x1536.jpg 1152w, https:\/\/udruga-106br.hr\/wp-content\/uploads\/2025\/12\/viber_slika_2025-12-02_11-44-05-855.jpg 1200w\" sizes=\"auto, (max-width: 768px) 100vw, 768px\" \/><\/figure>\n\n\n\n<figure class=\"wp-block-image size-large\"><img loading=\"lazy\" decoding=\"async\" width=\"1024\" height=\"768\" data-id=\"6634\" src=\"https:\/\/udruga-106br.hr\/wp-content\/uploads\/2025\/12\/viber_slika_2025-12-02_10-09-54-163-1024x768.jpg\" alt=\"\" class=\"wp-image-6634\" srcset=\"https:\/\/udruga-106br.hr\/wp-content\/uploads\/2025\/12\/viber_slika_2025-12-02_10-09-54-163-1024x768.jpg 1024w, https:\/\/udruga-106br.hr\/wp-content\/uploads\/2025\/12\/viber_slika_2025-12-02_10-09-54-163-300x225.jpg 300w, https:\/\/udruga-106br.hr\/wp-content\/uploads\/2025\/12\/viber_slika_2025-12-02_10-09-54-163-768x576.jpg 768w, https:\/\/udruga-106br.hr\/wp-content\/uploads\/2025\/12\/viber_slika_2025-12-02_10-09-54-163-1536x1152.jpg 1536w, https:\/\/udruga-106br.hr\/wp-content\/uploads\/2025\/12\/viber_slika_2025-12-02_10-09-54-163.jpg 1600w\" sizes=\"auto, (max-width: 1024px) 100vw, 1024px\" \/><\/figure>\n\n\n\n<figure class=\"wp-block-image size-large\"><img loading=\"lazy\" decoding=\"async\" width=\"1024\" height=\"768\" data-id=\"6638\" src=\"https:\/\/udruga-106br.hr\/wp-content\/uploads\/2025\/12\/viber_slika_2025-12-02_10-09-54-097-1024x768.jpg\" alt=\"\" class=\"wp-image-6638\" srcset=\"https:\/\/udruga-106br.hr\/wp-content\/uploads\/2025\/12\/viber_slika_2025-12-02_10-09-54-097-1024x768.jpg 1024w, https:\/\/udruga-106br.hr\/wp-content\/uploads\/2025\/12\/viber_slika_2025-12-02_10-09-54-097-300x225.jpg 300w, https:\/\/udruga-106br.hr\/wp-content\/uploads\/2025\/12\/viber_slika_2025-12-02_10-09-54-097-768x576.jpg 768w, https:\/\/udruga-106br.hr\/wp-content\/uploads\/2025\/12\/viber_slika_2025-12-02_10-09-54-097-1536x1152.jpg 1536w, https:\/\/udruga-106br.hr\/wp-content\/uploads\/2025\/12\/viber_slika_2025-12-02_10-09-54-097.jpg 1600w\" sizes=\"auto, (max-width: 1024px) 100vw, 1024px\" \/><\/figure>\n<\/figure>\n<!-- AddThis Advanced Settings generic via filter on the_content --><!-- AddThis Share Buttons generic via filter on the_content -->","protected":false},"excerpt":{"rendered":"<p>U ponedjeljak, 1. prosinca 2025. godine, sve\u010dano je otvorena izlo\u017eba NA BRANIKU GRADA \u2013 DA SE NE ZABORAVI, posve\u0107ena neimenovanim herojima obrane Osijeka i o\u010duvanju uspomena na 106. brigadu ZNG Osijek. Izlo\u017ebu je otvorio zamjenik gradona\u010delnika Grada Osijeka, gospodin Dragan Vulin. Sve\u010danom otvorenju nazo\u010dili su i mnogi uva\u017eeni gosti, me\u0111u kojima: Po prvi put javnosti &hellip; <a href=\"https:\/\/udruga-106br.hr\/index.php\/izlozba-na-braniku-grada-da-se-ne-zaboravi-svecano-otvorena-u-osijeku\/\" class=\"more-link\">Nastavi \u010ditati <span class=\"screen-reader-text\">Izlo\u017eba \u201cNa braniku grada \u2013 da se ne zaboravi\u201d sve\u010dano otvorena u Osijeku<\/span><\/a><!-- AddThis Advanced Settings generic via filter on get_the_excerpt --><!-- AddThis Share Buttons generic via filter on get_the_excerpt --><\/p>\n","protected":false},"author":2,"featured_media":0,"comment_status":"open","ping_status":"closed","sticky":false,"template":"","format":"standard","meta":{"footnotes":""},"categories":[32],"tags":[],"class_list":["post-6627","post","type-post","status-publish","format-standard","hentry","category-iz-zivota-udruge"],"_links":{"self":[{"href":"https:\/\/udruga-106br.hr\/index.php\/wp-json\/wp\/v2\/posts\/6627","targetHints":{"allow":["GET"]}}],"collection":[{"href":"https:\/\/udruga-106br.hr\/index.php\/wp-json\/wp\/v2\/posts"}],"about":[{"href":"https:\/\/udruga-106br.hr\/index.php\/wp-json\/wp\/v2\/types\/post"}],"author":[{"embeddable":true,"href":"https:\/\/udruga-106br.hr\/index.php\/wp-json\/wp\/v2\/users\/2"}],"replies":[{"embeddable":true,"href":"https:\/\/udruga-106br.hr\/index.php\/wp-json\/wp\/v2\/comments?post=6627"}],"version-history":[{"count":2,"href":"https:\/\/udruga-106br.hr\/index.php\/wp-json\/wp\/v2\/posts\/6627\/revisions"}],"predecessor-version":[{"id":6641,"href":"https:\/\/udruga-106br.hr\/index.php\/wp-json\/wp\/v2\/posts\/6627\/revisions\/6641"}],"wp:attachment":[{"href":"https:\/\/udruga-106br.hr\/index.php\/wp-json\/wp\/v2\/media?parent=6627"}],"wp:term":[{"taxonomy":"category","embeddable":true,"href":"https:\/\/udruga-106br.hr\/index.php\/wp-json\/wp\/v2\/categories?post=6627"},{"taxonomy":"post_tag","embeddable":true,"href":"https:\/\/udruga-106br.hr\/index.php\/wp-json\/wp\/v2\/tags?post=6627"}],"curies":[{"name":"wp","href":"https:\/\/api.w.org\/{rel}","templated":true}]}}