{"id":7053,"date":"2026-03-11T13:55:21","date_gmt":"2026-03-11T12:55:21","guid":{"rendered":"https:\/\/udruga-106br.hr\/?p=7053"},"modified":"2026-03-17T15:28:55","modified_gmt":"2026-03-17T14:28:55","slug":"braniteljska-liga-2026-proljetni-dio","status":"publish","type":"post","link":"https:\/\/udruga-106br.hr\/index.php\/braniteljska-liga-2026-proljetni-dio\/","title":{"rendered":"Braniteljska liga 2026. &#8211; proljetni dio"},"content":{"rendered":"\n<p>Dragi branitelji, \u010dlanovi Udruge, prijatelji i pratitelji,<\/p>\n\n\n\n<p>s velikim zadovoljstvom najavljujemo po\u010detak jo\u0161 jednog zajedni\u010dkog okupljanja kroz Braniteljsku ligu. Ove godine Braniteljska liga \u201eMilan \u0106osi\u0107\u201c, odr\u017eava se u \u010dast i trajno sje\u0107anje na na\u0161eg dragog prijatelja Milana \u0106osi\u0107a, bojnika u miru i istaknutog \u010dlana Udruge veterana 106. brigade Osijek. Njegova predanost, prijateljstvo i po\u0161tovanje koje je u\u017eivao me\u0111u suborcima ostaju trajna vrijednost koju \u017eelimo njegovati i prenositi dalje. <\/p>\n\n\n\n<figure class=\"wp-block-image size-full\"><img loading=\"lazy\" decoding=\"async\" width=\"538\" height=\"504\" src=\"https:\/\/udruga-106br.hr\/wp-content\/uploads\/2026\/03\/Milan-Cosic.jpg\" alt=\"\" class=\"wp-image-7054\" srcset=\"https:\/\/udruga-106br.hr\/wp-content\/uploads\/2026\/03\/Milan-Cosic.jpg 538w, https:\/\/udruga-106br.hr\/wp-content\/uploads\/2026\/03\/Milan-Cosic-300x281.jpg 300w\" sizes=\"auto, (max-width: 538px) 100vw, 538px\" \/><\/figure>\n\n\n\n<p>Nakon brojnih aktivnosti koje smo uspje\u0161no proveli tijekom 2025. godine, nastavljamo s tradicijom dru\u017eenja, sportskog nadmetanja i ja\u010danja prijateljskih veza me\u0111u braniteljima.<\/p>\n\n\n\n<p>Sa belotom zapo\u010dinjemo u utorak 17.3.2026. godine.<\/p>\n\n\n\n<p>Pro\u0161la godina bila je ispunjena raznim doga\u0111anjima \u2013 od sportskih i memorijalnih turnira do humanitarnih aktivnosti i obilje\u017eavanja va\u017enih obljetnica. Kroz ta okupljanja jo\u0161 jednom smo pokazali koliko je sna\u017ean duh zajedni\u0161tva koji nas sve povezuje. S ponosom smo se prisjetili na\u0161ih suboraca koji vi\u0161e nisu me\u0111u nama, ali \u010dija \u0107e \u017ertva i prijateljstvo uvijek ostati dio na\u0161e zajedni\u010dke pri\u010de.<\/p>\n\n\n\n<p>Braniteljska liga i ove godine donosi priliku za susret, razgovor, prijateljsko nadmetanje i dobro raspolo\u017eenje. Pozivamo sve zainteresirane branitelje i \u010dlanove Udruge da se uklju\u010de i budu dio ovog doga\u0111aja. Osim dobre atmosfere i dru\u017eenja, najbolje ekipe o\u010dekuju i prigodne nagrade.<\/p>\n\n\n\n<p>Za dodatne informacije slobodno nam se obratite na e-mail: 106br.zng@gmail.com ili na broj 097 766 3977.<\/p>\n\n\n\n<p>Do\u0111ite, sudjelujte i budite dio jo\u0161 jedne lijepe braniteljske pri\u010de. <\/p>\n<!-- AddThis Advanced Settings generic via filter on the_content --><!-- AddThis Share Buttons generic via filter on the_content -->","protected":false},"excerpt":{"rendered":"<p>Dragi branitelji, \u010dlanovi Udruge, prijatelji i pratitelji, s velikim zadovoljstvom najavljujemo po\u010detak jo\u0161 jednog zajedni\u010dkog okupljanja kroz Braniteljsku ligu. Ove godine Braniteljska liga \u201eMilan \u0106osi\u0107\u201c, odr\u017eava se u \u010dast i trajno sje\u0107anje na na\u0161eg dragog prijatelja Milana \u0106osi\u0107a, bojnika u miru i istaknutog \u010dlana Udruge veterana 106. brigade Osijek. Njegova predanost, prijateljstvo i po\u0161tovanje koje &hellip; <a href=\"https:\/\/udruga-106br.hr\/index.php\/braniteljska-liga-2026-proljetni-dio\/\" class=\"more-link\">Nastavi \u010ditati <span class=\"screen-reader-text\">Braniteljska liga 2026. &#8211; proljetni dio<\/span><\/a><!-- AddThis Advanced Settings generic via filter on get_the_excerpt --><!-- AddThis Share Buttons generic via filter on get_the_excerpt --><\/p>\n","protected":false},"author":1,"featured_media":0,"comment_status":"open","ping_status":"closed","sticky":false,"template":"","format":"standard","meta":{"footnotes":""},"categories":[27],"tags":[],"class_list":["post-7053","post","type-post","status-publish","format-standard","hentry","category-braniteljska-liga"],"_links":{"self":[{"href":"https:\/\/udruga-106br.hr\/index.php\/wp-json\/wp\/v2\/posts\/7053","targetHints":{"allow":["GET"]}}],"collection":[{"href":"https:\/\/udruga-106br.hr\/index.php\/wp-json\/wp\/v2\/posts"}],"about":[{"href":"https:\/\/udruga-106br.hr\/index.php\/wp-json\/wp\/v2\/types\/post"}],"author":[{"embeddable":true,"href":"https:\/\/udruga-106br.hr\/index.php\/wp-json\/wp\/v2\/users\/1"}],"replies":[{"embeddable":true,"href":"https:\/\/udruga-106br.hr\/index.php\/wp-json\/wp\/v2\/comments?post=7053"}],"version-history":[{"count":2,"href":"https:\/\/udruga-106br.hr\/index.php\/wp-json\/wp\/v2\/posts\/7053\/revisions"}],"predecessor-version":[{"id":7056,"href":"https:\/\/udruga-106br.hr\/index.php\/wp-json\/wp\/v2\/posts\/7053\/revisions\/7056"}],"wp:attachment":[{"href":"https:\/\/udruga-106br.hr\/index.php\/wp-json\/wp\/v2\/media?parent=7053"}],"wp:term":[{"taxonomy":"category","embeddable":true,"href":"https:\/\/udruga-106br.hr\/index.php\/wp-json\/wp\/v2\/categories?post=7053"},{"taxonomy":"post_tag","embeddable":true,"href":"https:\/\/udruga-106br.hr\/index.php\/wp-json\/wp\/v2\/tags?post=7053"}],"curies":[{"name":"wp","href":"https:\/\/api.w.org\/{rel}","templated":true}]}}