{"id":7057,"date":"2026-03-12T13:07:48","date_gmt":"2026-03-12T12:07:48","guid":{"rendered":"https:\/\/udruga-106br.hr\/?p=7057"},"modified":"2026-03-16T17:58:59","modified_gmt":"2026-03-16T16:58:59","slug":"braniteljska-liga-milan-cosic-bocanje","status":"publish","type":"post","link":"https:\/\/udruga-106br.hr\/index.php\/braniteljska-liga-milan-cosic-bocanje\/","title":{"rendered":"Braniteljska liga &#8221;Milan \u0106osi\u0107&#8221;- bo\u0107anje"},"content":{"rendered":"\n<p>Na polovici smo natjecanja u turniru u bo\u0107anju Udruge veterana 106. brigade Osijek. Uz odli\u010dnu atmosferu, sportski duh i dobro raspolo\u017eenje, na\u0161i su veterani jo\u0161 jednom pokazali koliko su zajedni\u0161tvo, prijateljstvo i dru\u017eenje va\u017eni i izvan terena.<\/p>\n\n\n\n<p>Ovo dru\u017eenje bilo je i prilika za dogovor o nastavku Lige te o sportovima koji slijede u narednom razdoblju \u2013 belotu, kuglanju i drugim aktivnostima koje nas o\u010dekuju.<\/p>\n\n\n\n<figure class=\"wp-block-gallery has-nested-images columns-default is-cropped wp-block-gallery-1 is-layout-flex wp-block-gallery-is-layout-flex\">\n<figure class=\"wp-block-image size-large\"><img loading=\"lazy\" decoding=\"async\" width=\"1024\" height=\"577\" data-id=\"7058\" src=\"https:\/\/udruga-106br.hr\/wp-content\/uploads\/2026\/03\/viber_slika_2026-03-11_18-26-35-732-1024x577.jpg\" alt=\"\" class=\"wp-image-7058\" srcset=\"https:\/\/udruga-106br.hr\/wp-content\/uploads\/2026\/03\/viber_slika_2026-03-11_18-26-35-732-1024x577.jpg 1024w, https:\/\/udruga-106br.hr\/wp-content\/uploads\/2026\/03\/viber_slika_2026-03-11_18-26-35-732-300x169.jpg 300w, https:\/\/udruga-106br.hr\/wp-content\/uploads\/2026\/03\/viber_slika_2026-03-11_18-26-35-732-768x432.jpg 768w, https:\/\/udruga-106br.hr\/wp-content\/uploads\/2026\/03\/viber_slika_2026-03-11_18-26-35-732-1536x865.jpg 1536w, https:\/\/udruga-106br.hr\/wp-content\/uploads\/2026\/03\/viber_slika_2026-03-11_18-26-35-732.jpg 1600w\" sizes=\"auto, (max-width: 1024px) 100vw, 1024px\" \/><\/figure>\n\n\n\n<figure class=\"wp-block-image size-large\"><img loading=\"lazy\" decoding=\"async\" width=\"1024\" height=\"577\" data-id=\"7059\" src=\"https:\/\/udruga-106br.hr\/wp-content\/uploads\/2026\/03\/viber_slika_2026-03-11_18-26-35-763-1024x577.jpg\" alt=\"\" class=\"wp-image-7059\" srcset=\"https:\/\/udruga-106br.hr\/wp-content\/uploads\/2026\/03\/viber_slika_2026-03-11_18-26-35-763-1024x577.jpg 1024w, https:\/\/udruga-106br.hr\/wp-content\/uploads\/2026\/03\/viber_slika_2026-03-11_18-26-35-763-300x169.jpg 300w, https:\/\/udruga-106br.hr\/wp-content\/uploads\/2026\/03\/viber_slika_2026-03-11_18-26-35-763-768x432.jpg 768w, https:\/\/udruga-106br.hr\/wp-content\/uploads\/2026\/03\/viber_slika_2026-03-11_18-26-35-763-1536x865.jpg 1536w, https:\/\/udruga-106br.hr\/wp-content\/uploads\/2026\/03\/viber_slika_2026-03-11_18-26-35-763.jpg 1600w\" sizes=\"auto, (max-width: 1024px) 100vw, 1024px\" \/><\/figure>\n\n\n\n<figure class=\"wp-block-image size-large\"><img loading=\"lazy\" decoding=\"async\" width=\"1024\" height=\"768\" data-id=\"7061\" src=\"https:\/\/udruga-106br.hr\/wp-content\/uploads\/2026\/03\/viber_slika_2026-03-11_18-28-34-371-1024x768.jpg\" alt=\"\" class=\"wp-image-7061\" srcset=\"https:\/\/udruga-106br.hr\/wp-content\/uploads\/2026\/03\/viber_slika_2026-03-11_18-28-34-371-1024x768.jpg 1024w, https:\/\/udruga-106br.hr\/wp-content\/uploads\/2026\/03\/viber_slika_2026-03-11_18-28-34-371-300x225.jpg 300w, https:\/\/udruga-106br.hr\/wp-content\/uploads\/2026\/03\/viber_slika_2026-03-11_18-28-34-371-768x576.jpg 768w, https:\/\/udruga-106br.hr\/wp-content\/uploads\/2026\/03\/viber_slika_2026-03-11_18-28-34-371-1536x1152.jpg 1536w, https:\/\/udruga-106br.hr\/wp-content\/uploads\/2026\/03\/viber_slika_2026-03-11_18-28-34-371.jpg 1600w\" sizes=\"auto, (max-width: 1024px) 100vw, 1024px\" \/><\/figure>\n\n\n\n<figure class=\"wp-block-image size-large\"><img loading=\"lazy\" decoding=\"async\" width=\"1024\" height=\"768\" data-id=\"7060\" src=\"https:\/\/udruga-106br.hr\/wp-content\/uploads\/2026\/03\/viber_slika_2026-03-11_18-28-34-736-1024x768.jpg\" alt=\"\" class=\"wp-image-7060\" srcset=\"https:\/\/udruga-106br.hr\/wp-content\/uploads\/2026\/03\/viber_slika_2026-03-11_18-28-34-736-1024x768.jpg 1024w, https:\/\/udruga-106br.hr\/wp-content\/uploads\/2026\/03\/viber_slika_2026-03-11_18-28-34-736-300x225.jpg 300w, https:\/\/udruga-106br.hr\/wp-content\/uploads\/2026\/03\/viber_slika_2026-03-11_18-28-34-736-768x576.jpg 768w, https:\/\/udruga-106br.hr\/wp-content\/uploads\/2026\/03\/viber_slika_2026-03-11_18-28-34-736-1536x1152.jpg 1536w, https:\/\/udruga-106br.hr\/wp-content\/uploads\/2026\/03\/viber_slika_2026-03-11_18-28-34-736.jpg 1600w\" sizes=\"auto, (max-width: 1024px) 100vw, 1024px\" \/><\/figure>\n<\/figure>\n\n\n\n<p>Nastavljamo dalje u istom duhu \u2013 uz sport, prijateljstvo i zajedni\u0161tvo te radne sastanke priprema ostalih natjecanja.<\/p>\n\n\n\n<figure class=\"wp-block-image size-large\"><img loading=\"lazy\" decoding=\"async\" width=\"1024\" height=\"768\" src=\"https:\/\/udruga-106br.hr\/wp-content\/uploads\/2026\/03\/viber_slika_2026-03-12_12-59-17-389-1024x768.jpg\" alt=\"\" class=\"wp-image-7062\" srcset=\"https:\/\/udruga-106br.hr\/wp-content\/uploads\/2026\/03\/viber_slika_2026-03-12_12-59-17-389-1024x768.jpg 1024w, https:\/\/udruga-106br.hr\/wp-content\/uploads\/2026\/03\/viber_slika_2026-03-12_12-59-17-389-300x225.jpg 300w, https:\/\/udruga-106br.hr\/wp-content\/uploads\/2026\/03\/viber_slika_2026-03-12_12-59-17-389-768x576.jpg 768w, https:\/\/udruga-106br.hr\/wp-content\/uploads\/2026\/03\/viber_slika_2026-03-12_12-59-17-389-1536x1152.jpg 1536w, https:\/\/udruga-106br.hr\/wp-content\/uploads\/2026\/03\/viber_slika_2026-03-12_12-59-17-389.jpg 1600w\" sizes=\"auto, (max-width: 1024px) 100vw, 1024px\" \/><\/figure>\n\n\n\n<p>Hvala svima na sudjelovanju, dru\u017eenju i o\u010duvanju zajedni\u0161tva na\u0161e Udruge!<\/p>\n<!-- AddThis Advanced Settings generic via filter on the_content --><!-- AddThis Share Buttons generic via filter on the_content -->","protected":false},"excerpt":{"rendered":"<p>Na polovici smo natjecanja u turniru u bo\u0107anju Udruge veterana 106. brigade Osijek. Uz odli\u010dnu atmosferu, sportski duh i dobro raspolo\u017eenje, na\u0161i su veterani jo\u0161 jednom pokazali koliko su zajedni\u0161tvo, prijateljstvo i dru\u017eenje va\u017eni i izvan terena. Ovo dru\u017eenje bilo je i prilika za dogovor o nastavku Lige te o sportovima koji slijede u narednom &hellip; <a href=\"https:\/\/udruga-106br.hr\/index.php\/braniteljska-liga-milan-cosic-bocanje\/\" class=\"more-link\">Nastavi \u010ditati <span class=\"screen-reader-text\">Braniteljska liga &#8221;Milan \u0106osi\u0107&#8221;- bo\u0107anje<\/span><\/a><!-- AddThis Advanced Settings generic via filter on get_the_excerpt --><!-- AddThis Share Buttons generic via filter on get_the_excerpt --><\/p>\n","protected":false},"author":1,"featured_media":0,"comment_status":"open","ping_status":"closed","sticky":false,"template":"","format":"standard","meta":{"footnotes":""},"categories":[27],"tags":[],"class_list":["post-7057","post","type-post","status-publish","format-standard","hentry","category-braniteljska-liga"],"_links":{"self":[{"href":"https:\/\/udruga-106br.hr\/index.php\/wp-json\/wp\/v2\/posts\/7057","targetHints":{"allow":["GET"]}}],"collection":[{"href":"https:\/\/udruga-106br.hr\/index.php\/wp-json\/wp\/v2\/posts"}],"about":[{"href":"https:\/\/udruga-106br.hr\/index.php\/wp-json\/wp\/v2\/types\/post"}],"author":[{"embeddable":true,"href":"https:\/\/udruga-106br.hr\/index.php\/wp-json\/wp\/v2\/users\/1"}],"replies":[{"embeddable":true,"href":"https:\/\/udruga-106br.hr\/index.php\/wp-json\/wp\/v2\/comments?post=7057"}],"version-history":[{"count":1,"href":"https:\/\/udruga-106br.hr\/index.php\/wp-json\/wp\/v2\/posts\/7057\/revisions"}],"predecessor-version":[{"id":7063,"href":"https:\/\/udruga-106br.hr\/index.php\/wp-json\/wp\/v2\/posts\/7057\/revisions\/7063"}],"wp:attachment":[{"href":"https:\/\/udruga-106br.hr\/index.php\/wp-json\/wp\/v2\/media?parent=7057"}],"wp:term":[{"taxonomy":"category","embeddable":true,"href":"https:\/\/udruga-106br.hr\/index.php\/wp-json\/wp\/v2\/categories?post=7057"},{"taxonomy":"post_tag","embeddable":true,"href":"https:\/\/udruga-106br.hr\/index.php\/wp-json\/wp\/v2\/tags?post=7057"}],"curies":[{"name":"wp","href":"https:\/\/api.w.org\/{rel}","templated":true}]}}