{"id":7155,"date":"2026-04-07T10:25:26","date_gmt":"2026-04-07T08:25:26","guid":{"rendered":"https:\/\/udruga-106br.hr\/?p=7155"},"modified":"2026-04-07T10:25:26","modified_gmt":"2026-04-07T08:25:26","slug":"uskrsni-sajam-4-4-2026-godine","status":"publish","type":"post","link":"https:\/\/udruga-106br.hr\/index.php\/uskrsni-sajam-4-4-2026-godine\/","title":{"rendered":"Uskrsni sajam 4.4.2026. godine"},"content":{"rendered":"\n<p>Danas, u vremenu od 10:00 do 13:00 sati, na Trgu Ante Star\u010devi\u0107a uspje\u0161no je odr\u017ean Uskrsni sajam na kojem je i na\u0161a Udruga veterana sudjelovala sa svojim \u0161tandom.<\/p>\n\n\n\n<p>Tom prilikom ostvarili smo niz vrijednih susreta i razgovora s posjetiteljima, \u010dlanovima i prijateljima Udruge. Posebno nas raduje \u0161to smo tom prigodom upisali i nove \u010dlanove, \u010dime dodatno ja\u010damo na\u0161u zajednicu i kontinuitet djelovanja.<\/p>\n\n\n\n<p>Tako\u0111er, zahvaljuju\u0107i Va\u0161oj podr\u0161ci i velikodu\u0161nosti, prikupili smo donacije koje \u0107e biti usmjerene na daljnji rad Udruge te realizaciju budu\u0107ih projekata.<\/p>\n\n\n\n<p>Zahvaljujemo svima koji su nas posjetili, podr\u017eali na\u0161 rad i svojim dolaskom pridonijeli ugodnoj i prijateljskoj atmosferi. Ovakvi susreti za nas imaju poseban zna\u010daj jer njeguju zajedni\u0161tvo, \u010duvaju uspomene i stvaraju nova poznanstva.<\/p>\n\n\n\n<figure class=\"wp-block-gallery has-nested-images columns-default is-cropped wp-block-gallery-1 is-layout-flex wp-block-gallery-is-layout-flex\">\n<figure class=\"wp-block-image size-large\"><img loading=\"lazy\" decoding=\"async\" width=\"505\" height=\"1024\" data-id=\"7156\" src=\"https:\/\/udruga-106br.hr\/wp-content\/uploads\/2026\/04\/viber_slika_2026-04-07_10-09-08-488-505x1024.jpg\" alt=\"\" class=\"wp-image-7156\" srcset=\"https:\/\/udruga-106br.hr\/wp-content\/uploads\/2026\/04\/viber_slika_2026-04-07_10-09-08-488-505x1024.jpg 505w, https:\/\/udruga-106br.hr\/wp-content\/uploads\/2026\/04\/viber_slika_2026-04-07_10-09-08-488-148x300.jpg 148w, https:\/\/udruga-106br.hr\/wp-content\/uploads\/2026\/04\/viber_slika_2026-04-07_10-09-08-488-768x1557.jpg 768w, https:\/\/udruga-106br.hr\/wp-content\/uploads\/2026\/04\/viber_slika_2026-04-07_10-09-08-488-757x1536.jpg 757w, https:\/\/udruga-106br.hr\/wp-content\/uploads\/2026\/04\/viber_slika_2026-04-07_10-09-08-488.jpg 789w\" sizes=\"auto, (max-width: 505px) 100vw, 505px\" \/><\/figure>\n\n\n\n<figure class=\"wp-block-image size-large\"><img loading=\"lazy\" decoding=\"async\" width=\"1024\" height=\"995\" data-id=\"7160\" src=\"https:\/\/udruga-106br.hr\/wp-content\/uploads\/2026\/04\/viber_slika_2026-04-07_10-09-08-524-1024x995.jpg\" alt=\"\" class=\"wp-image-7160\" srcset=\"https:\/\/udruga-106br.hr\/wp-content\/uploads\/2026\/04\/viber_slika_2026-04-07_10-09-08-524-1024x995.jpg 1024w, https:\/\/udruga-106br.hr\/wp-content\/uploads\/2026\/04\/viber_slika_2026-04-07_10-09-08-524-300x292.jpg 300w, https:\/\/udruga-106br.hr\/wp-content\/uploads\/2026\/04\/viber_slika_2026-04-07_10-09-08-524-768x746.jpg 768w, https:\/\/udruga-106br.hr\/wp-content\/uploads\/2026\/04\/viber_slika_2026-04-07_10-09-08-524-1536x1493.jpg 1536w, https:\/\/udruga-106br.hr\/wp-content\/uploads\/2026\/04\/viber_slika_2026-04-07_10-09-08-524.jpg 1600w\" sizes=\"auto, (max-width: 1024px) 100vw, 1024px\" \/><\/figure>\n\n\n\n<figure class=\"wp-block-image size-large\"><img loading=\"lazy\" decoding=\"async\" width=\"768\" height=\"1024\" data-id=\"7157\" src=\"https:\/\/udruga-106br.hr\/wp-content\/uploads\/2026\/04\/viber_slika_2026-04-07_10-09-08-574-768x1024.jpg\" alt=\"\" class=\"wp-image-7157\" srcset=\"https:\/\/udruga-106br.hr\/wp-content\/uploads\/2026\/04\/viber_slika_2026-04-07_10-09-08-574-768x1024.jpg 768w, https:\/\/udruga-106br.hr\/wp-content\/uploads\/2026\/04\/viber_slika_2026-04-07_10-09-08-574-225x300.jpg 225w, https:\/\/udruga-106br.hr\/wp-content\/uploads\/2026\/04\/viber_slika_2026-04-07_10-09-08-574-1152x1536.jpg 1152w, https:\/\/udruga-106br.hr\/wp-content\/uploads\/2026\/04\/viber_slika_2026-04-07_10-09-08-574.jpg 1200w\" sizes=\"auto, (max-width: 768px) 100vw, 768px\" \/><\/figure>\n\n\n\n<figure class=\"wp-block-image size-large\"><img loading=\"lazy\" decoding=\"async\" width=\"1024\" height=\"768\" data-id=\"7159\" src=\"https:\/\/udruga-106br.hr\/wp-content\/uploads\/2026\/04\/viber_slika_2026-04-07_10-09-08-625-1024x768.jpg\" alt=\"\" class=\"wp-image-7159\" srcset=\"https:\/\/udruga-106br.hr\/wp-content\/uploads\/2026\/04\/viber_slika_2026-04-07_10-09-08-625-1024x768.jpg 1024w, https:\/\/udruga-106br.hr\/wp-content\/uploads\/2026\/04\/viber_slika_2026-04-07_10-09-08-625-300x225.jpg 300w, https:\/\/udruga-106br.hr\/wp-content\/uploads\/2026\/04\/viber_slika_2026-04-07_10-09-08-625-768x576.jpg 768w, https:\/\/udruga-106br.hr\/wp-content\/uploads\/2026\/04\/viber_slika_2026-04-07_10-09-08-625-1536x1152.jpg 1536w, https:\/\/udruga-106br.hr\/wp-content\/uploads\/2026\/04\/viber_slika_2026-04-07_10-09-08-625.jpg 1600w\" sizes=\"auto, (max-width: 1024px) 100vw, 1024px\" \/><\/figure>\n\n\n\n<figure class=\"wp-block-image size-large\"><img loading=\"lazy\" decoding=\"async\" width=\"1024\" height=\"768\" data-id=\"7161\" src=\"https:\/\/udruga-106br.hr\/wp-content\/uploads\/2026\/04\/viber_slika_2026-04-07_10-09-08-738-1024x768.jpg\" alt=\"\" class=\"wp-image-7161\" srcset=\"https:\/\/udruga-106br.hr\/wp-content\/uploads\/2026\/04\/viber_slika_2026-04-07_10-09-08-738-1024x768.jpg 1024w, https:\/\/udruga-106br.hr\/wp-content\/uploads\/2026\/04\/viber_slika_2026-04-07_10-09-08-738-300x225.jpg 300w, https:\/\/udruga-106br.hr\/wp-content\/uploads\/2026\/04\/viber_slika_2026-04-07_10-09-08-738-768x576.jpg 768w, https:\/\/udruga-106br.hr\/wp-content\/uploads\/2026\/04\/viber_slika_2026-04-07_10-09-08-738-1536x1152.jpg 1536w, https:\/\/udruga-106br.hr\/wp-content\/uploads\/2026\/04\/viber_slika_2026-04-07_10-09-08-738.jpg 1600w\" sizes=\"auto, (max-width: 1024px) 100vw, 1024px\" \/><\/figure>\n\n\n\n<figure class=\"wp-block-image size-large\"><img loading=\"lazy\" decoding=\"async\" width=\"768\" height=\"1024\" data-id=\"7158\" src=\"https:\/\/udruga-106br.hr\/wp-content\/uploads\/2026\/04\/viber_slika_2026-04-07_10-09-08-757-768x1024.jpg\" alt=\"\" class=\"wp-image-7158\" srcset=\"https:\/\/udruga-106br.hr\/wp-content\/uploads\/2026\/04\/viber_slika_2026-04-07_10-09-08-757-768x1024.jpg 768w, https:\/\/udruga-106br.hr\/wp-content\/uploads\/2026\/04\/viber_slika_2026-04-07_10-09-08-757-225x300.jpg 225w, https:\/\/udruga-106br.hr\/wp-content\/uploads\/2026\/04\/viber_slika_2026-04-07_10-09-08-757-1152x1536.jpg 1152w, https:\/\/udruga-106br.hr\/wp-content\/uploads\/2026\/04\/viber_slika_2026-04-07_10-09-08-757.jpg 1200w\" sizes=\"auto, (max-width: 768px) 100vw, 768px\" \/><\/figure>\n<\/figure>\n<!-- AddThis Advanced Settings generic via filter on the_content --><!-- AddThis Share Buttons generic via filter on the_content -->","protected":false},"excerpt":{"rendered":"<p>Danas, u vremenu od 10:00 do 13:00 sati, na Trgu Ante Star\u010devi\u0107a uspje\u0161no je odr\u017ean Uskrsni sajam na kojem je i na\u0161a Udruga veterana sudjelovala sa svojim \u0161tandom. Tom prilikom ostvarili smo niz vrijednih susreta i razgovora s posjetiteljima, \u010dlanovima i prijateljima Udruge. Posebno nas raduje \u0161to smo tom prigodom upisali i nove \u010dlanove, \u010dime &hellip; <a href=\"https:\/\/udruga-106br.hr\/index.php\/uskrsni-sajam-4-4-2026-godine\/\" class=\"more-link\">Nastavi \u010ditati <span class=\"screen-reader-text\">Uskrsni sajam 4.4.2026. godine<\/span><\/a><!-- AddThis Advanced Settings generic via filter on get_the_excerpt --><!-- AddThis Share Buttons generic via filter on get_the_excerpt --><\/p>\n","protected":false},"author":1,"featured_media":0,"comment_status":"open","ping_status":"closed","sticky":false,"template":"","format":"standard","meta":{"footnotes":""},"categories":[32],"tags":[],"class_list":["post-7155","post","type-post","status-publish","format-standard","hentry","category-iz-zivota-udruge"],"_links":{"self":[{"href":"https:\/\/udruga-106br.hr\/index.php\/wp-json\/wp\/v2\/posts\/7155","targetHints":{"allow":["GET"]}}],"collection":[{"href":"https:\/\/udruga-106br.hr\/index.php\/wp-json\/wp\/v2\/posts"}],"about":[{"href":"https:\/\/udruga-106br.hr\/index.php\/wp-json\/wp\/v2\/types\/post"}],"author":[{"embeddable":true,"href":"https:\/\/udruga-106br.hr\/index.php\/wp-json\/wp\/v2\/users\/1"}],"replies":[{"embeddable":true,"href":"https:\/\/udruga-106br.hr\/index.php\/wp-json\/wp\/v2\/comments?post=7155"}],"version-history":[{"count":1,"href":"https:\/\/udruga-106br.hr\/index.php\/wp-json\/wp\/v2\/posts\/7155\/revisions"}],"predecessor-version":[{"id":7162,"href":"https:\/\/udruga-106br.hr\/index.php\/wp-json\/wp\/v2\/posts\/7155\/revisions\/7162"}],"wp:attachment":[{"href":"https:\/\/udruga-106br.hr\/index.php\/wp-json\/wp\/v2\/media?parent=7155"}],"wp:term":[{"taxonomy":"category","embeddable":true,"href":"https:\/\/udruga-106br.hr\/index.php\/wp-json\/wp\/v2\/categories?post=7155"},{"taxonomy":"post_tag","embeddable":true,"href":"https:\/\/udruga-106br.hr\/index.php\/wp-json\/wp\/v2\/tags?post=7155"}],"curies":[{"name":"wp","href":"https:\/\/api.w.org\/{rel}","templated":true}]}}