{"id":7217,"date":"2026-04-22T16:07:26","date_gmt":"2026-04-22T14:07:26","guid":{"rendered":"https:\/\/udruga-106br.hr\/?p=7217"},"modified":"2026-04-22T16:07:27","modified_gmt":"2026-04-22T14:07:27","slug":"sat-domovinske-povijesti-22-4-2026","status":"publish","type":"post","link":"https:\/\/udruga-106br.hr\/index.php\/sat-domovinske-povijesti-22-4-2026\/","title":{"rendered":"Sat domovinske povijesti &#8211; 22.4.2026."},"content":{"rendered":"\n<p>Imali smo \u010dast odr\u017eati edukativno predavanje i razgovor s u\u010denicima Osnovne \u0161kole Miroslava Krle\u017ee u \u010cepinu, posve\u0107en jednom od klju\u010dnih trenutaka novije hrvatske povijesti \u2013 osloba\u0111anju vojarne JNA \u201cMilan Stanivukovi\u0107\u201d (tzv. Bijele vojarne) u Osijeku, 17. rujna 1991. godine, kao i doga\u0111ajima vezanim uz skladi\u0161te naoru\u017eanja i opreme u Lugu kraj \u010cepina.<\/p>\n\n\n\n<p>Svoja osobna iskustva i svjedo\u010danstva o tim presudnim danima, kada se branila i stvarala slobodna Hrvatska, s u\u010denicima su podijelili prvi potpredsjednik Udruge veterana 106. brigade Osijek, gospodin \u017deljko Ko\u017eul, te po\u010dasni predsjednik Udruge, gospodin Franjo Kor\u017einek.<\/p>\n\n\n\n<p>Posebno zahvaljujemo nastavniku povijesti Slavku Babi\u0107u i ravnateljici Branki Mack-Savanovi\u0107 na suradnji i potpori u preno\u0161enju istine o Domovinskom ratu mladim generacijama.<\/p>\n\n\n\n<p>Zahvaljujemo i Osje\u010dkoj televiziji koja je zabilje\u017eila ove vrijedne trenutke i time dodatno pridonijela o\u010duvanju sje\u0107anja.<\/p>\n\n\n\n<p>Na\u0161a je trajna obveza \u010duvati istinu i dostojanstvo Domovinskog rata, a na mladima ostaje odgovornost da tu istinu nastave prenositi budu\u0107im nara\u0161tajima.<\/p>\n\n\n\n<figure class=\"wp-block-gallery has-nested-images columns-default is-cropped wp-block-gallery-1 is-layout-flex wp-block-gallery-is-layout-flex\">\n<figure class=\"wp-block-image size-large\"><img loading=\"lazy\" decoding=\"async\" width=\"950\" height=\"1024\" data-id=\"7218\" src=\"https:\/\/udruga-106br.hr\/wp-content\/uploads\/2026\/04\/viber_slika_2026-04-22_15-50-58-394-950x1024.jpg\" alt=\"\" class=\"wp-image-7218\" srcset=\"https:\/\/udruga-106br.hr\/wp-content\/uploads\/2026\/04\/viber_slika_2026-04-22_15-50-58-394-950x1024.jpg 950w, https:\/\/udruga-106br.hr\/wp-content\/uploads\/2026\/04\/viber_slika_2026-04-22_15-50-58-394-278x300.jpg 278w, https:\/\/udruga-106br.hr\/wp-content\/uploads\/2026\/04\/viber_slika_2026-04-22_15-50-58-394-768x827.jpg 768w, https:\/\/udruga-106br.hr\/wp-content\/uploads\/2026\/04\/viber_slika_2026-04-22_15-50-58-394-1426x1536.jpg 1426w, https:\/\/udruga-106br.hr\/wp-content\/uploads\/2026\/04\/viber_slika_2026-04-22_15-50-58-394.jpg 1485w\" sizes=\"auto, (max-width: 950px) 100vw, 950px\" \/><\/figure>\n\n\n\n<figure class=\"wp-block-image size-large\"><img loading=\"lazy\" decoding=\"async\" width=\"1024\" height=\"768\" data-id=\"7219\" src=\"https:\/\/udruga-106br.hr\/wp-content\/uploads\/2026\/04\/viber_slika_2026-04-22_15-50-58-415-1024x768.jpg\" alt=\"\" class=\"wp-image-7219\" srcset=\"https:\/\/udruga-106br.hr\/wp-content\/uploads\/2026\/04\/viber_slika_2026-04-22_15-50-58-415-1024x768.jpg 1024w, https:\/\/udruga-106br.hr\/wp-content\/uploads\/2026\/04\/viber_slika_2026-04-22_15-50-58-415-300x225.jpg 300w, https:\/\/udruga-106br.hr\/wp-content\/uploads\/2026\/04\/viber_slika_2026-04-22_15-50-58-415-768x576.jpg 768w, https:\/\/udruga-106br.hr\/wp-content\/uploads\/2026\/04\/viber_slika_2026-04-22_15-50-58-415-1536x1152.jpg 1536w, https:\/\/udruga-106br.hr\/wp-content\/uploads\/2026\/04\/viber_slika_2026-04-22_15-50-58-415.jpg 1600w\" sizes=\"auto, (max-width: 1024px) 100vw, 1024px\" \/><\/figure>\n\n\n\n<figure class=\"wp-block-image size-large\"><img loading=\"lazy\" decoding=\"async\" width=\"1024\" height=\"768\" data-id=\"7224\" src=\"https:\/\/udruga-106br.hr\/wp-content\/uploads\/2026\/04\/viber_slika_2026-04-22_15-50-58-436-1024x768.jpg\" alt=\"\" class=\"wp-image-7224\" srcset=\"https:\/\/udruga-106br.hr\/wp-content\/uploads\/2026\/04\/viber_slika_2026-04-22_15-50-58-436-1024x768.jpg 1024w, https:\/\/udruga-106br.hr\/wp-content\/uploads\/2026\/04\/viber_slika_2026-04-22_15-50-58-436-300x225.jpg 300w, https:\/\/udruga-106br.hr\/wp-content\/uploads\/2026\/04\/viber_slika_2026-04-22_15-50-58-436-768x576.jpg 768w, https:\/\/udruga-106br.hr\/wp-content\/uploads\/2026\/04\/viber_slika_2026-04-22_15-50-58-436-1536x1152.jpg 1536w, https:\/\/udruga-106br.hr\/wp-content\/uploads\/2026\/04\/viber_slika_2026-04-22_15-50-58-436.jpg 1600w\" sizes=\"auto, (max-width: 1024px) 100vw, 1024px\" \/><\/figure>\n\n\n\n<figure class=\"wp-block-image size-large\"><img loading=\"lazy\" decoding=\"async\" width=\"1024\" height=\"768\" data-id=\"7222\" src=\"https:\/\/udruga-106br.hr\/wp-content\/uploads\/2026\/04\/viber_slika_2026-04-22_15-50-58-556-1024x768.jpg\" alt=\"\" class=\"wp-image-7222\" srcset=\"https:\/\/udruga-106br.hr\/wp-content\/uploads\/2026\/04\/viber_slika_2026-04-22_15-50-58-556-1024x768.jpg 1024w, https:\/\/udruga-106br.hr\/wp-content\/uploads\/2026\/04\/viber_slika_2026-04-22_15-50-58-556-300x225.jpg 300w, https:\/\/udruga-106br.hr\/wp-content\/uploads\/2026\/04\/viber_slika_2026-04-22_15-50-58-556-768x576.jpg 768w, https:\/\/udruga-106br.hr\/wp-content\/uploads\/2026\/04\/viber_slika_2026-04-22_15-50-58-556-1536x1152.jpg 1536w, https:\/\/udruga-106br.hr\/wp-content\/uploads\/2026\/04\/viber_slika_2026-04-22_15-50-58-556.jpg 1600w\" sizes=\"auto, (max-width: 1024px) 100vw, 1024px\" \/><\/figure>\n\n\n\n<figure class=\"wp-block-image size-large\"><img loading=\"lazy\" decoding=\"async\" width=\"768\" height=\"1024\" data-id=\"7220\" src=\"https:\/\/udruga-106br.hr\/wp-content\/uploads\/2026\/04\/viber_slika_2026-04-22_15-50-58-928-768x1024.jpg\" alt=\"\" class=\"wp-image-7220\" srcset=\"https:\/\/udruga-106br.hr\/wp-content\/uploads\/2026\/04\/viber_slika_2026-04-22_15-50-58-928-768x1024.jpg 768w, https:\/\/udruga-106br.hr\/wp-content\/uploads\/2026\/04\/viber_slika_2026-04-22_15-50-58-928-225x300.jpg 225w, https:\/\/udruga-106br.hr\/wp-content\/uploads\/2026\/04\/viber_slika_2026-04-22_15-50-58-928-1152x1536.jpg 1152w, https:\/\/udruga-106br.hr\/wp-content\/uploads\/2026\/04\/viber_slika_2026-04-22_15-50-58-928.jpg 1200w\" sizes=\"auto, (max-width: 768px) 100vw, 768px\" \/><\/figure>\n\n\n\n<figure class=\"wp-block-image size-large\"><img loading=\"lazy\" decoding=\"async\" width=\"1024\" height=\"768\" data-id=\"7223\" src=\"https:\/\/udruga-106br.hr\/wp-content\/uploads\/2026\/04\/viber_slika_2026-04-22_15-50-58-936-1024x768.jpg\" alt=\"\" class=\"wp-image-7223\" srcset=\"https:\/\/udruga-106br.hr\/wp-content\/uploads\/2026\/04\/viber_slika_2026-04-22_15-50-58-936-1024x768.jpg 1024w, https:\/\/udruga-106br.hr\/wp-content\/uploads\/2026\/04\/viber_slika_2026-04-22_15-50-58-936-300x225.jpg 300w, https:\/\/udruga-106br.hr\/wp-content\/uploads\/2026\/04\/viber_slika_2026-04-22_15-50-58-936-768x576.jpg 768w, https:\/\/udruga-106br.hr\/wp-content\/uploads\/2026\/04\/viber_slika_2026-04-22_15-50-58-936-1536x1152.jpg 1536w, https:\/\/udruga-106br.hr\/wp-content\/uploads\/2026\/04\/viber_slika_2026-04-22_15-50-58-936.jpg 1600w\" sizes=\"auto, (max-width: 1024px) 100vw, 1024px\" \/><\/figure>\n<\/figure>\n<!-- AddThis Advanced Settings generic via filter on the_content --><!-- AddThis Share Buttons generic via filter on the_content -->","protected":false},"excerpt":{"rendered":"<p>Imali smo \u010dast odr\u017eati edukativno predavanje i razgovor s u\u010denicima Osnovne \u0161kole Miroslava Krle\u017ee u \u010cepinu, posve\u0107en jednom od klju\u010dnih trenutaka novije hrvatske povijesti \u2013 osloba\u0111anju vojarne JNA \u201cMilan Stanivukovi\u0107\u201d (tzv. Bijele vojarne) u Osijeku, 17. rujna 1991. godine, kao i doga\u0111ajima vezanim uz skladi\u0161te naoru\u017eanja i opreme u Lugu kraj \u010cepina. Svoja osobna iskustva &hellip; <a href=\"https:\/\/udruga-106br.hr\/index.php\/sat-domovinske-povijesti-22-4-2026\/\" class=\"more-link\">Nastavi \u010ditati <span class=\"screen-reader-text\">Sat domovinske povijesti &#8211; 22.4.2026.<\/span><\/a><!-- AddThis Advanced Settings generic via filter on get_the_excerpt --><!-- AddThis Share Buttons generic via filter on get_the_excerpt --><\/p>\n","protected":false},"author":1,"featured_media":0,"comment_status":"open","ping_status":"closed","sticky":false,"template":"","format":"standard","meta":{"footnotes":""},"categories":[32],"tags":[],"class_list":["post-7217","post","type-post","status-publish","format-standard","hentry","category-iz-zivota-udruge"],"_links":{"self":[{"href":"https:\/\/udruga-106br.hr\/index.php\/wp-json\/wp\/v2\/posts\/7217","targetHints":{"allow":["GET"]}}],"collection":[{"href":"https:\/\/udruga-106br.hr\/index.php\/wp-json\/wp\/v2\/posts"}],"about":[{"href":"https:\/\/udruga-106br.hr\/index.php\/wp-json\/wp\/v2\/types\/post"}],"author":[{"embeddable":true,"href":"https:\/\/udruga-106br.hr\/index.php\/wp-json\/wp\/v2\/users\/1"}],"replies":[{"embeddable":true,"href":"https:\/\/udruga-106br.hr\/index.php\/wp-json\/wp\/v2\/comments?post=7217"}],"version-history":[{"count":1,"href":"https:\/\/udruga-106br.hr\/index.php\/wp-json\/wp\/v2\/posts\/7217\/revisions"}],"predecessor-version":[{"id":7225,"href":"https:\/\/udruga-106br.hr\/index.php\/wp-json\/wp\/v2\/posts\/7217\/revisions\/7225"}],"wp:attachment":[{"href":"https:\/\/udruga-106br.hr\/index.php\/wp-json\/wp\/v2\/media?parent=7217"}],"wp:term":[{"taxonomy":"category","embeddable":true,"href":"https:\/\/udruga-106br.hr\/index.php\/wp-json\/wp\/v2\/categories?post=7217"},{"taxonomy":"post_tag","embeddable":true,"href":"https:\/\/udruga-106br.hr\/index.php\/wp-json\/wp\/v2\/tags?post=7217"}],"curies":[{"name":"wp","href":"https:\/\/api.w.org\/{rel}","templated":true}]}}