{"id":7232,"date":"2026-04-24T08:45:10","date_gmt":"2026-04-24T06:45:10","guid":{"rendered":"https:\/\/udruga-106br.hr\/?p=7232"},"modified":"2026-04-24T08:45:11","modified_gmt":"2026-04-24T06:45:11","slug":"posjet-os-tv-a-prostorijama-udruge-i-spomen-sobi-23-4-2026","status":"publish","type":"post","link":"https:\/\/udruga-106br.hr\/index.php\/posjet-os-tv-a-prostorijama-udruge-i-spomen-sobi-23-4-2026\/","title":{"rendered":"Posjet OS TV-a prostorijama Udruge i spomen sobi  &#8211; 23.4.2026."},"content":{"rendered":"\n<p>Veliko hvala ekipi Osje\u010dke televizije na posjeti prostorijama Udruge veterana 106. brigade Osijek 23.4.2026. godine te na dostojanstvenom i profesionalnom prilogu kojim su prikazali na\u0161 rad, zajedni\u0161tvo i vrijednosti koje njegujemo.<\/p>\n\n\n\n<p>Posebno nam zna\u010di \u0161to ste s po\u0161tovanjem prenijeli dio na\u0161e povijesti, sje\u0107anja i trajne brige za o\u010duvanje istine o doprinosu hrvatskih branitelja i pripadnika 106. brigade, kao i planove i program organizacije obilje\u017eavanja 35. obljetnice osnutka 106. brigade koja \u0107e se odr\u017eati 28. lipnja 2026. godine.<\/p>\n\n\n\n<p>Hvala vam \u0161to ste prepoznali va\u017enost na\u0161eg djelovanja i omogu\u0107ili da se glas veterana \u010duje i dalje prenosi budu\u0107im generacijama.<\/p>\n\n\n\n<p>Prilog mo\u017eete pogledati: https:\/\/youtu.be\/Oonh8RP-yTA?is=k80I6SNsz4aq4ozI<\/p>\n\n\n\n<figure class=\"wp-block-gallery has-nested-images columns-default is-cropped wp-block-gallery-1 is-layout-flex wp-block-gallery-is-layout-flex\">\n<figure class=\"wp-block-image size-large\"><img loading=\"lazy\" decoding=\"async\" width=\"1024\" height=\"768\" data-id=\"7233\" src=\"https:\/\/udruga-106br.hr\/wp-content\/uploads\/2026\/04\/viber_slika_2026-04-24_08-30-07-363-1024x768.jpg\" alt=\"\" class=\"wp-image-7233\" srcset=\"https:\/\/udruga-106br.hr\/wp-content\/uploads\/2026\/04\/viber_slika_2026-04-24_08-30-07-363-1024x768.jpg 1024w, https:\/\/udruga-106br.hr\/wp-content\/uploads\/2026\/04\/viber_slika_2026-04-24_08-30-07-363-300x225.jpg 300w, https:\/\/udruga-106br.hr\/wp-content\/uploads\/2026\/04\/viber_slika_2026-04-24_08-30-07-363-768x576.jpg 768w, https:\/\/udruga-106br.hr\/wp-content\/uploads\/2026\/04\/viber_slika_2026-04-24_08-30-07-363-1536x1152.jpg 1536w, https:\/\/udruga-106br.hr\/wp-content\/uploads\/2026\/04\/viber_slika_2026-04-24_08-30-07-363.jpg 1600w\" sizes=\"auto, (max-width: 1024px) 100vw, 1024px\" \/><\/figure>\n\n\n\n<figure class=\"wp-block-image size-large\"><img loading=\"lazy\" decoding=\"async\" width=\"1024\" height=\"768\" data-id=\"7234\" src=\"https:\/\/udruga-106br.hr\/wp-content\/uploads\/2026\/04\/viber_slika_2026-04-24_08-30-07-427-1024x768.jpg\" alt=\"\" class=\"wp-image-7234\" srcset=\"https:\/\/udruga-106br.hr\/wp-content\/uploads\/2026\/04\/viber_slika_2026-04-24_08-30-07-427-1024x768.jpg 1024w, https:\/\/udruga-106br.hr\/wp-content\/uploads\/2026\/04\/viber_slika_2026-04-24_08-30-07-427-300x225.jpg 300w, https:\/\/udruga-106br.hr\/wp-content\/uploads\/2026\/04\/viber_slika_2026-04-24_08-30-07-427-768x576.jpg 768w, https:\/\/udruga-106br.hr\/wp-content\/uploads\/2026\/04\/viber_slika_2026-04-24_08-30-07-427-1536x1152.jpg 1536w, https:\/\/udruga-106br.hr\/wp-content\/uploads\/2026\/04\/viber_slika_2026-04-24_08-30-07-427.jpg 1600w\" sizes=\"auto, (max-width: 1024px) 100vw, 1024px\" \/><\/figure>\n<\/figure>\n<!-- AddThis Advanced Settings generic via filter on the_content --><!-- AddThis Share Buttons generic via filter on the_content -->","protected":false},"excerpt":{"rendered":"<p>Veliko hvala ekipi Osje\u010dke televizije na posjeti prostorijama Udruge veterana 106. brigade Osijek 23.4.2026. godine te na dostojanstvenom i profesionalnom prilogu kojim su prikazali na\u0161 rad, zajedni\u0161tvo i vrijednosti koje njegujemo. Posebno nam zna\u010di \u0161to ste s po\u0161tovanjem prenijeli dio na\u0161e povijesti, sje\u0107anja i trajne brige za o\u010duvanje istine o doprinosu hrvatskih branitelja i pripadnika &hellip; <a href=\"https:\/\/udruga-106br.hr\/index.php\/posjet-os-tv-a-prostorijama-udruge-i-spomen-sobi-23-4-2026\/\" class=\"more-link\">Nastavi \u010ditati <span class=\"screen-reader-text\">Posjet OS TV-a prostorijama Udruge i spomen sobi  &#8211; 23.4.2026.<\/span><\/a><!-- AddThis Advanced Settings generic via filter on get_the_excerpt --><!-- AddThis Share Buttons generic via filter on get_the_excerpt --><\/p>\n","protected":false},"author":1,"featured_media":0,"comment_status":"open","ping_status":"closed","sticky":false,"template":"","format":"standard","meta":{"footnotes":""},"categories":[32],"tags":[],"class_list":["post-7232","post","type-post","status-publish","format-standard","hentry","category-iz-zivota-udruge"],"_links":{"self":[{"href":"https:\/\/udruga-106br.hr\/index.php\/wp-json\/wp\/v2\/posts\/7232","targetHints":{"allow":["GET"]}}],"collection":[{"href":"https:\/\/udruga-106br.hr\/index.php\/wp-json\/wp\/v2\/posts"}],"about":[{"href":"https:\/\/udruga-106br.hr\/index.php\/wp-json\/wp\/v2\/types\/post"}],"author":[{"embeddable":true,"href":"https:\/\/udruga-106br.hr\/index.php\/wp-json\/wp\/v2\/users\/1"}],"replies":[{"embeddable":true,"href":"https:\/\/udruga-106br.hr\/index.php\/wp-json\/wp\/v2\/comments?post=7232"}],"version-history":[{"count":1,"href":"https:\/\/udruga-106br.hr\/index.php\/wp-json\/wp\/v2\/posts\/7232\/revisions"}],"predecessor-version":[{"id":7235,"href":"https:\/\/udruga-106br.hr\/index.php\/wp-json\/wp\/v2\/posts\/7232\/revisions\/7235"}],"wp:attachment":[{"href":"https:\/\/udruga-106br.hr\/index.php\/wp-json\/wp\/v2\/media?parent=7232"}],"wp:term":[{"taxonomy":"category","embeddable":true,"href":"https:\/\/udruga-106br.hr\/index.php\/wp-json\/wp\/v2\/categories?post=7232"},{"taxonomy":"post_tag","embeddable":true,"href":"https:\/\/udruga-106br.hr\/index.php\/wp-json\/wp\/v2\/tags?post=7232"}],"curies":[{"name":"wp","href":"https:\/\/api.w.org\/{rel}","templated":true}]}}