{"id":7241,"date":"2026-04-27T12:59:19","date_gmt":"2026-04-27T10:59:19","guid":{"rendered":"https:\/\/udruga-106br.hr\/?p=7241"},"modified":"2026-04-27T12:59:20","modified_gmt":"2026-04-27T10:59:20","slug":"rekreativno-edukativnu-biciklijadu-tragom-pustara-u-organizaciji-udruge-korijeni-pustare","status":"publish","type":"post","link":"https:\/\/udruga-106br.hr\/index.php\/rekreativno-edukativnu-biciklijadu-tragom-pustara-u-organizaciji-udruge-korijeni-pustare\/","title":{"rendered":"Rekreativno-edukativnu BICIKLIJADU \u201eTragom pustara\u201c, u organizaciji Udruge Korijeni pustare"},"content":{"rendered":"\n<p>Udruga veterana 106. brigade Osijek podr\u017eava 12. rekreativno-edukativnu BICIKLIJADU \u201eTragom pustara\u201c, u organizaciji Udruge Korijeni pustare!<\/p>\n\n\n\n<p>Ova manifestacija \u010duva uspomenu na nestale pustare i podsje\u0107a nas na bogatu povijest na\u0161ega kraja, uz dru\u017eenje, rekreaciju i zajedni\u0161tvo svih generacija.<\/p>\n\n\n\n<p>&#8211; Start: Osijek, Trpimirova ulica<br>&#8211; Subota, 9. svibnja 2026. u 8:30 sati<br>&#8211; Cilj: Antunovac \u2013 Pustara\u0161ki \u0107o\u0161ak<\/p>\n\n\n\n<p>Lagana vo\u017enja uz zaustavljanja na mjestima biv\u0161ih pustara, zanimljive pri\u010de o pro\u0161lim vremenima te ugodno dru\u017eenje na odredi\u0161tu \u2013 savr\u0161ena prilika za aktivan i sadr\u017eajan dan u prirodi.<\/p>\n\n\n\n<p>Pozivamo sve na\u0161e \u010dlanove, prijatelje i gra\u0111ane da se pridru\u017ee i budu dio ove lijepe pri\u010de!<\/p>\n\n\n\n<p>Zajedno \u010duvamo tradiciju, ba\u0161tinu i uspomene.<\/p>\n\n\n\n<figure class=\"wp-block-image size-large\"><img loading=\"lazy\" decoding=\"async\" width=\"700\" height=\"1024\" src=\"https:\/\/udruga-106br.hr\/wp-content\/uploads\/2026\/04\/plakat-biciklijada1-700x1024.jpg\" alt=\"\" class=\"wp-image-7242\" srcset=\"https:\/\/udruga-106br.hr\/wp-content\/uploads\/2026\/04\/plakat-biciklijada1-700x1024.jpg 700w, https:\/\/udruga-106br.hr\/wp-content\/uploads\/2026\/04\/plakat-biciklijada1-205x300.jpg 205w, https:\/\/udruga-106br.hr\/wp-content\/uploads\/2026\/04\/plakat-biciklijada1-768x1124.jpg 768w, https:\/\/udruga-106br.hr\/wp-content\/uploads\/2026\/04\/plakat-biciklijada1-1050x1536.jpg 1050w, https:\/\/udruga-106br.hr\/wp-content\/uploads\/2026\/04\/plakat-biciklijada1-1400x2048.jpg 1400w, https:\/\/udruga-106br.hr\/wp-content\/uploads\/2026\/04\/plakat-biciklijada1-scaled.jpg 1750w\" sizes=\"auto, (max-width: 700px) 100vw, 700px\" \/><\/figure>\n<!-- AddThis Advanced Settings generic via filter on the_content --><!-- AddThis Share Buttons generic via filter on the_content -->","protected":false},"excerpt":{"rendered":"<p>Udruga veterana 106. brigade Osijek podr\u017eava 12. rekreativno-edukativnu BICIKLIJADU \u201eTragom pustara\u201c, u organizaciji Udruge Korijeni pustare! Ova manifestacija \u010duva uspomenu na nestale pustare i podsje\u0107a nas na bogatu povijest na\u0161ega kraja, uz dru\u017eenje, rekreaciju i zajedni\u0161tvo svih generacija. &#8211; Start: Osijek, Trpimirova ulica&#8211; Subota, 9. svibnja 2026. u 8:30 sati&#8211; Cilj: Antunovac \u2013 Pustara\u0161ki \u0107o\u0161ak &hellip; <a href=\"https:\/\/udruga-106br.hr\/index.php\/rekreativno-edukativnu-biciklijadu-tragom-pustara-u-organizaciji-udruge-korijeni-pustare\/\" class=\"more-link\">Nastavi \u010ditati <span class=\"screen-reader-text\">Rekreativno-edukativnu BICIKLIJADU \u201eTragom pustara\u201c, u organizaciji Udruge Korijeni pustare<\/span><\/a><!-- AddThis Advanced Settings generic via filter on get_the_excerpt --><!-- AddThis Share Buttons generic via filter on get_the_excerpt --><\/p>\n","protected":false},"author":1,"featured_media":0,"comment_status":"open","ping_status":"closed","sticky":false,"template":"","format":"standard","meta":{"footnotes":""},"categories":[32],"tags":[],"class_list":["post-7241","post","type-post","status-publish","format-standard","hentry","category-iz-zivota-udruge"],"_links":{"self":[{"href":"https:\/\/udruga-106br.hr\/index.php\/wp-json\/wp\/v2\/posts\/7241","targetHints":{"allow":["GET"]}}],"collection":[{"href":"https:\/\/udruga-106br.hr\/index.php\/wp-json\/wp\/v2\/posts"}],"about":[{"href":"https:\/\/udruga-106br.hr\/index.php\/wp-json\/wp\/v2\/types\/post"}],"author":[{"embeddable":true,"href":"https:\/\/udruga-106br.hr\/index.php\/wp-json\/wp\/v2\/users\/1"}],"replies":[{"embeddable":true,"href":"https:\/\/udruga-106br.hr\/index.php\/wp-json\/wp\/v2\/comments?post=7241"}],"version-history":[{"count":1,"href":"https:\/\/udruga-106br.hr\/index.php\/wp-json\/wp\/v2\/posts\/7241\/revisions"}],"predecessor-version":[{"id":7243,"href":"https:\/\/udruga-106br.hr\/index.php\/wp-json\/wp\/v2\/posts\/7241\/revisions\/7243"}],"wp:attachment":[{"href":"https:\/\/udruga-106br.hr\/index.php\/wp-json\/wp\/v2\/media?parent=7241"}],"wp:term":[{"taxonomy":"category","embeddable":true,"href":"https:\/\/udruga-106br.hr\/index.php\/wp-json\/wp\/v2\/categories?post=7241"},{"taxonomy":"post_tag","embeddable":true,"href":"https:\/\/udruga-106br.hr\/index.php\/wp-json\/wp\/v2\/tags?post=7241"}],"curies":[{"name":"wp","href":"https:\/\/api.w.org\/{rel}","templated":true}]}}