{"id":7247,"date":"2026-04-28T12:28:47","date_gmt":"2026-04-28T10:28:47","guid":{"rendered":"https:\/\/udruga-106br.hr\/?p=7247"},"modified":"2026-04-28T12:28:47","modified_gmt":"2026-04-28T10:28:47","slug":"24-4-2026-gostovanje-u-emisiji-osjecke-televizije-produzeni-vikend","status":"publish","type":"post","link":"https:\/\/udruga-106br.hr\/index.php\/24-4-2026-gostovanje-u-emisiji-osjecke-televizije-produzeni-vikend\/","title":{"rendered":"24.4.2026. &#8211; Gostovanje  u emisiji Osje\u010dke televizije \u201eProdu\u017eeni vikend\u201d"},"content":{"rendered":"\n<p>Prvi potpredsjednik Udruge veterana 106. brigade Osijek, \u017deljko Ko\u017eul, te po\u010dasni predsjednik Udruge veterana 106. brigade Osijek, Franjo Kor\u017einek, gostovali su 24. 4. 2026. godine u emisiji Osje\u010dke televizije \u201eProdu\u017eeni vikend\u201d.<\/p>\n\n\n\n<p>U emisiji su govorili o radu Udruge veterana 106. brigade Osijek, o\u010duvanju istine o Domovinskom ratu te va\u017enosti preno\u0161enja vrijednosti i iskustava na mla\u0111e generacije, a glavni fokus je bio na obilje\u017eavanju 35. obljetnice osnutka 106. brigade ZNG Osijek.<\/p>\n\n\n\n<p>Cijelu emisiju mo\u017eete pogledati na poveznici:<br>https:\/\/www.youtube.com\/watch?v=ysMdmiTXHBo&amp;list=PLyDX3u534lqluXfNTfuU03DozrLA16-hV<\/p>\n\n\n\n<figure class=\"wp-block-image size-full\"><img loading=\"lazy\" decoding=\"async\" width=\"767\" height=\"465\" src=\"https:\/\/udruga-106br.hr\/wp-content\/uploads\/2026\/04\/Produzeni-vikend_24.4.2026.png\" alt=\"\" class=\"wp-image-7248\" srcset=\"https:\/\/udruga-106br.hr\/wp-content\/uploads\/2026\/04\/Produzeni-vikend_24.4.2026.png 767w, https:\/\/udruga-106br.hr\/wp-content\/uploads\/2026\/04\/Produzeni-vikend_24.4.2026-300x182.png 300w\" sizes=\"auto, (max-width: 767px) 100vw, 767px\" \/><\/figure>\n<!-- AddThis Advanced Settings generic via filter on the_content --><!-- AddThis Share Buttons generic via filter on the_content -->","protected":false},"excerpt":{"rendered":"<p>Prvi potpredsjednik Udruge veterana 106. brigade Osijek, \u017deljko Ko\u017eul, te po\u010dasni predsjednik Udruge veterana 106. brigade Osijek, Franjo Kor\u017einek, gostovali su 24. 4. 2026. godine u emisiji Osje\u010dke televizije \u201eProdu\u017eeni vikend\u201d. U emisiji su govorili o radu Udruge veterana 106. brigade Osijek, o\u010duvanju istine o Domovinskom ratu te va\u017enosti preno\u0161enja vrijednosti i iskustava na mla\u0111e &hellip; <a href=\"https:\/\/udruga-106br.hr\/index.php\/24-4-2026-gostovanje-u-emisiji-osjecke-televizije-produzeni-vikend\/\" class=\"more-link\">Nastavi \u010ditati <span class=\"screen-reader-text\">24.4.2026. &#8211; Gostovanje  u emisiji Osje\u010dke televizije \u201eProdu\u017eeni vikend\u201d<\/span><\/a><!-- AddThis Advanced Settings generic via filter on get_the_excerpt --><!-- AddThis Share Buttons generic via filter on get_the_excerpt --><\/p>\n","protected":false},"author":1,"featured_media":0,"comment_status":"open","ping_status":"closed","sticky":false,"template":"","format":"standard","meta":{"footnotes":""},"categories":[32],"tags":[],"class_list":["post-7247","post","type-post","status-publish","format-standard","hentry","category-iz-zivota-udruge"],"_links":{"self":[{"href":"https:\/\/udruga-106br.hr\/index.php\/wp-json\/wp\/v2\/posts\/7247","targetHints":{"allow":["GET"]}}],"collection":[{"href":"https:\/\/udruga-106br.hr\/index.php\/wp-json\/wp\/v2\/posts"}],"about":[{"href":"https:\/\/udruga-106br.hr\/index.php\/wp-json\/wp\/v2\/types\/post"}],"author":[{"embeddable":true,"href":"https:\/\/udruga-106br.hr\/index.php\/wp-json\/wp\/v2\/users\/1"}],"replies":[{"embeddable":true,"href":"https:\/\/udruga-106br.hr\/index.php\/wp-json\/wp\/v2\/comments?post=7247"}],"version-history":[{"count":1,"href":"https:\/\/udruga-106br.hr\/index.php\/wp-json\/wp\/v2\/posts\/7247\/revisions"}],"predecessor-version":[{"id":7249,"href":"https:\/\/udruga-106br.hr\/index.php\/wp-json\/wp\/v2\/posts\/7247\/revisions\/7249"}],"wp:attachment":[{"href":"https:\/\/udruga-106br.hr\/index.php\/wp-json\/wp\/v2\/media?parent=7247"}],"wp:term":[{"taxonomy":"category","embeddable":true,"href":"https:\/\/udruga-106br.hr\/index.php\/wp-json\/wp\/v2\/categories?post=7247"},{"taxonomy":"post_tag","embeddable":true,"href":"https:\/\/udruga-106br.hr\/index.php\/wp-json\/wp\/v2\/tags?post=7247"}],"curies":[{"name":"wp","href":"https:\/\/api.w.org\/{rel}","templated":true}]}}