{"id":7250,"date":"2026-04-28T15:03:27","date_gmt":"2026-04-28T13:03:27","guid":{"rendered":"https:\/\/udruga-106br.hr\/?p=7250"},"modified":"2026-04-28T15:03:28","modified_gmt":"2026-04-28T13:03:28","slug":"28-4-2026-obiljezavanje-35-obljetnice-osnutka-gardijske-brigade-kune","status":"publish","type":"post","link":"https:\/\/udruga-106br.hr\/index.php\/28-4-2026-obiljezavanje-35-obljetnice-osnutka-gardijske-brigade-kune\/","title":{"rendered":"28.4.2026. Obilje\u017eavanje 35. obljetnice osnutka gardijske brigade \u201eKune\u201c"},"content":{"rendered":"\n<p>Danas smo u Osijeku, polaganjem vijenaca i paljenjem svije\u0107a kod Spomen-obilje\u017eja poginulim pripadnicima 3. gardijske brigade \u201eKune\u201c, dostojanstveno obilje\u017eili 35. obljetnicu osnutka ove slavne slavonske brigade.<\/p>\n\n\n\n<p>U znak trajnog po\u0161tovanja i zahvalnosti prema hrvatskim braniteljima koji su svoje \u017eivote polo\u017eili za slobodu Domovine, vijence su polo\u017eili zamjenik gradona\u010delnika Grada Osijeka Dragan Vulin, \u017eupanica Osje\u010dko-baranjske \u017eupanije Nata\u0161a Trami\u0161ak, izaslanstva Hrvatske vojske i policije te predstavnici brojnih braniteljskih i stradalni\u010dkih udruga iz Domovinskog rata.<\/p>\n\n\n\n<p>Na\u0161 potpredsjednik Udruge, \u017deljko Ko\u017eul, zapalio je svije\u0107u zajedno s predstavnicima KUBIS-a i braniteljskim i stradalni\u010dkim udrugama iz Domovinskog rata, odaju\u0107i po\u010dast svim poginulim, nestalim i umrlim pripadnicima 3. gardijske brigade \u201eKune\u201c.<\/p>\n\n\n\n<p>S ponosom i pijetetom \u010duvamo uspomenu na njihovu \u017ertvu i doprinos stvaranju slobodne i neovisne Hrvatske.<\/p>\n\n\n\n<figure class=\"wp-block-gallery has-nested-images columns-default is-cropped wp-block-gallery-1 is-layout-flex wp-block-gallery-is-layout-flex\">\n<figure class=\"wp-block-image size-large\"><img loading=\"lazy\" decoding=\"async\" width=\"768\" height=\"1024\" data-id=\"7251\" src=\"https:\/\/udruga-106br.hr\/wp-content\/uploads\/2026\/04\/viber_slika_2026-04-28_10-13-10-279-768x1024.jpg\" alt=\"\" class=\"wp-image-7251\" srcset=\"https:\/\/udruga-106br.hr\/wp-content\/uploads\/2026\/04\/viber_slika_2026-04-28_10-13-10-279-768x1024.jpg 768w, https:\/\/udruga-106br.hr\/wp-content\/uploads\/2026\/04\/viber_slika_2026-04-28_10-13-10-279-225x300.jpg 225w, https:\/\/udruga-106br.hr\/wp-content\/uploads\/2026\/04\/viber_slika_2026-04-28_10-13-10-279-1152x1536.jpg 1152w, https:\/\/udruga-106br.hr\/wp-content\/uploads\/2026\/04\/viber_slika_2026-04-28_10-13-10-279.jpg 1200w\" sizes=\"auto, (max-width: 768px) 100vw, 768px\" \/><\/figure>\n\n\n\n<figure class=\"wp-block-image size-large\"><img loading=\"lazy\" decoding=\"async\" width=\"768\" height=\"1024\" data-id=\"7252\" src=\"https:\/\/udruga-106br.hr\/wp-content\/uploads\/2026\/04\/viber_slika_2026-04-28_10-13-10-526-768x1024.jpg\" alt=\"\" class=\"wp-image-7252\" srcset=\"https:\/\/udruga-106br.hr\/wp-content\/uploads\/2026\/04\/viber_slika_2026-04-28_10-13-10-526-768x1024.jpg 768w, https:\/\/udruga-106br.hr\/wp-content\/uploads\/2026\/04\/viber_slika_2026-04-28_10-13-10-526-225x300.jpg 225w, https:\/\/udruga-106br.hr\/wp-content\/uploads\/2026\/04\/viber_slika_2026-04-28_10-13-10-526-1152x1536.jpg 1152w, https:\/\/udruga-106br.hr\/wp-content\/uploads\/2026\/04\/viber_slika_2026-04-28_10-13-10-526.jpg 1200w\" sizes=\"auto, (max-width: 768px) 100vw, 768px\" \/><\/figure>\n\n\n\n<figure class=\"wp-block-image size-large\"><img loading=\"lazy\" decoding=\"async\" width=\"768\" height=\"1024\" data-id=\"7253\" src=\"https:\/\/udruga-106br.hr\/wp-content\/uploads\/2026\/04\/viber_slika_2026-04-28_10-13-10-628-768x1024.jpg\" alt=\"\" class=\"wp-image-7253\" srcset=\"https:\/\/udruga-106br.hr\/wp-content\/uploads\/2026\/04\/viber_slika_2026-04-28_10-13-10-628-768x1024.jpg 768w, https:\/\/udruga-106br.hr\/wp-content\/uploads\/2026\/04\/viber_slika_2026-04-28_10-13-10-628-225x300.jpg 225w, https:\/\/udruga-106br.hr\/wp-content\/uploads\/2026\/04\/viber_slika_2026-04-28_10-13-10-628-1152x1536.jpg 1152w, https:\/\/udruga-106br.hr\/wp-content\/uploads\/2026\/04\/viber_slika_2026-04-28_10-13-10-628.jpg 1200w\" sizes=\"auto, (max-width: 768px) 100vw, 768px\" \/><\/figure>\n\n\n\n<figure class=\"wp-block-image size-large\"><img loading=\"lazy\" decoding=\"async\" width=\"768\" height=\"1024\" data-id=\"7255\" src=\"https:\/\/udruga-106br.hr\/wp-content\/uploads\/2026\/04\/viber_slika_2026-04-28_10-13-10-943-768x1024.jpg\" alt=\"\" class=\"wp-image-7255\" srcset=\"https:\/\/udruga-106br.hr\/wp-content\/uploads\/2026\/04\/viber_slika_2026-04-28_10-13-10-943-768x1024.jpg 768w, https:\/\/udruga-106br.hr\/wp-content\/uploads\/2026\/04\/viber_slika_2026-04-28_10-13-10-943-225x300.jpg 225w, https:\/\/udruga-106br.hr\/wp-content\/uploads\/2026\/04\/viber_slika_2026-04-28_10-13-10-943-1152x1536.jpg 1152w, https:\/\/udruga-106br.hr\/wp-content\/uploads\/2026\/04\/viber_slika_2026-04-28_10-13-10-943.jpg 1200w\" sizes=\"auto, (max-width: 768px) 100vw, 768px\" \/><\/figure>\n\n\n\n<figure class=\"wp-block-image size-large\"><img loading=\"lazy\" decoding=\"async\" width=\"768\" height=\"1024\" data-id=\"7257\" src=\"https:\/\/udruga-106br.hr\/wp-content\/uploads\/2026\/04\/viber_slika_2026-04-28_10-13-11-369-768x1024.jpg\" alt=\"\" class=\"wp-image-7257\" srcset=\"https:\/\/udruga-106br.hr\/wp-content\/uploads\/2026\/04\/viber_slika_2026-04-28_10-13-11-369-768x1024.jpg 768w, https:\/\/udruga-106br.hr\/wp-content\/uploads\/2026\/04\/viber_slika_2026-04-28_10-13-11-369-225x300.jpg 225w, https:\/\/udruga-106br.hr\/wp-content\/uploads\/2026\/04\/viber_slika_2026-04-28_10-13-11-369-1152x1536.jpg 1152w, https:\/\/udruga-106br.hr\/wp-content\/uploads\/2026\/04\/viber_slika_2026-04-28_10-13-11-369.jpg 1200w\" sizes=\"auto, (max-width: 768px) 100vw, 768px\" \/><\/figure>\n\n\n\n<figure class=\"wp-block-image size-large\"><img loading=\"lazy\" decoding=\"async\" width=\"768\" height=\"1024\" data-id=\"7256\" src=\"https:\/\/udruga-106br.hr\/wp-content\/uploads\/2026\/04\/viber_slika_2026-04-28_10-13-11-456-768x1024.jpg\" alt=\"\" class=\"wp-image-7256\" srcset=\"https:\/\/udruga-106br.hr\/wp-content\/uploads\/2026\/04\/viber_slika_2026-04-28_10-13-11-456-768x1024.jpg 768w, https:\/\/udruga-106br.hr\/wp-content\/uploads\/2026\/04\/viber_slika_2026-04-28_10-13-11-456-225x300.jpg 225w, https:\/\/udruga-106br.hr\/wp-content\/uploads\/2026\/04\/viber_slika_2026-04-28_10-13-11-456-1152x1536.jpg 1152w, https:\/\/udruga-106br.hr\/wp-content\/uploads\/2026\/04\/viber_slika_2026-04-28_10-13-11-456.jpg 1200w\" sizes=\"auto, (max-width: 768px) 100vw, 768px\" \/><\/figure>\n\n\n\n<figure class=\"wp-block-image size-large\"><img loading=\"lazy\" decoding=\"async\" width=\"768\" height=\"1024\" data-id=\"7254\" src=\"https:\/\/udruga-106br.hr\/wp-content\/uploads\/2026\/04\/viber_slika_2026-04-28_10-13-11-926-768x1024.jpg\" alt=\"\" class=\"wp-image-7254\" srcset=\"https:\/\/udruga-106br.hr\/wp-content\/uploads\/2026\/04\/viber_slika_2026-04-28_10-13-11-926-768x1024.jpg 768w, https:\/\/udruga-106br.hr\/wp-content\/uploads\/2026\/04\/viber_slika_2026-04-28_10-13-11-926-225x300.jpg 225w, https:\/\/udruga-106br.hr\/wp-content\/uploads\/2026\/04\/viber_slika_2026-04-28_10-13-11-926-1152x1536.jpg 1152w, https:\/\/udruga-106br.hr\/wp-content\/uploads\/2026\/04\/viber_slika_2026-04-28_10-13-11-926.jpg 1200w\" sizes=\"auto, (max-width: 768px) 100vw, 768px\" \/><\/figure>\n\n\n\n<figure class=\"wp-block-image size-large\"><img loading=\"lazy\" decoding=\"async\" width=\"768\" height=\"1024\" data-id=\"7258\" src=\"https:\/\/udruga-106br.hr\/wp-content\/uploads\/2026\/04\/viber_slika_2026-04-28_10-13-12-101-768x1024.jpg\" alt=\"\" class=\"wp-image-7258\" srcset=\"https:\/\/udruga-106br.hr\/wp-content\/uploads\/2026\/04\/viber_slika_2026-04-28_10-13-12-101-768x1024.jpg 768w, https:\/\/udruga-106br.hr\/wp-content\/uploads\/2026\/04\/viber_slika_2026-04-28_10-13-12-101-225x300.jpg 225w, https:\/\/udruga-106br.hr\/wp-content\/uploads\/2026\/04\/viber_slika_2026-04-28_10-13-12-101-1152x1536.jpg 1152w, https:\/\/udruga-106br.hr\/wp-content\/uploads\/2026\/04\/viber_slika_2026-04-28_10-13-12-101.jpg 1200w\" sizes=\"auto, (max-width: 768px) 100vw, 768px\" \/><\/figure>\n<\/figure>\n<!-- AddThis Advanced Settings generic via filter on the_content --><!-- AddThis Share Buttons generic via filter on the_content -->","protected":false},"excerpt":{"rendered":"<p>Danas smo u Osijeku, polaganjem vijenaca i paljenjem svije\u0107a kod Spomen-obilje\u017eja poginulim pripadnicima 3. gardijske brigade \u201eKune\u201c, dostojanstveno obilje\u017eili 35. obljetnicu osnutka ove slavne slavonske brigade. U znak trajnog po\u0161tovanja i zahvalnosti prema hrvatskim braniteljima koji su svoje \u017eivote polo\u017eili za slobodu Domovine, vijence su polo\u017eili zamjenik gradona\u010delnika Grada Osijeka Dragan Vulin, \u017eupanica Osje\u010dko-baranjske \u017eupanije &hellip; <a href=\"https:\/\/udruga-106br.hr\/index.php\/28-4-2026-obiljezavanje-35-obljetnice-osnutka-gardijske-brigade-kune\/\" class=\"more-link\">Nastavi \u010ditati <span class=\"screen-reader-text\">28.4.2026. Obilje\u017eavanje 35. obljetnice osnutka gardijske brigade \u201eKune\u201c<\/span><\/a><!-- AddThis Advanced Settings generic via filter on get_the_excerpt --><!-- AddThis Share Buttons generic via filter on get_the_excerpt --><\/p>\n","protected":false},"author":1,"featured_media":0,"comment_status":"open","ping_status":"closed","sticky":false,"template":"","format":"standard","meta":{"footnotes":""},"categories":[32],"tags":[],"class_list":["post-7250","post","type-post","status-publish","format-standard","hentry","category-iz-zivota-udruge"],"_links":{"self":[{"href":"https:\/\/udruga-106br.hr\/index.php\/wp-json\/wp\/v2\/posts\/7250","targetHints":{"allow":["GET"]}}],"collection":[{"href":"https:\/\/udruga-106br.hr\/index.php\/wp-json\/wp\/v2\/posts"}],"about":[{"href":"https:\/\/udruga-106br.hr\/index.php\/wp-json\/wp\/v2\/types\/post"}],"author":[{"embeddable":true,"href":"https:\/\/udruga-106br.hr\/index.php\/wp-json\/wp\/v2\/users\/1"}],"replies":[{"embeddable":true,"href":"https:\/\/udruga-106br.hr\/index.php\/wp-json\/wp\/v2\/comments?post=7250"}],"version-history":[{"count":1,"href":"https:\/\/udruga-106br.hr\/index.php\/wp-json\/wp\/v2\/posts\/7250\/revisions"}],"predecessor-version":[{"id":7259,"href":"https:\/\/udruga-106br.hr\/index.php\/wp-json\/wp\/v2\/posts\/7250\/revisions\/7259"}],"wp:attachment":[{"href":"https:\/\/udruga-106br.hr\/index.php\/wp-json\/wp\/v2\/media?parent=7250"}],"wp:term":[{"taxonomy":"category","embeddable":true,"href":"https:\/\/udruga-106br.hr\/index.php\/wp-json\/wp\/v2\/categories?post=7250"},{"taxonomy":"post_tag","embeddable":true,"href":"https:\/\/udruga-106br.hr\/index.php\/wp-json\/wp\/v2\/tags?post=7250"}],"curies":[{"name":"wp","href":"https:\/\/api.w.org\/{rel}","templated":true}]}}