{"id":7260,"date":"2026-04-30T07:01:13","date_gmt":"2026-04-30T05:01:13","guid":{"rendered":"https:\/\/udruga-106br.hr\/?p=7260"},"modified":"2026-04-30T07:01:13","modified_gmt":"2026-04-30T05:01:13","slug":"sjecanje-na-drazena-milicevica-2","status":"publish","type":"post","link":"https:\/\/udruga-106br.hr\/index.php\/sjecanje-na-drazena-milicevica-2\/","title":{"rendered":"Sje\u0107anje na Dra\u017eena Mili\u010devi\u0107a"},"content":{"rendered":"<div class=\"wp-block-image\">\n<figure class=\"aligncenter size-full is-resized\"><img loading=\"lazy\" decoding=\"async\" width=\"603\" height=\"1080\" src=\"https:\/\/udruga-106br.hr\/wp-content\/uploads\/2025\/10\/3_Vjecni_plamen_GIF.gif\" alt=\"\" class=\"wp-image-6062\" style=\"width:194px;height:auto\"\/><\/figure><\/div>\n\n\n<p>Na dana\u0161nji dan, <strong>30. travnja<\/strong>, prisje\u0107amo se na\u0161eg suborca, <strong>Dra\u017eena Mili\u010devi\u0107a<\/strong>, pripadnika 106. brigade ZNG RH Osijek, koji je polo\u017eio svoj \u017eivot brane\u0107i Domovinu.<\/p>\n\n\n\n<p>Njegova \u017ertva ostaje trajna opomena o cijeni slobode koju danas \u017eivimo, a njegovo ime \u017eivi u srcima svih nas koji nismo zaboravili.<\/p>\n\n\n\n<p class=\"has-text-align-center\">Pozivamo sve koji mogu, da danas zapale svije\u0107u na mjestu njegova po\u010divali\u0161ta, <strong>&#8220;GROBLJE VI\u0160NJEVAC&#8221;,,VII,2,26,652,<\/strong> ili u svom domu \u2013 u ti\u0161ini i zahvalnosti. Neka svjetlost plamena bude znak da i dalje bdijemo nad uspomenom na na\u0161e heroje.<\/p>\n\n\n\n<p class=\"has-text-align-center\"><strong>Dra\u017een Mili\u010devi\u0107 \u2013 hvala ti. Tvoja \u017ertva ne\u0107e biti zaboravljena.<\/strong><br>Neka mu je vje\u010dna slava i mir.<\/p>\n\n\n<div class=\"wp-block-image\">\n<figure class=\"aligncenter size-large is-resized\"><img loading=\"lazy\" decoding=\"async\" width=\"577\" height=\"1024\" src=\"https:\/\/udruga-106br.hr\/wp-content\/uploads\/2026\/04\/20260428_183328-577x1024.jpg\" alt=\"\" class=\"wp-image-7261\" style=\"width:400px;height:auto\" srcset=\"https:\/\/udruga-106br.hr\/wp-content\/uploads\/2026\/04\/20260428_183328-577x1024.jpg 577w, https:\/\/udruga-106br.hr\/wp-content\/uploads\/2026\/04\/20260428_183328-169x300.jpg 169w, https:\/\/udruga-106br.hr\/wp-content\/uploads\/2026\/04\/20260428_183328-768x1364.jpg 768w, https:\/\/udruga-106br.hr\/wp-content\/uploads\/2026\/04\/20260428_183328-865x1536.jpg 865w, https:\/\/udruga-106br.hr\/wp-content\/uploads\/2026\/04\/20260428_183328-1153x2048.jpg 1153w, https:\/\/udruga-106br.hr\/wp-content\/uploads\/2026\/04\/20260428_183328-scaled.jpg 1441w\" sizes=\"auto, (max-width: 577px) 100vw, 577px\" \/><\/figure><\/div><!-- AddThis Advanced Settings generic via filter on the_content --><!-- AddThis Share Buttons generic via filter on the_content -->","protected":false},"excerpt":{"rendered":"<p>Na dana\u0161nji dan, 30. travnja, prisje\u0107amo se na\u0161eg suborca, Dra\u017eena Mili\u010devi\u0107a, pripadnika 106. brigade ZNG RH Osijek, koji je polo\u017eio svoj \u017eivot brane\u0107i Domovinu. Njegova \u017ertva ostaje trajna opomena o cijeni slobode koju danas \u017eivimo, a njegovo ime \u017eivi u srcima svih nas koji nismo zaboravili. Pozivamo sve koji mogu, da danas zapale svije\u0107u na &hellip; <a href=\"https:\/\/udruga-106br.hr\/index.php\/sjecanje-na-drazena-milicevica-2\/\" class=\"more-link\">Nastavi \u010ditati <span class=\"screen-reader-text\">Sje\u0107anje na Dra\u017eena Mili\u010devi\u0107a<\/span><\/a><!-- AddThis Advanced Settings generic via filter on get_the_excerpt --><!-- AddThis Share Buttons generic via filter on get_the_excerpt --><\/p>\n","protected":false},"author":2,"featured_media":0,"comment_status":"open","ping_status":"closed","sticky":false,"template":"","format":"standard","meta":{"footnotes":""},"categories":[29],"tags":[],"class_list":["post-7260","post","type-post","status-publish","format-standard","hentry","category-obiljezavanje-godisnjice-pogibije"],"_links":{"self":[{"href":"https:\/\/udruga-106br.hr\/index.php\/wp-json\/wp\/v2\/posts\/7260","targetHints":{"allow":["GET"]}}],"collection":[{"href":"https:\/\/udruga-106br.hr\/index.php\/wp-json\/wp\/v2\/posts"}],"about":[{"href":"https:\/\/udruga-106br.hr\/index.php\/wp-json\/wp\/v2\/types\/post"}],"author":[{"embeddable":true,"href":"https:\/\/udruga-106br.hr\/index.php\/wp-json\/wp\/v2\/users\/2"}],"replies":[{"embeddable":true,"href":"https:\/\/udruga-106br.hr\/index.php\/wp-json\/wp\/v2\/comments?post=7260"}],"version-history":[{"count":1,"href":"https:\/\/udruga-106br.hr\/index.php\/wp-json\/wp\/v2\/posts\/7260\/revisions"}],"predecessor-version":[{"id":7262,"href":"https:\/\/udruga-106br.hr\/index.php\/wp-json\/wp\/v2\/posts\/7260\/revisions\/7262"}],"wp:attachment":[{"href":"https:\/\/udruga-106br.hr\/index.php\/wp-json\/wp\/v2\/media?parent=7260"}],"wp:term":[{"taxonomy":"category","embeddable":true,"href":"https:\/\/udruga-106br.hr\/index.php\/wp-json\/wp\/v2\/categories?post=7260"},{"taxonomy":"post_tag","embeddable":true,"href":"https:\/\/udruga-106br.hr\/index.php\/wp-json\/wp\/v2\/tags?post=7260"}],"curies":[{"name":"wp","href":"https:\/\/api.w.org\/{rel}","templated":true}]}}