{"id":7264,"date":"2026-04-29T17:11:00","date_gmt":"2026-04-29T15:11:00","guid":{"rendered":"https:\/\/udruga-106br.hr\/?p=7264"},"modified":"2026-04-30T08:12:41","modified_gmt":"2026-04-30T06:12:41","slug":"obiljezen-dan-otvorenih-vrata-10-godina-djelovanja-udruge-veterana-106-brigade-osijek-29-4-2026","status":"publish","type":"post","link":"https:\/\/udruga-106br.hr\/index.php\/obiljezen-dan-otvorenih-vrata-10-godina-djelovanja-udruge-veterana-106-brigade-osijek-29-4-2026\/","title":{"rendered":"Obilje\u017een Dan otvorenih vrata \u2013 10 godina djelovanja Udruge veterana 106. brigade Osijek \u2013 29.4.2026."},"content":{"rendered":"\n<p>Danas smo s ponosom obilje\u017eili 10. godinu od osnutka Udruge veterana 106. brigade Osijek!<\/p>\n\n\n\n<p>Bilo je to posebno dru\u017eenje ispunjeno zajedni\u0161tvom, uspomenama i ponosom na sve \u0161to smo zajedno stvarali kroz proteklo desetlje\u0107e. Prisjetili smo se ratnog puta, prijateljstva i vrijednosti koje nas povezuju \u2013 ljubavi prema Domovini, istine o Domovinskom ratu i po\u0161tovanja prema svim hrvatskim braniteljima.<\/p>\n\n\n\n<p>Posebnu zahvalnost upu\u0107ujemo svim \u010dlanovima, prijateljima i gostima koji su svojim dolaskom uveli\u010dali ovaj va\u017ean dan.<\/p>\n\n\n\n<p>U 8.30h okupili smo se kako bismo se prisjetili na\u0161ih suboraca, prijatelja i pripadnika 106. brigade ZNG RH &#8211; nestalih i poginulih hrvatskih branitelja te u njihov spomen i \u010dast upalili svije\u0107e kod kri\u017ea na Kraljici mira.<br>Vrata na\u0161e Udruge i Spomen sobe poginulih i nestalih pripadnika 106. brigade bila su otvorena do 16.30h te smo sve lijepo ugostili, primili nove \u010dlanove u na\u0161u Udrugu te se me\u0111usobno podru\u017eili.<\/p>\n\n\n\n<p>Uz ugodno dru\u017eenje, u\u017eivali smo i u slasnom grahu koji su s puno truda i srca pripremili na\u0161i \u010dlanovi \u2013 jer najbolja okupljanja uvijek su uz dobru atmosferu i doma\u0107u \u017elicu! <\/p>\n\n\n\n<p>Hvala svima koji su dio na\u0161e pri\u010de ve\u0107 10 godina \u2013 zajedno nastavljamo \u010duvati istinu, uspomene i vrijednosti za budu\u0107e generacije.<\/p>\n\n\n\n<figure class=\"wp-block-gallery has-nested-images columns-default is-cropped wp-block-gallery-1 is-layout-flex wp-block-gallery-is-layout-flex\">\n<figure class=\"wp-block-image size-large\"><img loading=\"lazy\" decoding=\"async\" width=\"577\" height=\"1024\" data-id=\"7271\" src=\"https:\/\/udruga-106br.hr\/wp-content\/uploads\/2026\/04\/viber_slika_2026-04-29_08-57-32-502-577x1024.jpg\" alt=\"\" class=\"wp-image-7271\" srcset=\"https:\/\/udruga-106br.hr\/wp-content\/uploads\/2026\/04\/viber_slika_2026-04-29_08-57-32-502-577x1024.jpg 577w, https:\/\/udruga-106br.hr\/wp-content\/uploads\/2026\/04\/viber_slika_2026-04-29_08-57-32-502-169x300.jpg 169w, https:\/\/udruga-106br.hr\/wp-content\/uploads\/2026\/04\/viber_slika_2026-04-29_08-57-32-502-768x1364.jpg 768w, https:\/\/udruga-106br.hr\/wp-content\/uploads\/2026\/04\/viber_slika_2026-04-29_08-57-32-502-865x1536.jpg 865w, https:\/\/udruga-106br.hr\/wp-content\/uploads\/2026\/04\/viber_slika_2026-04-29_08-57-32-502.jpg 901w\" sizes=\"auto, (max-width: 577px) 100vw, 577px\" \/><\/figure>\n\n\n\n<figure class=\"wp-block-image size-large\"><img loading=\"lazy\" decoding=\"async\" width=\"1024\" height=\"577\" data-id=\"7268\" src=\"https:\/\/udruga-106br.hr\/wp-content\/uploads\/2026\/04\/viber_slika_2026-04-29_08-57-32-551-1024x577.jpg\" alt=\"\" class=\"wp-image-7268\" srcset=\"https:\/\/udruga-106br.hr\/wp-content\/uploads\/2026\/04\/viber_slika_2026-04-29_08-57-32-551-1024x577.jpg 1024w, https:\/\/udruga-106br.hr\/wp-content\/uploads\/2026\/04\/viber_slika_2026-04-29_08-57-32-551-300x169.jpg 300w, https:\/\/udruga-106br.hr\/wp-content\/uploads\/2026\/04\/viber_slika_2026-04-29_08-57-32-551-768x432.jpg 768w, https:\/\/udruga-106br.hr\/wp-content\/uploads\/2026\/04\/viber_slika_2026-04-29_08-57-32-551-1536x865.jpg 1536w, https:\/\/udruga-106br.hr\/wp-content\/uploads\/2026\/04\/viber_slika_2026-04-29_08-57-32-551.jpg 1600w\" sizes=\"auto, (max-width: 1024px) 100vw, 1024px\" \/><\/figure>\n\n\n\n<figure class=\"wp-block-image size-large\"><img loading=\"lazy\" decoding=\"async\" width=\"1024\" height=\"577\" data-id=\"7267\" src=\"https:\/\/udruga-106br.hr\/wp-content\/uploads\/2026\/04\/viber_slika_2026-04-29_08-57-32-583-1024x577.jpg\" alt=\"\" class=\"wp-image-7267\" srcset=\"https:\/\/udruga-106br.hr\/wp-content\/uploads\/2026\/04\/viber_slika_2026-04-29_08-57-32-583-1024x577.jpg 1024w, https:\/\/udruga-106br.hr\/wp-content\/uploads\/2026\/04\/viber_slika_2026-04-29_08-57-32-583-300x169.jpg 300w, https:\/\/udruga-106br.hr\/wp-content\/uploads\/2026\/04\/viber_slika_2026-04-29_08-57-32-583-768x432.jpg 768w, https:\/\/udruga-106br.hr\/wp-content\/uploads\/2026\/04\/viber_slika_2026-04-29_08-57-32-583-1536x865.jpg 1536w, https:\/\/udruga-106br.hr\/wp-content\/uploads\/2026\/04\/viber_slika_2026-04-29_08-57-32-583.jpg 1600w\" sizes=\"auto, (max-width: 1024px) 100vw, 1024px\" \/><\/figure>\n\n\n\n<figure class=\"wp-block-image size-large\"><img loading=\"lazy\" decoding=\"async\" width=\"1024\" height=\"577\" data-id=\"7270\" src=\"https:\/\/udruga-106br.hr\/wp-content\/uploads\/2026\/04\/viber_slika_2026-04-29_08-57-32-698-1024x577.jpg\" alt=\"\" class=\"wp-image-7270\" srcset=\"https:\/\/udruga-106br.hr\/wp-content\/uploads\/2026\/04\/viber_slika_2026-04-29_08-57-32-698-1024x577.jpg 1024w, https:\/\/udruga-106br.hr\/wp-content\/uploads\/2026\/04\/viber_slika_2026-04-29_08-57-32-698-300x169.jpg 300w, https:\/\/udruga-106br.hr\/wp-content\/uploads\/2026\/04\/viber_slika_2026-04-29_08-57-32-698-768x432.jpg 768w, https:\/\/udruga-106br.hr\/wp-content\/uploads\/2026\/04\/viber_slika_2026-04-29_08-57-32-698-1536x865.jpg 1536w, https:\/\/udruga-106br.hr\/wp-content\/uploads\/2026\/04\/viber_slika_2026-04-29_08-57-32-698.jpg 1600w\" sizes=\"auto, (max-width: 1024px) 100vw, 1024px\" \/><\/figure>\n\n\n\n<figure class=\"wp-block-image size-large\"><img loading=\"lazy\" decoding=\"async\" width=\"1024\" height=\"577\" data-id=\"7266\" src=\"https:\/\/udruga-106br.hr\/wp-content\/uploads\/2026\/04\/viber_slika_2026-04-29_08-57-32-756-1024x577.jpg\" alt=\"\" class=\"wp-image-7266\" srcset=\"https:\/\/udruga-106br.hr\/wp-content\/uploads\/2026\/04\/viber_slika_2026-04-29_08-57-32-756-1024x577.jpg 1024w, https:\/\/udruga-106br.hr\/wp-content\/uploads\/2026\/04\/viber_slika_2026-04-29_08-57-32-756-300x169.jpg 300w, https:\/\/udruga-106br.hr\/wp-content\/uploads\/2026\/04\/viber_slika_2026-04-29_08-57-32-756-768x432.jpg 768w, https:\/\/udruga-106br.hr\/wp-content\/uploads\/2026\/04\/viber_slika_2026-04-29_08-57-32-756-1536x865.jpg 1536w, https:\/\/udruga-106br.hr\/wp-content\/uploads\/2026\/04\/viber_slika_2026-04-29_08-57-32-756.jpg 1600w\" sizes=\"auto, (max-width: 1024px) 100vw, 1024px\" \/><\/figure>\n\n\n\n<figure class=\"wp-block-image size-large\"><img loading=\"lazy\" decoding=\"async\" width=\"1024\" height=\"577\" data-id=\"7269\" src=\"https:\/\/udruga-106br.hr\/wp-content\/uploads\/2026\/04\/viber_slika_2026-04-29_08-57-32-914-1024x577.jpg\" alt=\"\" class=\"wp-image-7269\" srcset=\"https:\/\/udruga-106br.hr\/wp-content\/uploads\/2026\/04\/viber_slika_2026-04-29_08-57-32-914-1024x577.jpg 1024w, https:\/\/udruga-106br.hr\/wp-content\/uploads\/2026\/04\/viber_slika_2026-04-29_08-57-32-914-300x169.jpg 300w, https:\/\/udruga-106br.hr\/wp-content\/uploads\/2026\/04\/viber_slika_2026-04-29_08-57-32-914-768x432.jpg 768w, https:\/\/udruga-106br.hr\/wp-content\/uploads\/2026\/04\/viber_slika_2026-04-29_08-57-32-914-1536x865.jpg 1536w, https:\/\/udruga-106br.hr\/wp-content\/uploads\/2026\/04\/viber_slika_2026-04-29_08-57-32-914.jpg 1600w\" sizes=\"auto, (max-width: 1024px) 100vw, 1024px\" \/><\/figure>\n\n\n\n<figure class=\"wp-block-image size-large\"><img loading=\"lazy\" decoding=\"async\" width=\"1024\" height=\"577\" data-id=\"7273\" src=\"https:\/\/udruga-106br.hr\/wp-content\/uploads\/2026\/04\/viber_slika_2026-04-29_08-57-33-060-1024x577.jpg\" alt=\"\" class=\"wp-image-7273\" srcset=\"https:\/\/udruga-106br.hr\/wp-content\/uploads\/2026\/04\/viber_slika_2026-04-29_08-57-33-060-1024x577.jpg 1024w, https:\/\/udruga-106br.hr\/wp-content\/uploads\/2026\/04\/viber_slika_2026-04-29_08-57-33-060-300x169.jpg 300w, https:\/\/udruga-106br.hr\/wp-content\/uploads\/2026\/04\/viber_slika_2026-04-29_08-57-33-060-768x432.jpg 768w, https:\/\/udruga-106br.hr\/wp-content\/uploads\/2026\/04\/viber_slika_2026-04-29_08-57-33-060-1536x865.jpg 1536w, https:\/\/udruga-106br.hr\/wp-content\/uploads\/2026\/04\/viber_slika_2026-04-29_08-57-33-060.jpg 1600w\" sizes=\"auto, (max-width: 1024px) 100vw, 1024px\" \/><\/figure>\n\n\n\n<figure class=\"wp-block-image size-large\"><img loading=\"lazy\" decoding=\"async\" width=\"1024\" height=\"884\" data-id=\"7272\" src=\"https:\/\/udruga-106br.hr\/wp-content\/uploads\/2026\/04\/viber_slika_2026-04-29_16-04-13-649-1024x884.jpg\" alt=\"\" class=\"wp-image-7272\" srcset=\"https:\/\/udruga-106br.hr\/wp-content\/uploads\/2026\/04\/viber_slika_2026-04-29_16-04-13-649-1024x884.jpg 1024w, https:\/\/udruga-106br.hr\/wp-content\/uploads\/2026\/04\/viber_slika_2026-04-29_16-04-13-649-300x259.jpg 300w, https:\/\/udruga-106br.hr\/wp-content\/uploads\/2026\/04\/viber_slika_2026-04-29_16-04-13-649-768x663.jpg 768w, https:\/\/udruga-106br.hr\/wp-content\/uploads\/2026\/04\/viber_slika_2026-04-29_16-04-13-649-1536x1327.jpg 1536w, https:\/\/udruga-106br.hr\/wp-content\/uploads\/2026\/04\/viber_slika_2026-04-29_16-04-13-649.jpg 1600w\" sizes=\"auto, (max-width: 1024px) 100vw, 1024px\" \/><\/figure>\n<\/figure>\n<!-- AddThis Advanced Settings generic via filter on the_content --><!-- AddThis Share Buttons generic via filter on the_content -->","protected":false},"excerpt":{"rendered":"<p>Danas smo s ponosom obilje\u017eili 10. godinu od osnutka Udruge veterana 106. brigade Osijek! Bilo je to posebno dru\u017eenje ispunjeno zajedni\u0161tvom, uspomenama i ponosom na sve \u0161to smo zajedno stvarali kroz proteklo desetlje\u0107e. Prisjetili smo se ratnog puta, prijateljstva i vrijednosti koje nas povezuju \u2013 ljubavi prema Domovini, istine o Domovinskom ratu i po\u0161tovanja prema &hellip; <a href=\"https:\/\/udruga-106br.hr\/index.php\/obiljezen-dan-otvorenih-vrata-10-godina-djelovanja-udruge-veterana-106-brigade-osijek-29-4-2026\/\" class=\"more-link\">Nastavi \u010ditati <span class=\"screen-reader-text\">Obilje\u017een Dan otvorenih vrata \u2013 10 godina djelovanja Udruge veterana 106. brigade Osijek \u2013 29.4.2026.<\/span><\/a><!-- AddThis Advanced Settings generic via filter on get_the_excerpt --><!-- AddThis Share Buttons generic via filter on get_the_excerpt --><\/p>\n","protected":false},"author":1,"featured_media":0,"comment_status":"open","ping_status":"closed","sticky":false,"template":"","format":"standard","meta":{"footnotes":""},"categories":[32],"tags":[],"class_list":["post-7264","post","type-post","status-publish","format-standard","hentry","category-iz-zivota-udruge"],"_links":{"self":[{"href":"https:\/\/udruga-106br.hr\/index.php\/wp-json\/wp\/v2\/posts\/7264","targetHints":{"allow":["GET"]}}],"collection":[{"href":"https:\/\/udruga-106br.hr\/index.php\/wp-json\/wp\/v2\/posts"}],"about":[{"href":"https:\/\/udruga-106br.hr\/index.php\/wp-json\/wp\/v2\/types\/post"}],"author":[{"embeddable":true,"href":"https:\/\/udruga-106br.hr\/index.php\/wp-json\/wp\/v2\/users\/1"}],"replies":[{"embeddable":true,"href":"https:\/\/udruga-106br.hr\/index.php\/wp-json\/wp\/v2\/comments?post=7264"}],"version-history":[{"count":2,"href":"https:\/\/udruga-106br.hr\/index.php\/wp-json\/wp\/v2\/posts\/7264\/revisions"}],"predecessor-version":[{"id":7274,"href":"https:\/\/udruga-106br.hr\/index.php\/wp-json\/wp\/v2\/posts\/7264\/revisions\/7274"}],"wp:attachment":[{"href":"https:\/\/udruga-106br.hr\/index.php\/wp-json\/wp\/v2\/media?parent=7264"}],"wp:term":[{"taxonomy":"category","embeddable":true,"href":"https:\/\/udruga-106br.hr\/index.php\/wp-json\/wp\/v2\/categories?post=7264"},{"taxonomy":"post_tag","embeddable":true,"href":"https:\/\/udruga-106br.hr\/index.php\/wp-json\/wp\/v2\/tags?post=7264"}],"curies":[{"name":"wp","href":"https:\/\/api.w.org\/{rel}","templated":true}]}}