{"id":7275,"date":"2026-05-01T10:35:49","date_gmt":"2026-05-01T08:35:49","guid":{"rendered":"https:\/\/udruga-106br.hr\/?p=7275"},"modified":"2026-05-01T10:35:49","modified_gmt":"2026-05-01T08:35:49","slug":"vro-bljesak-01-05-1995","status":"publish","type":"post","link":"https:\/\/udruga-106br.hr\/index.php\/vro-bljesak-01-05-1995\/","title":{"rendered":"VRO Bljesak &#8211; 01.05.1995."},"content":{"rendered":"\n<p>Prvog svibnja 1995. zapo\u010dela je VRO Bljesak \u2013 jedna od klju\u010dnih operacija kojom je Hrvatska pokazala snagu, odlu\u010dnost i jedinstvo u borbi za slobodu.<\/p>\n\n\n\n<p>U manje od 32 sata, vi\u0161e od 7200 pripadnika Hrvatske vojske i policije oslobodilo je vi\u0161e od 500 km\u00b2 okupiranog teritorija te vratilo hrvatsku zastavu nad Jasenovac, Oku\u010dane i Staru Gradi\u0161ku, oslobo\u0111ena je zapadna Slavonija, a Hrvatska vojska potvrdila je svoju spremnost za zavr\u0161ne korake prema potpunoj slobodi i teritorijalnoj cjelovitosti domovine.<\/p>\n\n\n\n<p>Ova veli\u010danstvena pobjeda rezultat je hrabrosti, zajedni\u0161tva i domoljublja hrvatskih branitelja. <\/p>\n\n\n\n<p>S ponosom i pijetetom prisje\u0107amo se svih hrvatskih branitelja, a s posebnim pijetetom prisje\u0107amo se svih onih koji su svoje \u017eivote utkali u temelje na\u0161e slobode, u temelje slobodne i neovisne Republike Hrvatske.<\/p>\n\n\n\n<p>Neka danas hrvatske zastave budu znak zahvalnosti, ponosa i zajedni\u0161tva \u2013 podignimo ih i neka se vijore u \u010dast svima koji su nam darovali slobodu.             Istaknimo hrvatske zastave i neka se ponosno vijore \u2013 jo\u0161 uvijek nije kasno pokazati zahvalnost i zajedni\u0161tvo.<\/p>\n\n\n\n<figure class=\"wp-block-gallery has-nested-images columns-default is-cropped wp-block-gallery-1 is-layout-flex wp-block-gallery-is-layout-flex\">\n<figure class=\"wp-block-image size-large\"><img loading=\"lazy\" decoding=\"async\" width=\"1024\" height=\"768\" data-id=\"7278\" src=\"https:\/\/udruga-106br.hr\/wp-content\/uploads\/2026\/05\/zastava-1-1024x768.jpg\" alt=\"\" class=\"wp-image-7278\" srcset=\"https:\/\/udruga-106br.hr\/wp-content\/uploads\/2026\/05\/zastava-1-1024x768.jpg 1024w, https:\/\/udruga-106br.hr\/wp-content\/uploads\/2026\/05\/zastava-1-300x225.jpg 300w, https:\/\/udruga-106br.hr\/wp-content\/uploads\/2026\/05\/zastava-1-768x576.jpg 768w, https:\/\/udruga-106br.hr\/wp-content\/uploads\/2026\/05\/zastava-1-1536x1152.jpg 1536w, https:\/\/udruga-106br.hr\/wp-content\/uploads\/2026\/05\/zastava-1-2048x1536.jpg 2048w\" sizes=\"auto, (max-width: 1024px) 100vw, 1024px\" \/><\/figure>\n\n\n\n<figure class=\"wp-block-image size-large\"><img loading=\"lazy\" decoding=\"async\" width=\"768\" height=\"1024\" data-id=\"7277\" src=\"https:\/\/udruga-106br.hr\/wp-content\/uploads\/2026\/05\/zastava1-768x1024.jpg\" alt=\"\" class=\"wp-image-7277\" srcset=\"https:\/\/udruga-106br.hr\/wp-content\/uploads\/2026\/05\/zastava1-768x1024.jpg 768w, https:\/\/udruga-106br.hr\/wp-content\/uploads\/2026\/05\/zastava1-225x300.jpg 225w, https:\/\/udruga-106br.hr\/wp-content\/uploads\/2026\/05\/zastava1-1152x1536.jpg 1152w, https:\/\/udruga-106br.hr\/wp-content\/uploads\/2026\/05\/zastava1.jpg 1200w\" sizes=\"auto, (max-width: 768px) 100vw, 768px\" \/><\/figure>\n<\/figure>\n<!-- AddThis Advanced Settings generic via filter on the_content --><!-- AddThis Share Buttons generic via filter on the_content -->","protected":false},"excerpt":{"rendered":"<p>Prvog svibnja 1995. zapo\u010dela je VRO Bljesak \u2013 jedna od klju\u010dnih operacija kojom je Hrvatska pokazala snagu, odlu\u010dnost i jedinstvo u borbi za slobodu. U manje od 32 sata, vi\u0161e od 7200 pripadnika Hrvatske vojske i policije oslobodilo je vi\u0161e od 500 km\u00b2 okupiranog teritorija te vratilo hrvatsku zastavu nad Jasenovac, Oku\u010dane i Staru Gradi\u0161ku, &hellip; <a href=\"https:\/\/udruga-106br.hr\/index.php\/vro-bljesak-01-05-1995\/\" class=\"more-link\">Nastavi \u010ditati <span class=\"screen-reader-text\">VRO Bljesak &#8211; 01.05.1995.<\/span><\/a><!-- AddThis Advanced Settings generic via filter on get_the_excerpt --><!-- AddThis Share Buttons generic via filter on get_the_excerpt --><\/p>\n","protected":false},"author":1,"featured_media":0,"comment_status":"open","ping_status":"closed","sticky":false,"template":"","format":"standard","meta":{"footnotes":""},"categories":[32],"tags":[],"class_list":["post-7275","post","type-post","status-publish","format-standard","hentry","category-iz-zivota-udruge"],"_links":{"self":[{"href":"https:\/\/udruga-106br.hr\/index.php\/wp-json\/wp\/v2\/posts\/7275","targetHints":{"allow":["GET"]}}],"collection":[{"href":"https:\/\/udruga-106br.hr\/index.php\/wp-json\/wp\/v2\/posts"}],"about":[{"href":"https:\/\/udruga-106br.hr\/index.php\/wp-json\/wp\/v2\/types\/post"}],"author":[{"embeddable":true,"href":"https:\/\/udruga-106br.hr\/index.php\/wp-json\/wp\/v2\/users\/1"}],"replies":[{"embeddable":true,"href":"https:\/\/udruga-106br.hr\/index.php\/wp-json\/wp\/v2\/comments?post=7275"}],"version-history":[{"count":1,"href":"https:\/\/udruga-106br.hr\/index.php\/wp-json\/wp\/v2\/posts\/7275\/revisions"}],"predecessor-version":[{"id":7279,"href":"https:\/\/udruga-106br.hr\/index.php\/wp-json\/wp\/v2\/posts\/7275\/revisions\/7279"}],"wp:attachment":[{"href":"https:\/\/udruga-106br.hr\/index.php\/wp-json\/wp\/v2\/media?parent=7275"}],"wp:term":[{"taxonomy":"category","embeddable":true,"href":"https:\/\/udruga-106br.hr\/index.php\/wp-json\/wp\/v2\/categories?post=7275"},{"taxonomy":"post_tag","embeddable":true,"href":"https:\/\/udruga-106br.hr\/index.php\/wp-json\/wp\/v2\/tags?post=7275"}],"curies":[{"name":"wp","href":"https:\/\/api.w.org\/{rel}","templated":true}]}}