{"id":81,"date":"2017-05-12T11:05:27","date_gmt":"2017-05-12T09:05:27","guid":{"rendered":"http:\/\/localhost\/web_106_brigada\/?p=81"},"modified":"2025-10-17T19:32:12","modified_gmt":"2025-10-17T17:32:12","slug":"uredenje-prostora-udruge","status":"publish","type":"post","link":"https:\/\/udruga-106br.hr\/index.php\/uredenje-prostora-udruge\/","title":{"rendered":"Ure\u0111enje prostora Udruge"},"content":{"rendered":"<div id=\"js_1e7\" class=\"_5pbx userContent\" data-ft=\"{&quot;tn&quot;:&quot;K&quot;}\">\n<div id=\"id_591579935465b1847522987\" class=\"text_exposed_root text_exposed\">\n<p>Ajmo, dragovoljci, i svi oni koji se tako osje\u0107aju!<\/p>\n<p>Predla\u017eem mali predah od lova na Pokemone.<\/p>\n<p>Ure\u0111enje prostora Udruge je u tijeku. Na gornjim fotografijama je trenutno stanje s jutrom 21. srpnja.<span class=\"text_exposed_show\"><br \/>\n\u017durno su nam potrebni, jo\u0161 ju\u010der, svi oni koji imaju VPD soboslikara-li\u010dioca.<\/span><\/p>\n<div class=\"text_exposed_show\">\n<p>Ma, uop\u0107e nije va\u017ean VPD, niti stru\u010dna sprema \u2013 samo do\u0111ite i pomozite.<\/p>\n<p>Prvi koji stigne od 09:10 do 09:45 sati 22. srpnja o.g. ispred slu\u017ebenog ulaza OLT-a na adresi Kralja Petra Sva\u010di\u0107a 4 dobiva majicu s logom 106. brigade.<\/p>\n<p>Za detaljnije informacije: Franjo Wertag, mob<span style=\"font-size: 1rem;\">itel<\/span><span style=\"font-size: 1rem;\">\u00a00919028669<\/span><\/p>\n<\/div>\n<\/div>\n<\/div>\n<div class=\"_3x-2\"><\/div>\n<!-- AddThis Advanced Settings generic via filter on the_content --><!-- AddThis Share Buttons generic via filter on the_content -->","protected":false},"excerpt":{"rendered":"<p>Ajmo, dragovoljci, i svi oni koji se tako osje\u0107aju! Predla\u017eem mali predah od lova na Pokemone. Ure\u0111enje prostora Udruge je u tijeku. Na gornjim fotografijama je trenutno stanje s jutrom 21. srpnja. \u017durno su nam potrebni, jo\u0161 ju\u010der, svi oni koji imaju VPD soboslikara-li\u010dioca. Ma, uop\u0107e nije va\u017ean VPD, niti stru\u010dna sprema \u2013 samo do\u0111ite &hellip; <a href=\"https:\/\/udruga-106br.hr\/index.php\/uredenje-prostora-udruge\/\" class=\"more-link\">Nastavi \u010ditati <span class=\"screen-reader-text\">Ure\u0111enje prostora Udruge<\/span><\/a><!-- AddThis Advanced Settings generic via filter on get_the_excerpt --><!-- AddThis Share Buttons generic via filter on get_the_excerpt --><\/p>\n","protected":false},"author":1,"featured_media":148,"comment_status":"open","ping_status":"open","sticky":false,"template":"","format":"standard","meta":{"footnotes":""},"categories":[32],"tags":[],"class_list":["post-81","post","type-post","status-publish","format-standard","has-post-thumbnail","hentry","category-iz-zivota-udruge"],"_links":{"self":[{"href":"https:\/\/udruga-106br.hr\/index.php\/wp-json\/wp\/v2\/posts\/81","targetHints":{"allow":["GET"]}}],"collection":[{"href":"https:\/\/udruga-106br.hr\/index.php\/wp-json\/wp\/v2\/posts"}],"about":[{"href":"https:\/\/udruga-106br.hr\/index.php\/wp-json\/wp\/v2\/types\/post"}],"author":[{"embeddable":true,"href":"https:\/\/udruga-106br.hr\/index.php\/wp-json\/wp\/v2\/users\/1"}],"replies":[{"embeddable":true,"href":"https:\/\/udruga-106br.hr\/index.php\/wp-json\/wp\/v2\/comments?post=81"}],"version-history":[{"count":2,"href":"https:\/\/udruga-106br.hr\/index.php\/wp-json\/wp\/v2\/posts\/81\/revisions"}],"predecessor-version":[{"id":596,"href":"https:\/\/udruga-106br.hr\/index.php\/wp-json\/wp\/v2\/posts\/81\/revisions\/596"}],"wp:featuredmedia":[{"embeddable":true,"href":"https:\/\/udruga-106br.hr\/index.php\/wp-json\/wp\/v2\/media\/148"}],"wp:attachment":[{"href":"https:\/\/udruga-106br.hr\/index.php\/wp-json\/wp\/v2\/media?parent=81"}],"wp:term":[{"taxonomy":"category","embeddable":true,"href":"https:\/\/udruga-106br.hr\/index.php\/wp-json\/wp\/v2\/categories?post=81"},{"taxonomy":"post_tag","embeddable":true,"href":"https:\/\/udruga-106br.hr\/index.php\/wp-json\/wp\/v2\/tags?post=81"}],"curies":[{"name":"wp","href":"https:\/\/api.w.org\/{rel}","templated":true}]}}