{"id":8134,"date":"2026-08-30T07:00:00","date_gmt":"2026-08-30T05:00:00","guid":{"rendered":"https:\/\/udruga-106br.hr\/?p=8134"},"modified":"2026-08-30T01:17:59","modified_gmt":"2026-08-29T23:17:59","slug":"sjecanje-na-gorana-vinkovica-2","status":"publish","type":"post","link":"https:\/\/udruga-106br.hr\/index.php\/sjecanje-na-gorana-vinkovica-2\/","title":{"rendered":"Sje\u0107anje na Gorana Vinkovi\u0107a"},"content":{"rendered":"\n<p><\/p>\n\n\n<div class=\"wp-block-image\">\n<figure class=\"aligncenter size-full is-resized\"><img loading=\"lazy\" decoding=\"async\" width=\"603\" height=\"1080\" src=\"https:\/\/udruga-106br.hr\/wp-content\/uploads\/2025\/10\/3_Vjecni_plamen_GIF.gif\" alt=\"\" class=\"wp-image-6062\" style=\"width:194px;height:auto\"\/><\/figure><\/div>\n\n\n<p>Na dana\u0161nji dan,<strong> 30. kolovoza<\/strong>, prisje\u0107amo se na\u0161eg suborca, <strong>Gorana Vinkovi\u0107a<\/strong>, <strong> <\/strong>pripadnika 106. brigade ZNG RH Osijek, koji je polo\u017eio svoj \u017eivot brane\u0107i Domovinu.<\/p>\n\n\n\n<p>Njegova \u017ertva ostaje trajna opomena o cijeni slobode koju danas \u017eivimo, a njegovo ime \u017eivi u srcima svih nas koji nismo zaboravili.<\/p>\n\n\n\n<p>Pozivamo sve koji mogu, da danas zapale svije\u0107u na mjestu njegova po\u010divali\u0161ta, <strong>&#8220;RETFALA\u010cKO GROBLJE&#8221;,,IX,2,2,2469<\/strong> ili u svom domu \u2013 u ti\u0161ini i zahvalnosti. Neka svjetlost plamena bude znak da i dalje bdijemo nad uspomenom na na\u0161e heroje i da njihova imena nisu i nikada ne\u0107e biti zaboravljena.<\/p>\n\n\n<div class=\"wp-block-image\">\n<figure class=\"aligncenter size-large\"><img loading=\"lazy\" decoding=\"async\" width=\"588\" height=\"1024\" src=\"https:\/\/udruga-106br.hr\/wp-content\/uploads\/2026\/08\/1000047783-588x1024.jpg\" alt=\"\" class=\"wp-image-8135\" srcset=\"https:\/\/udruga-106br.hr\/wp-content\/uploads\/2026\/08\/1000047783-588x1024.jpg 588w, https:\/\/udruga-106br.hr\/wp-content\/uploads\/2026\/08\/1000047783-172x300.jpg 172w, https:\/\/udruga-106br.hr\/wp-content\/uploads\/2026\/08\/1000047783-768x1336.jpg 768w, https:\/\/udruga-106br.hr\/wp-content\/uploads\/2026\/08\/1000047783-883x1536.jpg 883w, https:\/\/udruga-106br.hr\/wp-content\/uploads\/2026\/08\/1000047783.jpg 920w\" sizes=\"auto, (max-width: 588px) 100vw, 588px\" \/><\/figure><\/div>\n\n\n<p class=\"has-text-align-center\"><strong>Goran Vinkovi\u0107<\/strong> <strong>\u2013 hvala ti. Tvoja \u017ertva ne\u0107e biti zaboravljena.<\/strong><br>Neka mu je vje\u010dna slava i mir.<\/p>\n\n\n\n<p><\/p>\n<!-- AddThis Advanced Settings generic via filter on the_content --><!-- AddThis Share Buttons generic via filter on the_content -->","protected":false},"excerpt":{"rendered":"<p>Na dana\u0161nji dan, 30. kolovoza, prisje\u0107amo se na\u0161eg suborca, Gorana Vinkovi\u0107a, pripadnika 106. brigade ZNG RH Osijek, koji je polo\u017eio svoj \u017eivot brane\u0107i Domovinu. Njegova \u017ertva ostaje trajna opomena o cijeni slobode koju danas \u017eivimo, a njegovo ime \u017eivi u srcima svih nas koji nismo zaboravili. Pozivamo sve koji mogu, da danas zapale svije\u0107u na &hellip; <a href=\"https:\/\/udruga-106br.hr\/index.php\/sjecanje-na-gorana-vinkovica-2\/\" class=\"more-link\">Nastavi \u010ditati <span class=\"screen-reader-text\">Sje\u0107anje na Gorana Vinkovi\u0107a<\/span><\/a><!-- AddThis Advanced Settings generic via filter on get_the_excerpt --><!-- AddThis Share Buttons generic via filter on get_the_excerpt --><\/p>\n","protected":false},"author":1,"featured_media":0,"comment_status":"open","ping_status":"closed","sticky":false,"template":"","format":"standard","meta":{"footnotes":""},"categories":[29],"tags":[],"class_list":["post-8134","post","type-post","status-publish","format-standard","hentry","category-obiljezavanje-godisnjice-pogibije"],"_links":{"self":[{"href":"https:\/\/udruga-106br.hr\/index.php\/wp-json\/wp\/v2\/posts\/8134","targetHints":{"allow":["GET"]}}],"collection":[{"href":"https:\/\/udruga-106br.hr\/index.php\/wp-json\/wp\/v2\/posts"}],"about":[{"href":"https:\/\/udruga-106br.hr\/index.php\/wp-json\/wp\/v2\/types\/post"}],"author":[{"embeddable":true,"href":"https:\/\/udruga-106br.hr\/index.php\/wp-json\/wp\/v2\/users\/1"}],"replies":[{"embeddable":true,"href":"https:\/\/udruga-106br.hr\/index.php\/wp-json\/wp\/v2\/comments?post=8134"}],"version-history":[{"count":1,"href":"https:\/\/udruga-106br.hr\/index.php\/wp-json\/wp\/v2\/posts\/8134\/revisions"}],"predecessor-version":[{"id":8136,"href":"https:\/\/udruga-106br.hr\/index.php\/wp-json\/wp\/v2\/posts\/8134\/revisions\/8136"}],"wp:attachment":[{"href":"https:\/\/udruga-106br.hr\/index.php\/wp-json\/wp\/v2\/media?parent=8134"}],"wp:term":[{"taxonomy":"category","embeddable":true,"href":"https:\/\/udruga-106br.hr\/index.php\/wp-json\/wp\/v2\/categories?post=8134"},{"taxonomy":"post_tag","embeddable":true,"href":"https:\/\/udruga-106br.hr\/index.php\/wp-json\/wp\/v2\/tags?post=8134"}],"curies":[{"name":"wp","href":"https:\/\/api.w.org\/{rel}","templated":true}]}}