{"id":8148,"date":"2026-08-31T16:01:13","date_gmt":"2026-08-31T14:01:13","guid":{"rendered":"https:\/\/udruga-106br.hr\/?p=8148"},"modified":"2026-08-31T16:01:14","modified_gmt":"2026-08-31T14:01:14","slug":"35-obljetnica-dan-sjecanja-na-poginule-i-nestale-hrvatske-branitelje-bilja","status":"publish","type":"post","link":"https:\/\/udruga-106br.hr\/index.php\/35-obljetnica-dan-sjecanja-na-poginule-i-nestale-hrvatske-branitelje-bilja\/","title":{"rendered":"35. obljetnica \u2013 Dan sje\u0107anja na poginule i nestale hrvatske branitelje Bilja"},"content":{"rendered":"\n<p>U \u010detvrtak, 3. rujna 2026. godine, obilje\u017eavamo 35. obljetnicu stradanja hrvatskih branitelja Bilja \u2013 Dan sje\u0107anja na dvadeset jednog poginulog i nestalog branitelja Bilja.<\/p>\n\n\n\n<p>Dana 3. rujna 1991., tijekom obrane Bilja, posljednjeg neokupiranog naselja u Baranji, hrvatski branitelji podnijeli su veliku \u017ertvu. Dvanaestorica su poginula u obrani mjesta, jedan branitelj tragi\u010dno je stradao tijekom povla\u010denja, dok je devet branitelja zarobljeno i odvedeno u logore. Za Tibora \u0160ile\u0161a ni danas se ne zna sudbina te se jo\u0161 uvijek vodi kao nestala osoba.<\/p>\n\n\n\n<p>Udruga veterana 106. brigade Osijek poziva svoje \u010dlanove, hrvatske branitelje i sve gra\u0111ane da nam se pridru\u017ee te da zajedno, dostojanstveno i s pijetetom odamo po\u010dast poginulim i nestalim hrvatskim braniteljima Bilja.<\/p>\n\n\n\n<p>PROGRAM OBILJE\u017dAVANJA<\/p>\n\n\n\n<p>08:00 \u2013 Okupljanje u prostorijama Op\u0107ine Bilje<br>08:30 \u2013 Polaganje vijenaca na Centralnom groblju u Osijeku<br>09:00 \u2013 Polaganje vijenaca na Retfala\u010dkom groblju u Osijeku<br>10:00 \u2013 Polaganje vijenaca na mjesnom groblju u Bilju<br>10:30 \u2013 Otvaranje izlo\u017ebe \u201eDomovinski rat o\u010dima Tigrova\u201c, Dom kulture Bilje<br>17:00 \u2013 Sveta misa za poginule i nestale branitelje u crkvi Bezgre\u0161nog za\u010de\u0107a Bla\u017eene Djevice Marije u Bilju<br>17:45 \u2013 Mimohod do Parka hrvatskih branitelja<br>18:00 \u2013 Polaganje vijenaca kod spomen-obilje\u017eja<\/p>\n\n\n\n<p class=\"has-text-align-center\">Njihova \u017ertva trajno nas obvezuje na sje\u0107anje i zahvalnost.<\/p>\n\n\n\n<p class=\"has-text-align-center\">Neka im je vje\u010dna slava i hvala! <\/p>\n\n\n\n<figure class=\"wp-block-image size-full\"><img loading=\"lazy\" decoding=\"async\" width=\"579\" height=\"684\" src=\"https:\/\/udruga-106br.hr\/wp-content\/uploads\/2026\/08\/3.9.Bilje_.png\" alt=\"\" class=\"wp-image-8149\" srcset=\"https:\/\/udruga-106br.hr\/wp-content\/uploads\/2026\/08\/3.9.Bilje_.png 579w, https:\/\/udruga-106br.hr\/wp-content\/uploads\/2026\/08\/3.9.Bilje_-254x300.png 254w\" sizes=\"auto, (max-width: 579px) 100vw, 579px\" \/><\/figure>\n\n\n\n<figure class=\"wp-block-image size-full\"><img loading=\"lazy\" decoding=\"async\" width=\"558\" height=\"873\" src=\"https:\/\/udruga-106br.hr\/wp-content\/uploads\/2026\/08\/3.9.Bilje1_.png\" alt=\"\" class=\"wp-image-8150\" srcset=\"https:\/\/udruga-106br.hr\/wp-content\/uploads\/2026\/08\/3.9.Bilje1_.png 558w, https:\/\/udruga-106br.hr\/wp-content\/uploads\/2026\/08\/3.9.Bilje1_-192x300.png 192w\" sizes=\"auto, (max-width: 558px) 100vw, 558px\" \/><\/figure>\n<!-- AddThis Advanced Settings generic via filter on the_content --><!-- AddThis Share Buttons generic via filter on the_content -->","protected":false},"excerpt":{"rendered":"<p>U \u010detvrtak, 3. rujna 2026. godine, obilje\u017eavamo 35. obljetnicu stradanja hrvatskih branitelja Bilja \u2013 Dan sje\u0107anja na dvadeset jednog poginulog i nestalog branitelja Bilja. Dana 3. rujna 1991., tijekom obrane Bilja, posljednjeg neokupiranog naselja u Baranji, hrvatski branitelji podnijeli su veliku \u017ertvu. Dvanaestorica su poginula u obrani mjesta, jedan branitelj tragi\u010dno je stradao tijekom povla\u010denja, &hellip; <a href=\"https:\/\/udruga-106br.hr\/index.php\/35-obljetnica-dan-sjecanja-na-poginule-i-nestale-hrvatske-branitelje-bilja\/\" class=\"more-link\">Nastavi \u010ditati <span class=\"screen-reader-text\">35. obljetnica \u2013 Dan sje\u0107anja na poginule i nestale hrvatske branitelje Bilja<\/span><\/a><!-- AddThis Advanced Settings generic via filter on get_the_excerpt --><!-- AddThis Share Buttons generic via filter on get_the_excerpt --><\/p>\n","protected":false},"author":2,"featured_media":0,"comment_status":"open","ping_status":"closed","sticky":false,"template":"","format":"standard","meta":{"footnotes":""},"categories":[32],"tags":[],"class_list":["post-8148","post","type-post","status-publish","format-standard","hentry","category-iz-zivota-udruge"],"_links":{"self":[{"href":"https:\/\/udruga-106br.hr\/index.php\/wp-json\/wp\/v2\/posts\/8148","targetHints":{"allow":["GET"]}}],"collection":[{"href":"https:\/\/udruga-106br.hr\/index.php\/wp-json\/wp\/v2\/posts"}],"about":[{"href":"https:\/\/udruga-106br.hr\/index.php\/wp-json\/wp\/v2\/types\/post"}],"author":[{"embeddable":true,"href":"https:\/\/udruga-106br.hr\/index.php\/wp-json\/wp\/v2\/users\/2"}],"replies":[{"embeddable":true,"href":"https:\/\/udruga-106br.hr\/index.php\/wp-json\/wp\/v2\/comments?post=8148"}],"version-history":[{"count":1,"href":"https:\/\/udruga-106br.hr\/index.php\/wp-json\/wp\/v2\/posts\/8148\/revisions"}],"predecessor-version":[{"id":8151,"href":"https:\/\/udruga-106br.hr\/index.php\/wp-json\/wp\/v2\/posts\/8148\/revisions\/8151"}],"wp:attachment":[{"href":"https:\/\/udruga-106br.hr\/index.php\/wp-json\/wp\/v2\/media?parent=8148"}],"wp:term":[{"taxonomy":"category","embeddable":true,"href":"https:\/\/udruga-106br.hr\/index.php\/wp-json\/wp\/v2\/categories?post=8148"},{"taxonomy":"post_tag","embeddable":true,"href":"https:\/\/udruga-106br.hr\/index.php\/wp-json\/wp\/v2\/tags?post=8148"}],"curies":[{"name":"wp","href":"https:\/\/api.w.org\/{rel}","templated":true}]}}