{"id":932,"date":"2019-08-05T09:57:57","date_gmt":"2019-08-05T07:57:57","guid":{"rendered":"https:\/\/udruga-106br.hr\/?p=932"},"modified":"2025-10-17T21:54:43","modified_gmt":"2025-10-17T19:54:43","slug":"1-memorijalni-turnir-u-streljastvu-branko-vekic","status":"publish","type":"post","link":"https:\/\/udruga-106br.hr\/index.php\/1-memorijalni-turnir-u-streljastvu-branko-vekic\/","title":{"rendered":"\u201e1. Memorijalni turnir u strelja\u0161tvu Branko Veki\u0107\u201c"},"content":{"rendered":"<p>Udruga 106. brigade ZNG RH\u00a0 i GSK Centar 1784 organizirala je \u201e1. Memorijalni turnir u strelja\u0161tvu Branko Veki\u0107\u201c, koji se odr\u017eao 03.08.2019., na streli\u0161tu Pampas u Osijeku. Memorijalni turnir je odr\u017ean povodom Dana 106.\u00a0 brigade ZNG RH, a obzirom na vrijeme odr\u017eavanja posve\u0107en je Danu pobjede i domovinske zahvalnosti i Danu hrvatskih branitelja.<\/p>\n<p>Satnik Branko Veki\u0107 bio je pripadnik 106. brigade ZNG RH, dugogodi\u0161nji natjecatelj i predsjednik Gradskog strelja\u010dkog kluba \u201e1784 Centar\u201c. Takmi\u010dio se u disciplini vojni\u010dka pu\u0161ka 7,9 mm i postizao zavidne rezultate, izme\u0111u ostalog, bio je i prvak Hrvatske. Na\u017ealost preminuo je 2008. godine. U znak sje\u0107anja na njegov rad u HV i rezultate u strelja\u0161tvu, organizirali smo ovaj turnir.<\/p>\n<p><img loading=\"lazy\" decoding=\"async\" class=\"aligncenter wp-image-938 size-medium\" src=\"https:\/\/udruga-106br.hr\/wp-content\/uploads\/2019\/08\/IMG-3004a66683ef85ad435441b195da91c3-V-225x300.jpg\" alt=\"\" width=\"225\" height=\"300\" srcset=\"https:\/\/udruga-106br.hr\/wp-content\/uploads\/2019\/08\/IMG-3004a66683ef85ad435441b195da91c3-V-225x300.jpg 225w, https:\/\/udruga-106br.hr\/wp-content\/uploads\/2019\/08\/IMG-3004a66683ef85ad435441b195da91c3-V-768x1024.jpg 768w, https:\/\/udruga-106br.hr\/wp-content\/uploads\/2019\/08\/IMG-3004a66683ef85ad435441b195da91c3-V.jpg 960w\" sizes=\"auto, (max-width: 225px) 100vw, 225px\" \/><\/p>\n<p>Turniru su se odazvali timovi UHDDR-a Beli\u0161\u0107e, UHDDR Po\u017eega, GSD Po\u017eega, UDVDR Stara Gradi\u0161ka, GOMBR-a Vinkovci i Udruga 106. brigade ZNG RH.<\/p>\n<p>U memorijalnoj disciplini vojni\u010dka pu\u0161ka 7,9 mm pojedina\u010dno, 10 hitaca, pobjednik je \u017deljko Milas s 92 kruga, dok su drugi i tre\u0107i bili Mario Koki\u0107 \u00a0i Franc Saka\u010d s 91 krugom. Ekipno 1. mjesto UHDDR Beli\u0161\u0107e s 272 kruga, 2. mjesto Udruga 106. brigade ZNG RH s 268 kruga i 3. mjesto UHDDR Po\u017eega s 185 kruga.<\/p>\n<p><img loading=\"lazy\" decoding=\"async\" class=\"aligncenter size-large wp-image-937\" src=\"https:\/\/udruga-106br.hr\/wp-content\/uploads\/2019\/08\/IMG_20190803_122335-1024x768.jpg\" alt=\"\" width=\"525\" height=\"394\" srcset=\"https:\/\/udruga-106br.hr\/wp-content\/uploads\/2019\/08\/IMG_20190803_122335-1024x768.jpg 1024w, https:\/\/udruga-106br.hr\/wp-content\/uploads\/2019\/08\/IMG_20190803_122335-300x225.jpg 300w, https:\/\/udruga-106br.hr\/wp-content\/uploads\/2019\/08\/IMG_20190803_122335-768x576.jpg 768w\" sizes=\"auto, (max-width: 525px) 100vw, 525px\" \/><\/p>\n<p>U disciplini poluautomatska pu\u0161ka 7,62 mm, 10 hitaca, pojedina\u010dno 1. mjesto Franc Saka\u010d 91 krug, 2. mjesto Tomica Galovi\u0107 s 89 kruga, 3. mjesto Igor Florijan s 84 kruga.<\/p>\n<p><img loading=\"lazy\" decoding=\"async\" class=\"aligncenter size-large wp-image-936\" src=\"https:\/\/udruga-106br.hr\/wp-content\/uploads\/2019\/08\/IMG_20190803_122159-1024x768.jpg\" alt=\"\" width=\"525\" height=\"394\" srcset=\"https:\/\/udruga-106br.hr\/wp-content\/uploads\/2019\/08\/IMG_20190803_122159-1024x768.jpg 1024w, https:\/\/udruga-106br.hr\/wp-content\/uploads\/2019\/08\/IMG_20190803_122159-300x225.jpg 300w, https:\/\/udruga-106br.hr\/wp-content\/uploads\/2019\/08\/IMG_20190803_122159-768x576.jpg 768w\" sizes=\"auto, (max-width: 525px) 100vw, 525px\" \/><\/p>\n<p>Ekipno 1. mjesto Udruga 106. brigade ZNG RH, s 245 kruga 2. mjesto UHDDR Beli\u0161\u0107e, s 233 kruga i 3. mjesto UDVDR Stara Gradi\u0161ka s 199 kruga.<\/p>\n<!-- AddThis Advanced Settings generic via filter on the_content --><!-- AddThis Share Buttons generic via filter on the_content -->","protected":false},"excerpt":{"rendered":"<p>Udruga 106. brigade ZNG RH\u00a0 i GSK Centar 1784 organizirala je \u201e1. Memorijalni turnir u strelja\u0161tvu Branko Veki\u0107\u201c, koji se odr\u017eao 03.08.2019., na streli\u0161tu Pampas u Osijeku. Memorijalni turnir je odr\u017ean povodom Dana 106.\u00a0 brigade ZNG RH, a obzirom na vrijeme odr\u017eavanja posve\u0107en je Danu pobjede i domovinske zahvalnosti i Danu hrvatskih branitelja. Satnik Branko &hellip; <a href=\"https:\/\/udruga-106br.hr\/index.php\/1-memorijalni-turnir-u-streljastvu-branko-vekic\/\" class=\"more-link\">Nastavi \u010ditati <span class=\"screen-reader-text\">\u201e1. Memorijalni turnir u strelja\u0161tvu Branko Veki\u0107\u201c<\/span><\/a><!-- AddThis Advanced Settings generic via filter on get_the_excerpt --><!-- AddThis Share Buttons generic via filter on get_the_excerpt --><\/p>\n","protected":false},"author":2,"featured_media":933,"comment_status":"open","ping_status":"open","sticky":false,"template":"","format":"standard","meta":{"footnotes":""},"categories":[32],"tags":[],"class_list":["post-932","post","type-post","status-publish","format-standard","has-post-thumbnail","hentry","category-iz-zivota-udruge"],"_links":{"self":[{"href":"https:\/\/udruga-106br.hr\/index.php\/wp-json\/wp\/v2\/posts\/932","targetHints":{"allow":["GET"]}}],"collection":[{"href":"https:\/\/udruga-106br.hr\/index.php\/wp-json\/wp\/v2\/posts"}],"about":[{"href":"https:\/\/udruga-106br.hr\/index.php\/wp-json\/wp\/v2\/types\/post"}],"author":[{"embeddable":true,"href":"https:\/\/udruga-106br.hr\/index.php\/wp-json\/wp\/v2\/users\/2"}],"replies":[{"embeddable":true,"href":"https:\/\/udruga-106br.hr\/index.php\/wp-json\/wp\/v2\/comments?post=932"}],"version-history":[{"count":1,"href":"https:\/\/udruga-106br.hr\/index.php\/wp-json\/wp\/v2\/posts\/932\/revisions"}],"predecessor-version":[{"id":939,"href":"https:\/\/udruga-106br.hr\/index.php\/wp-json\/wp\/v2\/posts\/932\/revisions\/939"}],"wp:featuredmedia":[{"embeddable":true,"href":"https:\/\/udruga-106br.hr\/index.php\/wp-json\/wp\/v2\/media\/933"}],"wp:attachment":[{"href":"https:\/\/udruga-106br.hr\/index.php\/wp-json\/wp\/v2\/media?parent=932"}],"wp:term":[{"taxonomy":"category","embeddable":true,"href":"https:\/\/udruga-106br.hr\/index.php\/wp-json\/wp\/v2\/categories?post=932"},{"taxonomy":"post_tag","embeddable":true,"href":"https:\/\/udruga-106br.hr\/index.php\/wp-json\/wp\/v2\/tags?post=932"}],"curies":[{"name":"wp","href":"https:\/\/api.w.org\/{rel}","templated":true}]}}