{"id":941,"date":"2019-08-24T13:20:27","date_gmt":"2019-08-24T11:20:27","guid":{"rendered":"https:\/\/udruga-106br.hr\/?p=941"},"modified":"2025-10-17T19:31:52","modified_gmt":"2025-10-17T17:31:52","slug":"28-obljetnica-pogibije-hrvatskog-branitelja-pripadnika-106-brigade-zng-rh-dure-podboja","status":"publish","type":"post","link":"https:\/\/udruga-106br.hr\/index.php\/28-obljetnica-pogibije-hrvatskog-branitelja-pripadnika-106-brigade-zng-rh-dure-podboja\/","title":{"rendered":"28. obljetnica pogibije hrvatskog branitelja, pripadnika 106.brigade ZNG RH, \u0110ure Podboja"},"content":{"rendered":"<p>\u0110uro je bio pripadnik 106. brigade ZNG RH, heroj koji je za vrijeme Domovinskog rata do zadnjih snaga od agresora branio oda\u0161ilja\u010d na kojem je radio.<\/p>\n<p>\u0110uro je pored svoje radne obaveze na oda\u0161ilja\u010du bio utemeljitelj i zapovjednik satnije na Sjenjaku.<\/p>\n<p>Unato\u010d okupaciji i razaranjima sustav Oda\u0161ilja\u010da i veza cijelo je vrijeme oda\u0161iljao radijske i televizijske programe Hrvatske radiotelevizije \u010dime je sprije\u010dena informativna blokada.<\/p>\n<p>Zahvaljuju\u0107i tome Hrvatska je i u medijskom ratu ostvarila pobjedu, a \u0110uro Podboj za to je dao i svoj \u017eivot.<\/p>\n<p>U spomen njegovoj nesebi\u010dnoj \u017ertvi, izaslanstvo Udruge 106. brigade ZNG RH, djelatnici Uprave Oda\u0161ilja\u010da i veza i biv\u0161i kolege polo\u017eili su vijence i zapaliti svije\u0107e ispred Spomen- obilje\u017eja uz oda\u0161ilja\u010d koji nosi njegovo ime.<\/p>\n<p><img loading=\"lazy\" decoding=\"async\" class=\"aligncenter size-full wp-image-944\" src=\"https:\/\/udruga-106br.hr\/wp-content\/uploads\/2019\/08\/IMG-af6c9d4bdcfbcc5d81fae68898059b60-V.jpg\" alt=\"\" width=\"600\" height=\"800\" srcset=\"https:\/\/udruga-106br.hr\/wp-content\/uploads\/2019\/08\/IMG-af6c9d4bdcfbcc5d81fae68898059b60-V.jpg 600w, https:\/\/udruga-106br.hr\/wp-content\/uploads\/2019\/08\/IMG-af6c9d4bdcfbcc5d81fae68898059b60-V-225x300.jpg 225w\" sizes=\"auto, (max-width: 600px) 100vw, 600px\" \/><\/p>\n<!-- AddThis Advanced Settings generic via filter on the_content --><!-- AddThis Share Buttons generic via filter on the_content -->","protected":false},"excerpt":{"rendered":"<p>\u0110uro je bio pripadnik 106. brigade ZNG RH, heroj koji je za vrijeme Domovinskog rata do zadnjih snaga od agresora branio oda\u0161ilja\u010d na kojem je radio. \u0110uro je pored svoje radne obaveze na oda\u0161ilja\u010du bio utemeljitelj i zapovjednik satnije na Sjenjaku. Unato\u010d okupaciji i razaranjima sustav Oda\u0161ilja\u010da i veza cijelo je vrijeme oda\u0161iljao radijske i &hellip; <a href=\"https:\/\/udruga-106br.hr\/index.php\/28-obljetnica-pogibije-hrvatskog-branitelja-pripadnika-106-brigade-zng-rh-dure-podboja\/\" class=\"more-link\">Nastavi \u010ditati <span class=\"screen-reader-text\">28. obljetnica pogibije hrvatskog branitelja, pripadnika 106.brigade ZNG RH, \u0110ure Podboja<\/span><\/a><!-- AddThis Advanced Settings generic via filter on get_the_excerpt --><!-- AddThis Share Buttons generic via filter on get_the_excerpt --><\/p>\n","protected":false},"author":2,"featured_media":942,"comment_status":"open","ping_status":"open","sticky":false,"template":"","format":"standard","meta":{"footnotes":""},"categories":[32],"tags":[],"class_list":["post-941","post","type-post","status-publish","format-standard","has-post-thumbnail","hentry","category-iz-zivota-udruge"],"_links":{"self":[{"href":"https:\/\/udruga-106br.hr\/index.php\/wp-json\/wp\/v2\/posts\/941","targetHints":{"allow":["GET"]}}],"collection":[{"href":"https:\/\/udruga-106br.hr\/index.php\/wp-json\/wp\/v2\/posts"}],"about":[{"href":"https:\/\/udruga-106br.hr\/index.php\/wp-json\/wp\/v2\/types\/post"}],"author":[{"embeddable":true,"href":"https:\/\/udruga-106br.hr\/index.php\/wp-json\/wp\/v2\/users\/2"}],"replies":[{"embeddable":true,"href":"https:\/\/udruga-106br.hr\/index.php\/wp-json\/wp\/v2\/comments?post=941"}],"version-history":[{"count":1,"href":"https:\/\/udruga-106br.hr\/index.php\/wp-json\/wp\/v2\/posts\/941\/revisions"}],"predecessor-version":[{"id":945,"href":"https:\/\/udruga-106br.hr\/index.php\/wp-json\/wp\/v2\/posts\/941\/revisions\/945"}],"wp:featuredmedia":[{"embeddable":true,"href":"https:\/\/udruga-106br.hr\/index.php\/wp-json\/wp\/v2\/media\/942"}],"wp:attachment":[{"href":"https:\/\/udruga-106br.hr\/index.php\/wp-json\/wp\/v2\/media?parent=941"}],"wp:term":[{"taxonomy":"category","embeddable":true,"href":"https:\/\/udruga-106br.hr\/index.php\/wp-json\/wp\/v2\/categories?post=941"},{"taxonomy":"post_tag","embeddable":true,"href":"https:\/\/udruga-106br.hr\/index.php\/wp-json\/wp\/v2\/tags?post=941"}],"curies":[{"name":"wp","href":"https:\/\/api.w.org\/{rel}","templated":true}]}}