{"id":947,"date":"2019-10-08T17:54:46","date_gmt":"2019-10-08T15:54:46","guid":{"rendered":"https:\/\/udruga-106br.hr\/?p=947"},"modified":"2025-10-17T21:54:43","modified_gmt":"2025-10-17T19:54:43","slug":"obiljezavanje-godisnjice-pogibije-26-husara-20-rujna-2019","status":"publish","type":"post","link":"https:\/\/udruga-106br.hr\/index.php\/obiljezavanje-godisnjice-pogibije-26-husara-20-rujna-2019\/","title":{"rendered":"20. rujna 2019. godine obilje\u017eena godi\u0161njice pogibije 26 husara."},"content":{"rendered":"<p>https:\/\/www.youtube.com\/watch?v=JUkWaHowPgc<\/p>\n<p>Udruga 106. brigade ZNG RH uz potporu Osje\u010dko-baranjske \u017eupanije organizirala je obilje\u017eavanje godi\u0161njice pogibije 26 husara 20. rujna 2019. Na komemoraciju odazvali su se, vojni i zrakoplovni izaslanik Ma\u0111arske, pukovnik L\u00e1szl\u00f3 <strong>Szendr\u0151i, <\/strong>generalni konzul Ma\u0111arske u Osijeku g. <strong>G\u00e1rdos<\/strong> B\u00e9la, te predstavnici husarskih udruga iz H\u00f3dmez\u0151v\u00e1s\u00e1rhely-a i Kapo\u0161vara.<\/p>\n<p>Godi\u0161njim planom rada za 2019., u okviru me\u0111unarodne suradnje Udruga, planirana je komemoracija kod obeliska poginulim husarima, ove godine odazvali su se i husari iz H\u00f3dmez\u0151v\u00e1s\u00e1rhely-a koji su sljednici 15. husarske pukovnije,\u00a0 koji na svojim husarskim odorama imaju oznake 15. husarske pukovnije, za razliku od husara iz Kapo\u0161vara.<\/p>\n<p>Izaslanik Ministarstva hrvatskih branitelja bio je g. Antun Bla\u017eevi\u0107, MORH-a brigadir \u017deljko Ljubas, Osje\u010dko-baranjske \u017eupanije Sa\u0161a Forgi\u0107, Grada g. Stjepan Viduka. Udrugu su predstavljali dopredsjednik Dubravko Panci\u0107, te \u010dlan predsjedni\u0161tva Franjo Wertag.<\/p>\n<p>U polaganje vijenaca su na Kraljici mira uklju\u010dili su se i husari koji su nosili vijence, a pripadnici Udruga iz Domovinskog rata zapalili su svije\u0107e. Program je nastavljen obilaskom mjesta iz Domovinskog rata od Kraljice mira, preko Crvenog fi\u0107e, murala Osijek nepokoreni grad i Oni su obranili grad do nekada\u0161njeg poljoprivrednog fakulteta, obilaznicom do Nemetina, a put\u00a0 zavr\u0161ili kod obeliska.<\/p>\n<p><img loading=\"lazy\" decoding=\"async\" class=\"aligncenter size-large wp-image-951\" src=\"https:\/\/udruga-106br.hr\/wp-content\/uploads\/2019\/10\/DSC_3273-1024x684.jpg\" alt=\"\" width=\"525\" height=\"351\" srcset=\"https:\/\/udruga-106br.hr\/wp-content\/uploads\/2019\/10\/DSC_3273-1024x684.jpg 1024w, https:\/\/udruga-106br.hr\/wp-content\/uploads\/2019\/10\/DSC_3273-300x200.jpg 300w, https:\/\/udruga-106br.hr\/wp-content\/uploads\/2019\/10\/DSC_3273-768x513.jpg 768w\" sizes=\"auto, (max-width: 525px) 100vw, 525px\" \/><\/p>\n<p>Obnova obeliska je zavr\u0161ena i od pro\u0161le godine napravljena je kovana ograda oko obeliska i napravljen je znak koji je krasio obelisk, ali je tijekom Domovinskog rata i ru\u0161enjem obeliska i on nestao. Obnovljen je prema predlo\u0161ku iz Muzeja Slavonije. Prema protokolu vijence su polo\u017eili izaslanici Ministarstva hrvatskih branitelja i MORH-a, Ma\u0111arske Republike i Osje\u010dko-baranjske \u017eupanije.<\/p>\n<p>Nakon polaganja vijenaca uputili smo se u Regionalnu vinoteku gdje je prire\u0111en domjenak s ku\u0161anjem vina. U neformalnom dru\u017eenju pukovnik Laszlo Szendroi zahvalio se na pozivu, pohvalio nas je za radove izvedene na i oko obeliska, te je darovao znak ma\u0111arskog Ministarstva obrane u znak zahvale. Suradnja s udrugom husara iz Kapo\u0161vara i H\u00f3dmez\u0151v\u00e1s\u00e1rhely-a se nastavlja.<\/p>\n<p><iframe loading=\"lazy\" title=\"DNEVNIK 20.09.2019. Osje\u010dka televizija\" width=\"660\" height=\"371\" src=\"https:\/\/www.youtube.com\/embed\/RfW8KjlCAxI?start=76&#038;feature=oembed\" frameborder=\"0\" allow=\"accelerometer; autoplay; clipboard-write; encrypted-media; gyroscope; picture-in-picture; web-share\" referrerpolicy=\"strict-origin-when-cross-origin\" allowfullscreen><\/iframe><\/p>\n<!-- AddThis Advanced Settings generic via filter on the_content --><!-- AddThis Share Buttons generic via filter on the_content -->","protected":false},"excerpt":{"rendered":"<p>https:\/\/www.youtube.com\/watch?v=JUkWaHowPgc Udruga 106. brigade ZNG RH uz potporu Osje\u010dko-baranjske \u017eupanije organizirala je obilje\u017eavanje godi\u0161njice pogibije 26 husara 20. rujna 2019. Na komemoraciju odazvali su se, vojni i zrakoplovni izaslanik Ma\u0111arske, pukovnik L\u00e1szl\u00f3 Szendr\u0151i, generalni konzul Ma\u0111arske u Osijeku g. G\u00e1rdos B\u00e9la, te predstavnici husarskih udruga iz H\u00f3dmez\u0151v\u00e1s\u00e1rhely-a i Kapo\u0161vara. Godi\u0161njim planom rada za 2019., u &hellip; <a href=\"https:\/\/udruga-106br.hr\/index.php\/obiljezavanje-godisnjice-pogibije-26-husara-20-rujna-2019\/\" class=\"more-link\">Nastavi \u010ditati <span class=\"screen-reader-text\">20. rujna 2019. godine obilje\u017eena godi\u0161njice pogibije 26 husara.<\/span><\/a><!-- AddThis Advanced Settings generic via filter on get_the_excerpt --><!-- AddThis Share Buttons generic via filter on get_the_excerpt --><\/p>\n","protected":false},"author":2,"featured_media":948,"comment_status":"open","ping_status":"open","sticky":false,"template":"","format":"standard","meta":{"footnotes":""},"categories":[32],"tags":[],"class_list":["post-947","post","type-post","status-publish","format-standard","has-post-thumbnail","hentry","category-iz-zivota-udruge"],"_links":{"self":[{"href":"https:\/\/udruga-106br.hr\/index.php\/wp-json\/wp\/v2\/posts\/947","targetHints":{"allow":["GET"]}}],"collection":[{"href":"https:\/\/udruga-106br.hr\/index.php\/wp-json\/wp\/v2\/posts"}],"about":[{"href":"https:\/\/udruga-106br.hr\/index.php\/wp-json\/wp\/v2\/types\/post"}],"author":[{"embeddable":true,"href":"https:\/\/udruga-106br.hr\/index.php\/wp-json\/wp\/v2\/users\/2"}],"replies":[{"embeddable":true,"href":"https:\/\/udruga-106br.hr\/index.php\/wp-json\/wp\/v2\/comments?post=947"}],"version-history":[{"count":3,"href":"https:\/\/udruga-106br.hr\/index.php\/wp-json\/wp\/v2\/posts\/947\/revisions"}],"predecessor-version":[{"id":953,"href":"https:\/\/udruga-106br.hr\/index.php\/wp-json\/wp\/v2\/posts\/947\/revisions\/953"}],"wp:featuredmedia":[{"embeddable":true,"href":"https:\/\/udruga-106br.hr\/index.php\/wp-json\/wp\/v2\/media\/948"}],"wp:attachment":[{"href":"https:\/\/udruga-106br.hr\/index.php\/wp-json\/wp\/v2\/media?parent=947"}],"wp:term":[{"taxonomy":"category","embeddable":true,"href":"https:\/\/udruga-106br.hr\/index.php\/wp-json\/wp\/v2\/categories?post=947"},{"taxonomy":"post_tag","embeddable":true,"href":"https:\/\/udruga-106br.hr\/index.php\/wp-json\/wp\/v2\/tags?post=947"}],"curies":[{"name":"wp","href":"https:\/\/api.w.org\/{rel}","templated":true}]}}