{"id":956,"date":"2019-12-07T19:32:39","date_gmt":"2019-12-07T18:32:39","guid":{"rendered":"https:\/\/udruga-106br.hr\/?p=956"},"modified":"2025-10-17T19:31:52","modified_gmt":"2025-10-17T17:31:52","slug":"neunistivi-grad-da-se-ne-zaboravi","status":"publish","type":"post","link":"https:\/\/udruga-106br.hr\/index.php\/neunistivi-grad-da-se-ne-zaboravi\/","title":{"rendered":"NEUNI\u0160TIVI GRAD \u2013 DA SE NE ZABORAVI"},"content":{"rendered":"<p><strong>U povodu Dana grada Osijeka 2. prosinca i Dana obrane grada Osijeka 5. prosinca, u Muzeju Slavonije, Udruga 106. brigade u suradnji s PU osje\u010dko baranjskom, a pod pokroviteljstvom Ministarstva hrvatskih branitelja, organizirala je izlo\u017ebu fotografija pod nazivom NEUNI\u0160TIVI GRAD \u2013 DA SE NE ZABORAVI .<\/strong><\/p>\n<p>Udruga 106. brigade pokrenula je osnivanje zbirke fotografija iz Domovinskog rata s tematikom Osijeka i njegovih gra\u0111ana. Na\u0161u ideju prepoznala je Policijska uprava osje\u010dko-baranjska i njezin na\u010delnik gospodin Ladislav Bece, koji nam je omogu\u0107io izbor 50 fotografija iz obilja fotografskog i video-materijala nastalog za vrijeme Domovinskog rata 1991.\/92., na mjestima razaranja grada.<\/p>\n<p><img loading=\"lazy\" decoding=\"async\" class=\"aligncenter size-full wp-image-958\" src=\"https:\/\/udruga-106br.hr\/wp-content\/uploads\/2019\/12\/451906.jpg\" alt=\"\" width=\"652\" height=\"431\" srcset=\"https:\/\/udruga-106br.hr\/wp-content\/uploads\/2019\/12\/451906.jpg 652w, https:\/\/udruga-106br.hr\/wp-content\/uploads\/2019\/12\/451906-300x198.jpg 300w\" sizes=\"auto, (max-width: 652px) 100vw, 652px\" \/><\/p>\n<p>Pod sloganom &#8220;<strong>Da se ne zaboravi&#8221;<\/strong> pokrenuto je osnivanje foto-zbirke razaranja Osijeka u Domovinskom ratu, a svrha te izlo\u017ebe jest upravo to \u2013 da se ne zaboravi.<\/p>\n<p>Foto-izlo\u017eba je izbor na\u0161eg Osje\u010danina, renomiranog majstora fotografije, Marina Topi\u0107a.<\/p>\n<p>\u017delja nam je bila izvaditi fotografije iz arhive i prikazati ih danas, a ostaviti za budu\u0107nost.<\/p>\n<!-- AddThis Advanced Settings generic via filter on the_content --><!-- AddThis Share Buttons generic via filter on the_content -->","protected":false},"excerpt":{"rendered":"<p>U povodu Dana grada Osijeka 2. prosinca i Dana obrane grada Osijeka 5. prosinca, u Muzeju Slavonije, Udruga 106. brigade u suradnji s PU osje\u010dko baranjskom, a pod pokroviteljstvom Ministarstva hrvatskih branitelja, organizirala je izlo\u017ebu fotografija pod nazivom NEUNI\u0160TIVI GRAD \u2013 DA SE NE ZABORAVI . Udruga 106. brigade pokrenula je osnivanje zbirke fotografija iz &hellip; <a href=\"https:\/\/udruga-106br.hr\/index.php\/neunistivi-grad-da-se-ne-zaboravi\/\" class=\"more-link\">Nastavi \u010ditati <span class=\"screen-reader-text\">NEUNI\u0160TIVI GRAD \u2013 DA SE NE ZABORAVI<\/span><\/a><!-- AddThis Advanced Settings generic via filter on get_the_excerpt --><!-- AddThis Share Buttons generic via filter on get_the_excerpt --><\/p>\n","protected":false},"author":2,"featured_media":957,"comment_status":"open","ping_status":"open","sticky":false,"template":"","format":"standard","meta":{"footnotes":""},"categories":[32],"tags":[],"class_list":["post-956","post","type-post","status-publish","format-standard","has-post-thumbnail","hentry","category-iz-zivota-udruge"],"_links":{"self":[{"href":"https:\/\/udruga-106br.hr\/index.php\/wp-json\/wp\/v2\/posts\/956","targetHints":{"allow":["GET"]}}],"collection":[{"href":"https:\/\/udruga-106br.hr\/index.php\/wp-json\/wp\/v2\/posts"}],"about":[{"href":"https:\/\/udruga-106br.hr\/index.php\/wp-json\/wp\/v2\/types\/post"}],"author":[{"embeddable":true,"href":"https:\/\/udruga-106br.hr\/index.php\/wp-json\/wp\/v2\/users\/2"}],"replies":[{"embeddable":true,"href":"https:\/\/udruga-106br.hr\/index.php\/wp-json\/wp\/v2\/comments?post=956"}],"version-history":[{"count":2,"href":"https:\/\/udruga-106br.hr\/index.php\/wp-json\/wp\/v2\/posts\/956\/revisions"}],"predecessor-version":[{"id":960,"href":"https:\/\/udruga-106br.hr\/index.php\/wp-json\/wp\/v2\/posts\/956\/revisions\/960"}],"wp:featuredmedia":[{"embeddable":true,"href":"https:\/\/udruga-106br.hr\/index.php\/wp-json\/wp\/v2\/media\/957"}],"wp:attachment":[{"href":"https:\/\/udruga-106br.hr\/index.php\/wp-json\/wp\/v2\/media?parent=956"}],"wp:term":[{"taxonomy":"category","embeddable":true,"href":"https:\/\/udruga-106br.hr\/index.php\/wp-json\/wp\/v2\/categories?post=956"},{"taxonomy":"post_tag","embeddable":true,"href":"https:\/\/udruga-106br.hr\/index.php\/wp-json\/wp\/v2\/tags?post=956"}],"curies":[{"name":"wp","href":"https:\/\/api.w.org\/{rel}","templated":true}]}}