{"id":962,"date":"2019-12-21T19:47:42","date_gmt":"2019-12-21T18:47:42","guid":{"rendered":"https:\/\/udruga-106br.hr\/?p=962"},"modified":"2025-10-17T21:54:43","modified_gmt":"2025-10-17T19:54:43","slug":"juznoj-obilaznici-grada-osijeka-odreden-naziv-obilaznica-106-brigade-zng-rh","status":"publish","type":"post","link":"https:\/\/udruga-106br.hr\/index.php\/juznoj-obilaznici-grada-osijeka-odreden-naziv-obilaznica-106-brigade-zng-rh\/","title":{"rendered":"Ju\u017enoj obilaznici Grada Osijeka odre\u0111en naziv Obilaznica 106. brigade ZNG RH"},"content":{"rendered":"<p style=\"text-align: center;\"><strong>Ju\u017ena obilaznica postala je spomen na 106. brigadu ZNG RH<\/strong><\/p>\n<p><img loading=\"lazy\" decoding=\"async\" class=\"aligncenter size-full wp-image-966\" src=\"https:\/\/udruga-106br.hr\/wp-content\/uploads\/2019\/12\/Udruga_106br-1.jpg\" alt=\"\" width=\"599\" height=\"849\" srcset=\"https:\/\/udruga-106br.hr\/wp-content\/uploads\/2019\/12\/Udruga_106br-1.jpg 599w, https:\/\/udruga-106br.hr\/wp-content\/uploads\/2019\/12\/Udruga_106br-1-212x300.jpg 212w\" sizes=\"auto, (max-width: 599px) 100vw, 599px\" \/><\/p>\n<p style=\"text-align: center;\">U \u010dast trajnog sje\u0107anja na 174 poginula branitelja 106. brigade ZNG RH, prije tri godine pokrenuli smo inicijativu da se ju\u017ena osje\u010dka obilaznica preimenuje u <strong>&#8220;Aveniju 106. brigade ZNG RH&#8221;.<\/strong><\/p>\n<p style=\"text-align: center;\">Prijedlog se krajem studenoga 2019. godine na\u0161ao i pred vije\u0107nicima Gradskog vije\u0107a koji su ga usvojili tek uz iznimku da se predlo\u017eeni naziv avenija izmjeni u obilaznica. Obilaznica prolazi cijelom du\u017einom grada, 23 kilometra i pravo je mjesto za podsje\u0107anje i trajno promicanje istine o vrijednostima Domovinskog rata kao povijesne \u010dinjenice.<\/p>\n<p style=\"text-align: center;\"><strong>DA SE NE ZABORAVI<\/strong><\/p>\n<p>&nbsp;<\/p>\n<p>&nbsp;<\/p>\n<p>&nbsp;<\/p>\n<p>&nbsp;<\/p>\n<p>&nbsp;<\/p>\n<p>&nbsp;<\/p>\n<!-- AddThis Advanced Settings generic via filter on the_content --><!-- AddThis Share Buttons generic via filter on the_content -->","protected":false},"excerpt":{"rendered":"<p>Ju\u017ena obilaznica postala je spomen na 106. brigadu ZNG RH U \u010dast trajnog sje\u0107anja na 174 poginula branitelja 106. brigade ZNG RH, prije tri godine pokrenuli smo inicijativu da se ju\u017ena osje\u010dka obilaznica preimenuje u &#8220;Aveniju 106. brigade ZNG RH&#8221;. Prijedlog se krajem studenoga 2019. godine na\u0161ao i pred vije\u0107nicima Gradskog vije\u0107a koji su ga &hellip; <a href=\"https:\/\/udruga-106br.hr\/index.php\/juznoj-obilaznici-grada-osijeka-odreden-naziv-obilaznica-106-brigade-zng-rh\/\" class=\"more-link\">Nastavi \u010ditati <span class=\"screen-reader-text\">Ju\u017enoj obilaznici Grada Osijeka odre\u0111en naziv Obilaznica 106. brigade ZNG RH<\/span><\/a><!-- AddThis Advanced Settings generic via filter on get_the_excerpt --><!-- AddThis Share Buttons generic via filter on get_the_excerpt --><\/p>\n","protected":false},"author":2,"featured_media":963,"comment_status":"open","ping_status":"open","sticky":false,"template":"","format":"standard","meta":{"footnotes":""},"categories":[32],"tags":[],"class_list":["post-962","post","type-post","status-publish","format-standard","has-post-thumbnail","hentry","category-iz-zivota-udruge"],"_links":{"self":[{"href":"https:\/\/udruga-106br.hr\/index.php\/wp-json\/wp\/v2\/posts\/962","targetHints":{"allow":["GET"]}}],"collection":[{"href":"https:\/\/udruga-106br.hr\/index.php\/wp-json\/wp\/v2\/posts"}],"about":[{"href":"https:\/\/udruga-106br.hr\/index.php\/wp-json\/wp\/v2\/types\/post"}],"author":[{"embeddable":true,"href":"https:\/\/udruga-106br.hr\/index.php\/wp-json\/wp\/v2\/users\/2"}],"replies":[{"embeddable":true,"href":"https:\/\/udruga-106br.hr\/index.php\/wp-json\/wp\/v2\/comments?post=962"}],"version-history":[{"count":1,"href":"https:\/\/udruga-106br.hr\/index.php\/wp-json\/wp\/v2\/posts\/962\/revisions"}],"predecessor-version":[{"id":967,"href":"https:\/\/udruga-106br.hr\/index.php\/wp-json\/wp\/v2\/posts\/962\/revisions\/967"}],"wp:featuredmedia":[{"embeddable":true,"href":"https:\/\/udruga-106br.hr\/index.php\/wp-json\/wp\/v2\/media\/963"}],"wp:attachment":[{"href":"https:\/\/udruga-106br.hr\/index.php\/wp-json\/wp\/v2\/media?parent=962"}],"wp:term":[{"taxonomy":"category","embeddable":true,"href":"https:\/\/udruga-106br.hr\/index.php\/wp-json\/wp\/v2\/categories?post=962"},{"taxonomy":"post_tag","embeddable":true,"href":"https:\/\/udruga-106br.hr\/index.php\/wp-json\/wp\/v2\/tags?post=962"}],"curies":[{"name":"wp","href":"https:\/\/api.w.org\/{rel}","templated":true}]}}